{"id":37100,"date":"2023-06-02T11:17:10","date_gmt":"2023-06-02T16:17:10","guid":{"rendered":"https:\/\/esreviral.com\/?p=37100"},"modified":"2023-06-02T11:17:11","modified_gmt":"2023-06-02T16:17:11","slug":"aguinaldo-seis-datos-a-tener-en-cuenta-antes-de-cobrarlo","status":"publish","type":"post","link":"https:\/\/esreviral.com\/?p=37100","title":{"rendered":"Aguinaldo: seis datos a tener en cuenta antes de cobrarlo"},"content":{"rendered":"\n<p>Es junio y los\u00a0<strong>trabajadores<\/strong>\u00a0en relaci\u00f3n de dependencia, tanto del sector privado y p\u00fablico, as\u00ed como de\u00a0jubilados y pensionados, esperan el pago del<strong>\u00a0Sueldo Anual Complementario<\/strong>\u00a0(SAC), m\u00e1s conocido como\u00a0<strong>aguinaldo<\/strong>.<\/p>\n\n\n\n<p>En un contexto de\u00a0<strong>alta inflaci\u00f3n<\/strong>, empiezan a surgir inquietudes sobre su pago y c\u00f3mo calcularlo. A continuaci\u00f3n, los seis datos a saber antes de cobrar el aguinaldo.<\/p>\n\n\n\n<p><strong><mark style=\"background-color:rgba(0, 0, 0, 0)\" class=\"has-inline-color has-vivid-red-color\">1. Cu\u00e1ndo se cobra el aguinaldo en la Argentina<\/mark><\/strong><\/p>\n\n\n\n<p>El <strong>aguinaldo<\/strong> es un sueldo extra anual, que\u00a0<strong>se divide en dos partes<\/strong>:una se paga en<strong>\u00a0junio<\/strong>\u00a0y otra en\u00a0<strong>diciembre<\/strong>. Por eso es com\u00fan escuchar la expresi\u00f3n \u201cmedio aguinaldo\u201d para hacer referencia a cada uno de esos pagos.<\/p>\n\n\n\n<ul class=\"wp-block-list\">\n<li>De acuerdo con la ley 27.073, el&nbsp;<strong>primer pago&nbsp;<\/strong>del SAC se deber\u00e1 realizar hasta el<strong>&nbsp;30 de junio<\/strong>.<\/li>\n\n\n\n<li>Sin embargo, ese plazo puede extender hasta cuatro d\u00edas h\u00e1biles, por lo que este a\u00f1o podr\u00e1 pagarse hasta el<strong>&nbsp;6 de julio<\/strong>.<\/li>\n<\/ul>\n\n\n\n<p>2. C\u00f3mo se calcula el aguinaldo<\/p>\n\n\n\n<p>Cada medio aguinaldo es equivalente al 50%<strong>&nbsp;de la mayor remuneraci\u00f3n mensual&nbsp;<\/strong>por todo concepto dentro del semestre en que se liquida. Para ese c\u00e1lculo, se tienen en cuenta las horas extra y se excluye todo lo \u201cno remunerativo\u201d, como la ropa de trabajo.<\/p>\n\n\n\n<p><strong><mark style=\"background-color:rgba(0, 0, 0, 0)\" class=\"has-inline-color has-vivid-red-color\">Se\u00a0calcula de la siguiente forma:<\/mark><\/strong><\/p>\n\n\n\n<ul class=\"wp-block-list\">\n<li><strong>Sobre el mejor sueldo bruto.<\/strong><\/li>\n\n\n\n<li>Se hacen los descuentos de jubilaci\u00f3n y obra social, entre otros.<\/li>\n\n\n\n<li>As\u00ed se llega a la suma\u00a0<strong>\u201cneta\u201d o de bolsillo<\/strong>.<\/li>\n<\/ul>\n\n\n\n<p><strong><mark style=\"background-color:rgba(0, 0, 0, 0)\" class=\"has-inline-color has-vivid-red-color\">3. \u00bfEl aguinaldo se calcula sobre el sueldo bruto o neto?<\/mark><\/strong><\/p>\n\n\n\n<p>Para los c\u00e1lculos del aguinaldo, todos los montos de referencia surgen del\u00a0<strong>salario bruto\u00a0<\/strong>y\u00a0<strong>no<\/strong>\u00a0del salario\u00a0<strong>neto\u00a0<\/strong>o sueldo de bolsillo.<\/p>\n\n\n\n<p><strong><mark style=\"background-color:rgba(0, 0, 0, 0)\" class=\"has-inline-color has-vivid-red-color\">4. Si trabaj\u00e9 menos de seis meses, \u00bfpuedo cobrar el aguinaldo?<\/mark><\/strong><\/p>\n\n\n\n<p>Si, aquellos empleados en relaci\u00f3n de dependencia que trabajaron menos de seis meses<strong>&nbsp;cobran&nbsp;<\/strong>aguinaldo. El empleador deber\u00e1 pagarle un&nbsp;<strong>proporcional<\/strong>&nbsp;a los d\u00edas trabajados.<\/p>\n\n\n\n<p><strong><mark style=\"background-color:rgba(0, 0, 0, 0)\" class=\"has-inline-color has-vivid-red-color\">5. \u00bfLos monotributistas pueden cobrar aguinaldo?<\/mark><\/strong><\/p>\n\n\n\n<p>No,\u00a0<strong>los\u00a0monotributistas y aut\u00f3nomos\u00a0no lo perciben<\/strong>\u00a0debido a que no se encuentran en relaci\u00f3n de dependencia.<\/p>\n\n\n\n<p>El\u00a0<strong>Sueldo Anual Complementario<\/strong>\u00a0est\u00e1 destinado a los trabajadores registrados y a quienes reciben una jubilaci\u00f3n o pensi\u00f3n de ANSES.<\/p>\n\n\n\n<p><strong><mark style=\"background-color:rgba(0, 0, 0, 0)\" class=\"has-inline-color has-vivid-red-color\">6. El Impuesto a las Ganancias, \u00bfc\u00f3mo afecta al aguinaldo?<\/mark><\/strong><\/p>\n\n\n\n<p>Desde mayo, el\u00a0<strong>nuevo piso para pagar el Impuesto a las Ganancias<\/strong>\u00a0de los trabajadores\u00a0<strong>en relaci\u00f3n de dependencia<\/strong>\u00a0es de\u00a0<strong>$506.230 brutos\u00a0<\/strong>mensuales.<\/p>\n\n\n\n<ul class=\"wp-block-list\">\n<li>Si el&nbsp;<strong>promedio<\/strong>&nbsp;de la remuneraci\u00f3n y\/o&nbsp;<strong>haber bruto mensual de 2023 supera los $506.230,<\/strong>&nbsp;entonces el SAC estar\u00e1 gravado por Ganancias.<\/li>\n\n\n\n<li>En cambio, si el promedio de los salarios\u00a0<strong>no supera los $506.230<\/strong>, entonces el SAC<strong>\u00a0estar\u00e1 exento hasta la suma de $253.115<\/strong>\u00a0(la mitad de $506.230).<\/li>\n<\/ul>\n\n\n\n<p class=\"has-text-align-right\"><strong><em>TN.-<\/em><\/strong><\/p>\n","protected":false},"excerpt":{"rendered":"<p>En junio se percibe la primera cuota del medio sueldo complementario y surgen algunas preguntas acerca de su pago y a qui\u00e9nes les corresponde.<\/p>\n","protected":false},"author":3,"featured_media":37101,"comment_status":"open","ping_status":"closed","sticky":false,"template":"","format":"standard","meta":{"jnews-multi-image_gallery":[],"jnews_single_post":{"subtitle":"","format":"standard","video":"","gallery":"","source_name":"","source_url":"","via_name":"","via_url":"","override_template":"0","override":[{"template":"4","single_blog_custom":"","parallax":"1","fullscreen":"1","layout":"right-sidebar","sidebar":"default-sidebar","second_sidebar":"default-sidebar","sticky_sidebar":"1","share_position":"top","share_float_style":"share-monocrhome","show_share_counter":"1","show_view_counter":"1","show_featured":"1","show_post_meta":"1","show_post_author":"1","show_post_author_image":"1","show_post_date":"1","post_date_format":"default","post_date_format_custom":"Y\/m\/d","show_post_category":"1","show_post_reading_time":"1","post_reading_time_wpm":"300","show_zoom_button":"1","zoom_button_out_step":"2","zoom_button_in_step":"3","show_post_tag":"1","show_prev_next_post":"1","show_popup_post":"1","number_popup_post":"1","show_author_box":"1","show_post_related":"1","show_inline_post_related":"0"}],"override_image_size":"0","image_override":[{"single_post_thumbnail_size":"crop-500","single_post_gallery_size":"crop-500"}],"trending_post":"0","trending_post_position":"meta","trending_post_label":"Trending","sponsored_post":"0","sponsored_post_label":"Sponsored by","sponsored_post_name":"","sponsored_post_url":"","sponsored_post_logo_enable":"0","sponsored_post_logo":"","sponsored_post_desc":"","disable_ad":"0"},"jnews_primary_category":{"id":"","hide":""},"jnews_social_meta":{"fb_title":"","fb_description":"","fb_image":"","twitter_title":"","twitter_description":"","twitter_image":""},"jnews_review":[],"enable_review":"0","type":"percentage","name":"","summary":"","brand":"","sku":"","good":[{"good_text":""}],"bad":[{"bad_text":""}],"score_override":"","override_value":"","rating":[{"rating_text":"","rating_number":"10"}],"price":[{"shop":"","price":"","link":"","icon":""}],"jnews_override_counter":{"override_view_counter":"0","view_counter_number":"0","override_share_counter":"0","share_counter_number":"0","override_like_counter":"0","like_counter_number":"0","override_dislike_counter":"0","dislike_counter_number":"0"},"jnews_post_split":{"enable_post_split":"0","post_split":[{"template":"1","tag":"h2","numbering":"asc","mode":"normal","first":"0","enable_toc":"0","toc_type":"normal"}]},"footnotes":""},"categories":[58,61],"tags":[5751,44,268,305,2350,45,997],"class_list":["post-37100","post","type-post","status-publish","format-standard","has-post-thumbnail","hentry","category-argentina","category-economia","tag-aguinaldo","tag-argentina","tag-inflacion","tag-jubilados","tag-monotributo","tag-noticias","tag-trabajadores"],"amp_enabled":true,"_links":{"self":[{"href":"https:\/\/esreviral.com\/index.php?rest_route=\/wp\/v2\/posts\/37100"}],"collection":[{"href":"https:\/\/esreviral.com\/index.php?rest_route=\/wp\/v2\/posts"}],"about":[{"href":"https:\/\/esreviral.com\/index.php?rest_route=\/wp\/v2\/types\/post"}],"author":[{"embeddable":true,"href":"https:\/\/esreviral.com\/index.php?rest_route=\/wp\/v2\/users\/3"}],"replies":[{"embeddable":true,"href":"https:\/\/esreviral.com\/index.php?rest_route=%2Fwp%2Fv2%2Fcomments&post=37100"}],"version-history":[{"count":0,"href":"https:\/\/esreviral.com\/index.php?rest_route=\/wp\/v2\/posts\/37100\/revisions"}],"wp:featuredmedia":[{"embeddable":true,"href":"https:\/\/esreviral.com\/index.php?rest_route=\/wp\/v2\/media\/37101"}],"wp:attachment":[{"href":"https:\/\/esreviral.com\/index.php?rest_route=%2Fwp%2Fv2%2Fmedia&parent=37100"}],"wp:term":[{"taxonomy":"category","embeddable":true,"href":"https:\/\/esreviral.com\/index.php?rest_route=%2Fwp%2Fv2%2Fcategories&post=37100"},{"taxonomy":"post_tag","embeddable":true,"href":"https:\/\/esreviral.com\/index.php?rest_route=%2Fwp%2Fv2%2Ftags&post=37100"}],"curies":[{"name":"wp","href":"https:\/\/api.w.org\/{rel}","templated":true}]}}