{"id":37083,"date":"2023-06-02T08:20:11","date_gmt":"2023-06-02T13:20:11","guid":{"rendered":"https:\/\/esreviral.com\/?p=37083"},"modified":"2023-06-02T08:20:12","modified_gmt":"2023-06-02T13:20:12","slug":"lula-da-silva-es-declarado-persona-no-grata-por-veppex","status":"publish","type":"post","link":"https:\/\/esreviral.com\/?p=37083","title":{"rendered":"Lula da Silva es declarado persona no grata\u00a0por Veppex"},"content":{"rendered":"\n<p>La <strong>Organizaci\u00f3n de Venezolanos Perseguidos Politicos en el Exilio<\/strong> (<strong>Veppex<\/strong>) declar\u00f3 el jueves persona non grata al presidente de\u00a0Brasil, Luiz In\u00e1cio Lula Da Silva, \u00abpor su constante apoyo al r\u00e9gimen tirano de Nicol\u00e1s Maduro\u00bb.<\/p>\n\n\n\n<p>En un comunicado, la organizaci\u00f3n calific\u00f3 de absoluta aberraci\u00f3n que el presidente de Brasil afirme esta semana que la situaci\u00f3n en Venezuela ha mejorado y que todo es producto de una narrativa negativa en contra de Maduro.<\/p>\n\n\n\n<p>El presidente Lula pretende ignorar muchos hechos que son p\u00fablicos y que demuestran el r\u00e9gimen que impera en Venezuela, como por ejemplo los 7 millones de venezolanos en el mundo y la existencia de cientos de presos pol\u00edticos, los cuales son una realidad que el presidente de Brasil pretende ignorar, se\u00f1al\u00f3 en la nota el titular de Veppex, Jos\u00e9 Antonio Colina.<\/p>\n\n\n\n<p>Maduro lleg\u00f3 a Brasil la noche del domingo para participar en una cumbre de mandatarios suramericanos convocada por Lula, que tuvo lugar el martes en Brasilia, y a su arribo fue recibido con todos los honores de un jefe de Estado.<\/p>\n\n\n\n<p>Tras una reuni\u00f3n entre ambos mandatarios ocurrida el lunes, Lula atribuy\u00f3 las denuncias sobre violaciones de los derechos humanos y a la democracia en Venezuela a una construcci\u00f3n narrativa, una aseveraci\u00f3n que ha sido criticada por l\u00edderes de la oposici\u00f3n en Brasil e incluso por algunos oficialistas.<\/p>\n\n\n\n<p>Igualmente fue criticada por algunos de los participantes de la cumbre de presidentes de Suram\u00e9rica convocada por\u00a0Lula\u00a0y que se celebr\u00f3 el martes en Brasilia, como el izquierdista Gabriel Boric, mandatario de Chile, y el derechista Luis Lacalle Pou, de Uruguay, que p\u00fablicamente refutaron que la situaci\u00f3n de derechos humanos en Venezuela sea una \u00abnarrativa\u00bb.<\/p>\n\n\n\n<p class=\"has-text-align-right\"><strong><em>ElNacional.-<\/em><\/strong><\/p>\n","protected":false},"excerpt":{"rendered":"<p>Durante la cumbre de mandatarios suramericanos, el presidente de Brasil atribuy\u00f3 las denuncias sobre violaciones de los derechos humanos y a la democracia en Venezuela a una construcci\u00f3n narrativa<\/p>\n","protected":false},"author":3,"featured_media":37084,"comment_status":"open","ping_status":"closed","sticky":false,"template":"","format":"standard","meta":{"jnews-multi-image_gallery":[],"jnews_single_post":{"subtitle":"","format":"standard","video":"","gallery":"","source_name":"","source_url":"","via_name":"","via_url":"","override_template":"0","override":[{"template":"4","single_blog_custom":"","parallax":"1","fullscreen":"1","layout":"right-sidebar","sidebar":"default-sidebar","second_sidebar":"default-sidebar","sticky_sidebar":"1","share_position":"top","share_float_style":"share-monocrhome","show_share_counter":"1","show_view_counter":"1","show_featured":"1","show_post_meta":"1","show_post_author":"1","show_post_author_image":"1","show_post_date":"1","post_date_format":"default","post_date_format_custom":"Y\/m\/d","show_post_category":"1","show_post_reading_time":"1","post_reading_time_wpm":"300","show_zoom_button":"1","zoom_button_out_step":"2","zoom_button_in_step":"3","show_post_tag":"1","show_prev_next_post":"1","show_popup_post":"1","number_popup_post":"1","show_author_box":"1","show_post_related":"1","show_inline_post_related":"0"}],"override_image_size":"0","image_override":[{"single_post_thumbnail_size":"crop-500","single_post_gallery_size":"crop-500"}],"trending_post":"0","trending_post_position":"meta","trending_post_label":"Trending","sponsored_post":"0","sponsored_post_label":"Sponsored by","sponsored_post_name":"","sponsored_post_url":"","sponsored_post_logo_enable":"0","sponsored_post_logo":"","sponsored_post_desc":"","disable_ad":"0"},"jnews_primary_category":{"id":"","hide":""},"jnews_social_meta":{"fb_title":"","fb_description":"","fb_image":"","twitter_title":"","twitter_description":"","twitter_image":""},"jnews_review":[],"enable_review":"0","type":"percentage","name":"","summary":"","brand":"","sku":"","good":[{"good_text":""}],"bad":[{"bad_text":""}],"score_override":"","override_value":"","rating":[{"rating_text":"","rating_number":"10"}],"price":[{"shop":"","price":"","link":"","icon":""}],"jnews_override_counter":{"override_view_counter":"0","view_counter_number":"0","override_share_counter":"0","share_counter_number":"0","override_like_counter":"0","like_counter_number":"0","override_dislike_counter":"0","dislike_counter_number":"0"},"jnews_post_split":{"enable_post_split":"0","post_split":[{"template":"1","tag":"h2","numbering":"asc","mode":"normal","first":"0","enable_toc":"0","toc_type":"normal"}]},"footnotes":""},"categories":[88],"tags":[227,3824,1068,45,10122,8605,56,10121],"class_list":["post-37083","post","type-post","status-publish","format-standard","has-post-thumbnail","hentry","category-internacionales","tag-brasil","tag-lula-da-silva","tag-nicolas-maduro","tag-noticias","tag-organizacion-de-venezolanos-perseguidos-politicos-en-el-exilio","tag-presidente-de-brasil-2","tag-venezuela","tag-veppex"],"amp_enabled":true,"_links":{"self":[{"href":"https:\/\/esreviral.com\/index.php?rest_route=\/wp\/v2\/posts\/37083"}],"collection":[{"href":"https:\/\/esreviral.com\/index.php?rest_route=\/wp\/v2\/posts"}],"about":[{"href":"https:\/\/esreviral.com\/index.php?rest_route=\/wp\/v2\/types\/post"}],"author":[{"embeddable":true,"href":"https:\/\/esreviral.com\/index.php?rest_route=\/wp\/v2\/users\/3"}],"replies":[{"embeddable":true,"href":"https:\/\/esreviral.com\/index.php?rest_route=%2Fwp%2Fv2%2Fcomments&post=37083"}],"version-history":[{"count":0,"href":"https:\/\/esreviral.com\/index.php?rest_route=\/wp\/v2\/posts\/37083\/revisions"}],"wp:featuredmedia":[{"embeddable":true,"href":"https:\/\/esreviral.com\/index.php?rest_route=\/wp\/v2\/media\/37084"}],"wp:attachment":[{"href":"https:\/\/esreviral.com\/index.php?rest_route=%2Fwp%2Fv2%2Fmedia&parent=37083"}],"wp:term":[{"taxonomy":"category","embeddable":true,"href":"https:\/\/esreviral.com\/index.php?rest_route=%2Fwp%2Fv2%2Fcategories&post=37083"},{"taxonomy":"post_tag","embeddable":true,"href":"https:\/\/esreviral.com\/index.php?rest_route=%2Fwp%2Fv2%2Ftags&post=37083"}],"curies":[{"name":"wp","href":"https:\/\/api.w.org\/{rel}","templated":true}]}}