{"id":37067,"date":"2023-06-02T07:40:51","date_gmt":"2023-06-02T12:40:51","guid":{"rendered":"https:\/\/esreviral.com\/?p=37067"},"modified":"2023-06-05T08:26:10","modified_gmt":"2023-06-05T13:26:10","slug":"aumenta-la-tarifa-del-subte-desde-el-lunes-5-de-junio-cuanto-habra-que-pagar","status":"publish","type":"post","link":"https:\/\/esreviral.com\/?p=37067","title":{"rendered":"Aumenta la tarifa del subte desde este lunes 5 de junio: cu\u00e1nto habr\u00e1 que pagar"},"content":{"rendered":"\n<p>A partir de este lunes 5 de junio,&nbsp;<strong>viajar en&nbsp;subte&nbsp;es m\u00e1s caro<\/strong>. La tarifa pasa a costar&nbsp;<strong>$74<\/strong>. Se trata del tercer aumento previsto para 2023, en una serie que llevar\u00e1 el valor del pasaje a<strong>&nbsp;$80 en octubre<\/strong>.<\/p>\n\n\n\n<p>La decisi\u00f3n fue aprobada mediante la resoluci\u00f3n 5, publicada en febrero en el bolet\u00edn porte\u00f1o. Desde SBASE se\u00f1alaron que \u201cla<strong>&nbsp;actualizaci\u00f3n permitir\u00e1 reducir el subsidio<\/strong>, que en este momento es muy superior al promedio hist\u00f3rico (86% frente al 60%)\u201d.<\/p>\n\n\n\n<p>El incremento se da luego de que el 1\u00b0 de junio comenz\u00f3 a regir un&nbsp;<strong>nuevo aumento en la tarifa del transporte p\u00fablico de pasajeros<\/strong> en el \u00c1rea Metropolitana de Buenos Aires (<strong>AMBA<\/strong>), por el que el boleto de colectivos y trenes es<strong>&nbsp;8,6% m\u00e1s caro<\/strong>&nbsp;que en mayo.<\/p>\n\n\n\n<p><strong><em><mark style=\"background-color:rgba(0, 0, 0, 0)\" class=\"has-inline-color has-vivid-red-color\">Lea Tambi\u00e9n: <a href=\"https:\/\/esreviral.com\/cuales-son-los-aumentos-programados-para-junio\/\" data-type=\"URL\" data-id=\"https:\/\/esreviral.com\/cuales-son-los-aumentos-programados-para-junio\/\">Cu\u00e1les son los aumentos programados para junio<\/a><\/mark><\/em><\/strong><\/p>\n\n\n\n<p><strong><mark style=\"background-color:rgba(0, 0, 0, 0)\" class=\"has-inline-color has-vivid-red-color\">Aumento del subte: cu\u00e1nto cuesta viajar desde el 5 de junio<\/mark><\/strong><\/p>\n\n\n\n<p>De esta manera, desde este lunes 5 de junio, el boleto de subte porte\u00f1o&nbsp;<strong>aumenta $7<\/strong>:<\/p>\n\n\n\n<ul class=\"wp-block-list\">\n<li><strong>Subte<\/strong>: el boleto sale&nbsp;<strong>$74;<\/strong><\/li>\n\n\n\n<li><strong>Premetro<\/strong>: la tarifa vale&nbsp;<strong>$26<\/strong>.<\/li>\n<\/ul>\n\n\n\n<p><\/p>\n\n\n\n<figure class=\"wp-block-image size-large\"><img fetchpriority=\"high\" decoding=\"async\" width=\"1024\" height=\"576\" src=\"https:\/\/esreviral.com\/wp-content\/uploads\/2023\/06\/AnyConv.com__IOEJJNOSKZHRJH75IWKTBEK4ZI-1024x576.webp\" alt=\"\" class=\"wp-image-37068\" srcset=\"https:\/\/esreviral.com\/wp-content\/uploads\/2023\/06\/AnyConv.com__IOEJJNOSKZHRJH75IWKTBEK4ZI-1024x576.webp 1024w, https:\/\/esreviral.com\/wp-content\/uploads\/2023\/06\/AnyConv.com__IOEJJNOSKZHRJH75IWKTBEK4ZI-300x169.webp 300w, https:\/\/esreviral.com\/wp-content\/uploads\/2023\/06\/AnyConv.com__IOEJJNOSKZHRJH75IWKTBEK4ZI-768x432.webp 768w, https:\/\/esreviral.com\/wp-content\/uploads\/2023\/06\/AnyConv.com__IOEJJNOSKZHRJH75IWKTBEK4ZI-750x422.webp 750w, https:\/\/esreviral.com\/wp-content\/uploads\/2023\/06\/AnyConv.com__IOEJJNOSKZHRJH75IWKTBEK4ZI-1140x641.webp 1140w, https:\/\/esreviral.com\/wp-content\/uploads\/2023\/06\/AnyConv.com__IOEJJNOSKZHRJH75IWKTBEK4ZI.webp 1440w\" sizes=\"(max-width: 1024px) 100vw, 1024px\" \/><\/figure>\n\n\n\n<p><\/p>\n\n\n\n<p><strong><mark style=\"background-color:rgba(0, 0, 0, 0)\" class=\"has-inline-color has-vivid-red-color\">Cu\u00e1ndo ser\u00e1n las pr\u00f3ximas subas de la tarifa del Subte<\/mark><\/strong><\/p>\n\n\n\n<p>En febrero, se acord\u00f3 que la&nbsp;<strong>actualizaci\u00f3n tarifaria<\/strong>&nbsp;se llevar\u00eda adelante en cuatro tramos. Este sistema comenz\u00f3 a regir en marzo y en junio ser\u00e1 la tercera suba.<\/p>\n\n\n\n<p>El \u00faltimo aumento, se aplicar\u00e1 de la siguiente manera:<\/p>\n\n\n\n<ul class=\"wp-block-list\">\n<li><strong>Septiembre:&nbsp;<\/strong>el boleto en el subterr\u00e1neo costar\u00e1<strong>&nbsp;$80&nbsp;<\/strong>y $28 para el Premetro.<\/li>\n<\/ul>\n\n\n\n<p><mark style=\"background-color:rgba(0, 0, 0, 0)\" class=\"has-inline-color has-vivid-red-color\"><strong><em><\/em><\/strong><\/mark><\/p>\n\n\n\n<p><strong><mark style=\"background-color:rgba(0, 0, 0, 0)\" class=\"has-inline-color has-vivid-red-color\">Qu\u00e9 beneficios siguen vigentes en la tarifa del Subte<\/mark><\/strong><\/p>\n\n\n\n<p>M\u00e1s all\u00e1 del aumento, para el servicio subte contin\u00faa vigente el descuento de la Red SUBE y el beneficio para pasajeros frecuentes, con&nbsp;<strong>descuentos del 20%, 30% y 40%&nbsp;<\/strong>que se aplican autom\u00e1ticamente una vez que se superen los 20, 30 o 40 viajes mensuales, respectivamente.<\/p>\n\n\n\n<p>En ese sentido, desde SBASE afirmaron que siguen en curso los<strong>&nbsp;pases gratuitos para jubilados y pensionados<\/strong>, personas con discapacidad, trasplantadas y en lista de espera. Este beneficio incluye tambi\u00e9n<strong>&nbsp;el boleto estudiantil<\/strong>, que no tiene costo, y los&nbsp;<strong>abonos sociales<\/strong>.<\/p>\n\n\n\n<p><strong><em><mark style=\"background-color:rgba(0, 0, 0, 0)\" class=\"has-inline-color has-vivid-red-color\">Lea Tambi\u00e9n: <\/mark><\/em><\/strong><\/p>\n\n\n\n<p class=\"has-text-align-right\"><strong><em>TN.-<\/em><\/strong><\/p>\n","protected":false},"excerpt":{"rendered":"<p>Se trata de la tercera suba de una serie de incrementos fijados hasta octubre. El boleto se encarece $7.<\/p>\n","protected":false},"author":3,"featured_media":37069,"comment_status":"open","ping_status":"closed","sticky":false,"template":"","format":"standard","meta":{"jnews-multi-image_gallery":[],"jnews_single_post":{"subtitle":"","format":"standard","video":"","gallery":"","source_name":"","source_url":"","via_name":"","via_url":"","override_template":"0","override":[{"template":"4","single_blog_custom":"","parallax":"1","fullscreen":"1","layout":"right-sidebar","sidebar":"default-sidebar","second_sidebar":"default-sidebar","sticky_sidebar":"1","share_position":"top","share_float_style":"share-monocrhome","show_share_counter":"1","show_view_counter":"1","show_featured":"1","show_post_meta":"1","show_post_author":"1","show_post_author_image":"1","show_post_date":"1","post_date_format":"default","post_date_format_custom":"Y\/m\/d","show_post_category":"1","show_post_reading_time":"1","post_reading_time_wpm":"300","show_zoom_button":"1","zoom_button_out_step":"2","zoom_button_in_step":"3","show_post_tag":"1","show_prev_next_post":"1","show_popup_post":"1","number_popup_post":"1","show_author_box":"1","show_post_related":"1","show_inline_post_related":"0"}],"override_image_size":"0","image_override":[{"single_post_thumbnail_size":"crop-500","single_post_gallery_size":"crop-500"}],"trending_post":"0","trending_post_position":"meta","trending_post_label":"Trending","sponsored_post":"0","sponsored_post_label":"Sponsored by","sponsored_post_name":"","sponsored_post_url":"","sponsored_post_logo_enable":"0","sponsored_post_logo":"","sponsored_post_desc":"","disable_ad":"0"},"jnews_primary_category":{"id":"","hide":""},"jnews_social_meta":{"fb_title":"","fb_description":"","fb_image":"","twitter_title":"","twitter_description":"","twitter_image":""},"jnews_review":[],"enable_review":"0","type":"percentage","name":"","summary":"","brand":"","sku":"","good":[{"good_text":""}],"bad":[{"bad_text":""}],"score_override":"","override_value":"","rating":[{"rating_text":"","rating_number":"10"}],"price":[{"shop":"","price":"","link":"","icon":""}],"jnews_override_counter":{"override_view_counter":"0","view_counter_number":"0","override_share_counter":"0","share_counter_number":"0","override_like_counter":"0","like_counter_number":"0","override_dislike_counter":"0","dislike_counter_number":"0"},"jnews_post_split":{"enable_post_split":"0","post_split":[{"template":"1","tag":"h2","numbering":"asc","mode":"normal","first":"0","enable_toc":"0","toc_type":"normal"}]},"footnotes":""},"categories":[61],"tags":[44,336,468,2604,45,10117,1865,10118,290,5535,10115,10116,316,274],"class_list":["post-37067","post","type-post","status-publish","format-standard","has-post-thumbnail","hentry","category-economia","tag-argentina","tag-aumento","tag-caba","tag-inflacion-y-precios","tag-noticias","tag-nueva-tarifa","tag-premetro","tag-servicio-subte","tag-subte","tag-subterraneos-de-buenos-aires","tag-tarifa-del-subte","tag-tarifa-del-transporte-publico","tag-tarifas","tag-transporte-publico"],"amp_enabled":true,"_links":{"self":[{"href":"https:\/\/esreviral.com\/index.php?rest_route=\/wp\/v2\/posts\/37067"}],"collection":[{"href":"https:\/\/esreviral.com\/index.php?rest_route=\/wp\/v2\/posts"}],"about":[{"href":"https:\/\/esreviral.com\/index.php?rest_route=\/wp\/v2\/types\/post"}],"author":[{"embeddable":true,"href":"https:\/\/esreviral.com\/index.php?rest_route=\/wp\/v2\/users\/3"}],"replies":[{"embeddable":true,"href":"https:\/\/esreviral.com\/index.php?rest_route=%2Fwp%2Fv2%2Fcomments&post=37067"}],"version-history":[{"count":0,"href":"https:\/\/esreviral.com\/index.php?rest_route=\/wp\/v2\/posts\/37067\/revisions"}],"wp:featuredmedia":[{"embeddable":true,"href":"https:\/\/esreviral.com\/index.php?rest_route=\/wp\/v2\/media\/37069"}],"wp:attachment":[{"href":"https:\/\/esreviral.com\/index.php?rest_route=%2Fwp%2Fv2%2Fmedia&parent=37067"}],"wp:term":[{"taxonomy":"category","embeddable":true,"href":"https:\/\/esreviral.com\/index.php?rest_route=%2Fwp%2Fv2%2Fcategories&post=37067"},{"taxonomy":"post_tag","embeddable":true,"href":"https:\/\/esreviral.com\/index.php?rest_route=%2Fwp%2Fv2%2Ftags&post=37067"}],"curies":[{"name":"wp","href":"https:\/\/api.w.org\/{rel}","templated":true}]}}