{"id":36994,"date":"2023-06-01T09:27:39","date_gmt":"2023-06-01T14:27:39","guid":{"rendered":"https:\/\/esreviral.com\/?p=36994"},"modified":"2023-06-01T09:39:41","modified_gmt":"2023-06-01T14:39:41","slug":"detuvieron-en-uruguay-a-un-empresario-argentino-acusado-de-lavar-dinero-para-un-cartel-mexicano","status":"publish","type":"post","link":"https:\/\/esreviral.com\/?p=36994","title":{"rendered":"Detuvieron en Uruguay a un empresario argentino acusado de lavar dinero para un cartel mexicano"},"content":{"rendered":"\n<p>La Organizaci\u00f3n Internacional de Polic\u00eda Criminal (<strong>Interpol<\/strong>)\u00a0<strong>detuvo\u00a0<\/strong>en\u00a0<strong>Uruguay a un empresario argentino acusado de lavar dinero para el c\u00e1rtel mexicano Jalisco Nueva Generaci\u00f3n<\/strong>, uno de los m\u00e1s peligrosos de ese pa\u00eds. El sospechoso, de 72 a\u00f1os, identificado como\u00a0<strong>\u00d3scar Gilberto Calvete Voz de Sousa<\/strong>, fue aprehendido el martes en la ciudad de Maldonado, donde permanecer\u00e1 recluido hasta que se eval\u00faa su extradici\u00f3n a la Argentina.<\/p>\n\n\n\n<p>Seg\u00fan el sitio local\u00a0<em>Subrayado<\/em>, el detenido est\u00e1\u00a0<strong>vinculado al narco mexicano\u00a0Gerardo Gonz\u00e1lez Valencia<\/strong>, el l\u00edder de \u201cLos Cuinis\u201d, la organizaci\u00f3n que era el brazo financiero de Jalisco Nueva Generaci\u00f3n. Este \u00faltimo hab\u00eda sido detenido tambi\u00e9n en Uruguay, en 2016, y fue extraditado en 2020 a los Estados Unidos, donde se declar\u00f3 culpable de\u00a0<strong>conspiraci\u00f3n para el tr\u00e1fico internacional de coca\u00edna<\/strong>.<\/p>\n\n\n\n<p>Calvete Voz de Sousa, por su parte,&nbsp;<strong>llevaba a\u00f1os viviendo en Punta del Este sin realizar actividad espec\u00edfica<\/strong>. Sobre \u00e9l pesaba un pedido de captura internacional en el marco de una causa que se sigue en su contra en la Argentina por el delito de&nbsp;<strong>lavado de activos&nbsp;<\/strong>del c\u00e1rtel mexicano.<\/p>\n\n\n\n<p>De acuerdo con fuentes judiciales,&nbsp;<strong>se sospecha que el empresario recib\u00eda dinero de la organizaci\u00f3n criminal y lo invert\u00eda en bienes como testaferro de Gonz\u00e1lez Valencia<\/strong>. La plata le llegaba a trav\u00e9s de transferencias bancarias y de dep\u00f3sitos en efectivo de montos elevados, maniobra que se realizaba desde 2008 y permit\u00eda insertar en el mercado local el dinero obtenido por el tr\u00e1fico de drogas.<\/p>\n\n\n\n<p>A partir de su captura esta semana, la Justicia resolvi\u00f3 el\u00a0<strong>arresto administrativo de Calvete Voz de Sousa en Uruguay por 30 d\u00edas, hasta que se resuelva la extradici\u00f3n\u00a0<\/strong>para cumplir una pena m\u00e1xima de hasta 12 a\u00f1os.<\/p>\n\n\n\n<p><strong><mark style=\"background-color:rgba(0, 0, 0, 0)\" class=\"has-inline-color has-vivid-red-color\">Otros argentinos vinculados con Gonz\u00e1lez Valencia<\/mark><\/strong><\/p>\n\n\n\n<p>La Justicia argentina\u00a0investiga la pata local del cartel de drogas mexicano Jalisco Nueva Generaci\u00f3n desde a\u00f1os. En ese marco,\u00a0<strong>fiscales federales pidieron en 2022 que sean llevados a juicio dos argentinos que participaron de las operatorias de lavado de dinero \u201cLos Cuinis<\/strong>\u201d.<\/p>\n\n\n\n<p>Seg\u00fan inform\u00f3 el Ministerio P\u00fablico, \u201cen una presentaci\u00f3n conjunta, los titulares de la fiscal\u00eda federal N\u00b01 de Mor\u00f3n y de la Direcci\u00f3n General de Recuperaci\u00f3n de Activos y Decomiso de Bienes (Dgradb), Sebasti\u00e1n Basso y Mar\u00eda del Carmen Chena, respectivamente, le solicitaron al responsable del Juzgado Federal N\u00b03 de esa jurisdicci\u00f3n, Elvidio Portocarrero Tezanos Pinto, la elevaci\u00f3n a juicio parcial de la investigaci\u00f3n seguida contra dos ciudadanos argentinos como&nbsp;<strong>part\u00edcipes necesarios del delito de lavado de activos agravado por ser realizado por una asociaci\u00f3n formada para la comisi\u00f3n continuada de hechos de esa naturaleza\u201d<\/strong>. Tal como en el caso de Calvete Voz de Sousa, consideraron que los dos imputados habr\u00edan desplegado&nbsp;<strong>maniobras para introducir en el mercado legal dinero proveniente del brazo financiero del cartel mexicano de Jalisco Nueva Generaci\u00f3n<\/strong>.<\/p>\n\n\n\n<p>Por entonces, los investigadores indicaron que las acitvidades aludidas se desarrollaron&nbsp;<strong>entre 2008 y 2012<\/strong>, \u201ccuando&nbsp;<strong>gran parte de los integrantes de la organizaci\u00f3n abandonaron la Argentina o fueron detenidos en Uruguay\u201d Tal fue el caso de Gerardo Gonz\u00e1lez Valencia<\/strong>, hermano del l\u00edder de la organizaci\u00f3n narcocriminal,&nbsp;<strong>quien habr\u00eda reclutado a los dos ciudadanos argentinos&nbsp;<\/strong>a quienes se pidi\u00f3 llevar a juicio el a\u00f1o pasado.<\/p>\n\n\n\n<p class=\"has-text-align-right\"><strong><em>LN.-<\/em><\/strong><\/p>\n","protected":false},"excerpt":{"rendered":"<p>\u00d3scar Gilberto Calvete Voz de Sousa ten\u00eda pedido de captura internacional y fue detenido en Uruguay, donde resid\u00eda hace algunos a\u00f1os. Lo acusan de tener v\u00ednculos con el jefe de la banda narco apodada \u201cLos Cuinis\u201d.<\/p>\n","protected":false},"author":3,"featured_media":36995,"comment_status":"open","ping_status":"closed","sticky":false,"template":"","format":"standard","meta":{"jnews-multi-image_gallery":[],"jnews_single_post":{"subtitle":"","format":"standard","video":"","gallery":"","source_name":"","source_url":"","via_name":"","via_url":"","override_template":"0","override":[{"template":"4","single_blog_custom":"","parallax":"1","fullscreen":"1","layout":"right-sidebar","sidebar":"default-sidebar","second_sidebar":"default-sidebar","sticky_sidebar":"1","share_position":"top","share_float_style":"share-monocrhome","show_share_counter":"1","show_view_counter":"1","show_featured":"1","show_post_meta":"1","show_post_author":"1","show_post_author_image":"1","show_post_date":"1","post_date_format":"default","post_date_format_custom":"Y\/m\/d","show_post_category":"1","show_post_reading_time":"1","post_reading_time_wpm":"300","show_zoom_button":"1","zoom_button_out_step":"2","zoom_button_in_step":"3","show_post_tag":"1","show_prev_next_post":"1","show_popup_post":"1","number_popup_post":"1","show_author_box":"1","show_post_related":"1","show_inline_post_related":"0"}],"override_image_size":"0","image_override":[{"single_post_thumbnail_size":"crop-500","single_post_gallery_size":"crop-500"}],"trending_post":"0","trending_post_position":"meta","trending_post_label":"Trending","sponsored_post":"0","sponsored_post_label":"Sponsored by","sponsored_post_name":"","sponsored_post_url":"","sponsored_post_logo_enable":"0","sponsored_post_logo":"","sponsored_post_desc":"","disable_ad":"0"},"jnews_primary_category":{"id":"","hide":""},"jnews_social_meta":{"fb_title":"","fb_description":"","fb_image":"","twitter_title":"","twitter_description":"","twitter_image":""},"jnews_review":[],"enable_review":"0","type":"percentage","name":"","summary":"","brand":"","sku":"","good":[{"good_text":""}],"bad":[{"bad_text":""}],"score_override":"","override_value":"","rating":[{"rating_text":"","rating_number":"10"}],"price":[{"shop":"","price":"","link":"","icon":""}],"jnews_override_counter":{"override_view_counter":"0","view_counter_number":"0","override_share_counter":"0","share_counter_number":"0","override_like_counter":"0","like_counter_number":"0","override_dislike_counter":"0","dislike_counter_number":"0"},"jnews_post_split":{"enable_post_split":"0","post_split":[{"template":"1","tag":"h2","numbering":"asc","mode":"normal","first":"0","enable_toc":"0","toc_type":"normal"}]},"footnotes":""},"categories":[58,64],"tags":[44,10083,10084,3235,10085,45,3710],"class_list":["post-36994","post","type-post","status-publish","format-standard","has-post-thumbnail","hentry","category-argentina","category-sucesos","tag-argentina","tag-cartel-mexicano","tag-empresario-argentino","tag-lavado-de-dinero","tag-narco","tag-noticias","tag-punta-del-este"],"amp_enabled":true,"_links":{"self":[{"href":"https:\/\/esreviral.com\/index.php?rest_route=\/wp\/v2\/posts\/36994"}],"collection":[{"href":"https:\/\/esreviral.com\/index.php?rest_route=\/wp\/v2\/posts"}],"about":[{"href":"https:\/\/esreviral.com\/index.php?rest_route=\/wp\/v2\/types\/post"}],"author":[{"embeddable":true,"href":"https:\/\/esreviral.com\/index.php?rest_route=\/wp\/v2\/users\/3"}],"replies":[{"embeddable":true,"href":"https:\/\/esreviral.com\/index.php?rest_route=%2Fwp%2Fv2%2Fcomments&post=36994"}],"version-history":[{"count":0,"href":"https:\/\/esreviral.com\/index.php?rest_route=\/wp\/v2\/posts\/36994\/revisions"}],"wp:featuredmedia":[{"embeddable":true,"href":"https:\/\/esreviral.com\/index.php?rest_route=\/wp\/v2\/media\/36995"}],"wp:attachment":[{"href":"https:\/\/esreviral.com\/index.php?rest_route=%2Fwp%2Fv2%2Fmedia&parent=36994"}],"wp:term":[{"taxonomy":"category","embeddable":true,"href":"https:\/\/esreviral.com\/index.php?rest_route=%2Fwp%2Fv2%2Fcategories&post=36994"},{"taxonomy":"post_tag","embeddable":true,"href":"https:\/\/esreviral.com\/index.php?rest_route=%2Fwp%2Fv2%2Ftags&post=36994"}],"curies":[{"name":"wp","href":"https:\/\/api.w.org\/{rel}","templated":true}]}}