{"id":36897,"date":"2023-05-31T09:42:56","date_gmt":"2023-05-31T14:42:56","guid":{"rendered":"https:\/\/esreviral.com\/?p=36897"},"modified":"2023-05-31T09:43:01","modified_gmt":"2023-05-31T14:43:01","slug":"asesino-asesino-gritan-diputados-de-brasil-ante-la-presencia-de-maduro-video","status":"publish","type":"post","link":"https:\/\/esreviral.com\/?p=36897","title":{"rendered":"\u00abAsesino, asesino\u00bb, gritan diputados de Brasil ante la presencia de Maduro (+VIDEO)"},"content":{"rendered":"\n<p>Un grupo de diputados opositores al Gobierno de Luis Inacio Lula Da Silva, protagonizaron un esc\u00e1ndalo en el parlamento nacional para rechazar la presencia de Nicol\u00e1s Maduro en Brasil. <\/p>\n\n\n\n<p>Los diputados se unieron con el grito: \u00abasesino, asesino\u00bb, en referencia al jefe de Gobierno venezolano, quien es acusado de ser violador de derechos humanos. <\/p>\n\n\n\n<figure class=\"wp-block-embed is-type-rich is-provider-twitter wp-block-embed-twitter\"><div class=\"wp-block-embed__wrapper\">\n<blockquote class=\"twitter-tweet\" data-width=\"500\" data-dnt=\"true\"><p lang=\"es\" dir=\"ltr\"><a href=\"https:\/\/twitter.com\/hashtag\/31May?src=hash&amp;ref_src=twsrc%5Etfw\">#31May<\/a> <a href=\"https:\/\/twitter.com\/hashtag\/Brasil?src=hash&amp;ref_src=twsrc%5Etfw\">#Brasil<\/a> <a href=\"https:\/\/twitter.com\/hashtag\/CumbreSuramericana?src=hash&amp;ref_src=twsrc%5Etfw\">#CumbreSuramericana<\/a><br>&quot;Asesino, asesino, asesino&quot;, gritan parlamentarios en la C\u00e1mara de Diputados de Brasil en repudio a la presencia de Nicol\u00e1s Maduro en ese pa\u00eds &#8211; @turadioworld<a href=\"https:\/\/t.co\/r2T6P9TcZQ\">pic.twitter.com\/r2T6P9TcZQ<\/a><\/p>&mdash; Reporte Ya (@ReporteYa) <a href=\"https:\/\/twitter.com\/ReporteYa\/status\/1663898627595542529?ref_src=twsrc%5Etfw\">May 31, 2023<\/a><\/blockquote><script async src=\"https:\/\/platform.twitter.com\/widgets.js\" charset=\"utf-8\"><\/script>\n<\/div><\/figure>\n","protected":false},"excerpt":{"rendered":"<p>Un grupo de diputados opositores al Gobierno de Luis Inacio Lula Da Silva, protagonizaron un esc\u00e1ndalo en el parlamento nacional para rechazar la presencia de Nicol\u00e1s Maduro en Brasil. Los diputados se unieron con el grito: \u00abasesino, asesino\u00bb, en referencia al jefe de Gobierno venezolano, quien es acusado de ser violador de derechos humanos.<\/p>\n","protected":false},"author":2,"featured_media":36898,"comment_status":"open","ping_status":"closed","sticky":false,"template":"","format":"standard","meta":{"jnews-multi-image_gallery":[],"jnews_single_post":{"subtitle":"","format":"standard","video":"","gallery":"","source_name":"","source_url":"","via_name":"","via_url":"","override_template":"0","override":[{"template":"4","single_blog_custom":"","parallax":"1","fullscreen":"1","layout":"right-sidebar","sidebar":"default-sidebar","second_sidebar":"default-sidebar","sticky_sidebar":"1","share_position":"top","share_float_style":"share-monocrhome","show_share_counter":"1","show_view_counter":"1","show_featured":"1","show_post_meta":"1","show_post_author":"1","show_post_author_image":"1","show_post_date":"1","post_date_format":"default","post_date_format_custom":"Y\/m\/d","show_post_category":"1","show_post_reading_time":"1","post_reading_time_wpm":"300","show_zoom_button":"1","zoom_button_out_step":"2","zoom_button_in_step":"3","show_post_tag":"1","show_prev_next_post":"1","show_popup_post":"1","number_popup_post":"1","show_author_box":"1","show_post_related":"1","show_inline_post_related":"0"}],"override_image_size":"0","image_override":[{"single_post_thumbnail_size":"crop-500","single_post_gallery_size":"crop-500"}],"trending_post":"0","trending_post_position":"meta","trending_post_label":"Trending","sponsored_post":"0","sponsored_post_label":"Sponsored by","sponsored_post_name":"","sponsored_post_url":"","sponsored_post_logo_enable":"0","sponsored_post_logo":"","sponsored_post_desc":"","disable_ad":"0"},"jnews_primary_category":{"id":"","hide":""},"jnews_social_meta":{"fb_title":"","fb_description":"","fb_image":"","twitter_title":"","twitter_description":"","twitter_image":""},"jnews_review":[],"enable_review":"0","type":"percentage","name":"","summary":"","brand":"","sku":"","good":[{"good_text":""}],"bad":[{"bad_text":""}],"score_override":"","override_value":"","rating":[{"rating_text":"","rating_number":"10"}],"price":[{"shop":"","price":"","link":"","icon":""}],"jnews_override_counter":{"override_view_counter":"0","view_counter_number":"0","override_share_counter":"0","share_counter_number":"0","override_like_counter":"0","like_counter_number":"0","override_dislike_counter":"0","dislike_counter_number":"0"},"jnews_post_split":{"enable_post_split":"0","post_split":[{"template":"1","tag":"h2","numbering":"asc","mode":"normal","first":"0","enable_toc":"0","toc_type":"normal"}]},"footnotes":""},"categories":[88,59],"tags":[227,3824,1068,45,3825],"class_list":["post-36897","post","type-post","status-publish","format-standard","has-post-thumbnail","hentry","category-internacionales","category-politica","tag-brasil","tag-lula-da-silva","tag-nicolas-maduro","tag-noticias","tag-venezolanos-en-brasil"],"_links":{"self":[{"href":"https:\/\/esreviral.com\/index.php?rest_route=\/wp\/v2\/posts\/36897","targetHints":{"allow":["GET"]}}],"collection":[{"href":"https:\/\/esreviral.com\/index.php?rest_route=\/wp\/v2\/posts"}],"about":[{"href":"https:\/\/esreviral.com\/index.php?rest_route=\/wp\/v2\/types\/post"}],"author":[{"embeddable":true,"href":"https:\/\/esreviral.com\/index.php?rest_route=\/wp\/v2\/users\/2"}],"replies":[{"embeddable":true,"href":"https:\/\/esreviral.com\/index.php?rest_route=%2Fwp%2Fv2%2Fcomments&post=36897"}],"version-history":[{"count":0,"href":"https:\/\/esreviral.com\/index.php?rest_route=\/wp\/v2\/posts\/36897\/revisions"}],"wp:featuredmedia":[{"embeddable":true,"href":"https:\/\/esreviral.com\/index.php?rest_route=\/wp\/v2\/media\/36898"}],"wp:attachment":[{"href":"https:\/\/esreviral.com\/index.php?rest_route=%2Fwp%2Fv2%2Fmedia&parent=36897"}],"wp:term":[{"taxonomy":"category","embeddable":true,"href":"https:\/\/esreviral.com\/index.php?rest_route=%2Fwp%2Fv2%2Fcategories&post=36897"},{"taxonomy":"post_tag","embeddable":true,"href":"https:\/\/esreviral.com\/index.php?rest_route=%2Fwp%2Fv2%2Ftags&post=36897"}],"curies":[{"name":"wp","href":"https:\/\/api.w.org\/{rel}","templated":true}]}}