{"id":36738,"date":"2023-05-29T08:35:03","date_gmt":"2023-05-29T13:35:03","guid":{"rendered":"https:\/\/esreviral.com\/?p=36738"},"modified":"2023-05-29T08:35:04","modified_gmt":"2023-05-29T13:35:04","slug":"un-ciclista-murio-atropellado-cuando-circulaba-por-la-ruta-40","status":"publish","type":"post","link":"https:\/\/esreviral.com\/?p=36738","title":{"rendered":"Un ciclista muri\u00f3 atropellado cuando circulaba por la Ruta 40"},"content":{"rendered":"\n<p><strong>Un ciclista de 53 a\u00f1os muri\u00f3 en la madrugada del lunes<\/strong>\u00a0tras ser embestido por un automovilista en la Ruta 40, a la altura de la localidad de Pocito, en San Juan, cuando circulaba por un sector poco iluminado de la traza.<\/p>\n\n\n\n<p>El accidente ocurri\u00f3 a las 00.10, cuando un auto Volkswagen Fox blanco que iba en direcci\u00f3n Norte-Sur impact\u00f3 con contra el ciclista cuando se encontraba entre las calles Anacleto Gil y Callej\u00f3n La Florida, de la ruta nacional.<\/p>\n\n\n\n<p>Luego del impacto, personal m\u00e9dico se acerc\u00f3 para tratar de auxiliar a la v\u00edctima pero no pudo ser salvado.&nbsp;&nbsp;El conductor del veh\u00edculo, un hombre de 43 a\u00f1os oriundo de Mendoza, qued\u00f3 detenido.<\/p>\n\n\n\n<p>Seg\u00fan informaron fuentes de la UFI Delitos Especiales al diario El Tiempo de San Juan,&nbsp;<strong>la v\u00edctima era Juan Carlos Elizondo y era oriundo de Carpinter\u00eda de Pocito.<\/strong><\/p>\n\n\n\n<p>Este lunes por la ma\u00f1ana se realizaba una inspecci\u00f3n ocular de la zona del impacto para tratar de entender mejor la mec\u00e1nica del accidente.<\/p>\n\n\n\n<p><strong><mark style=\"background-color:rgba(0, 0, 0, 0)\" class=\"has-inline-color has-vivid-red-color\">Tragedia en una ruta en Santa Fe: cinco muertos en un choque entre un micro y un cami\u00f3n<\/mark><\/strong><\/p>\n\n\n\n<p>Cinco personas murieron y 14 resultaron heridas (tres de ellas, en grave estado) como consecuencia de un choque entre un \u00f3mnibus de larga distancia y un cami\u00f3n el viernes a la noche en el kil\u00f3metro 117 de la Ruta Nacional 34, en la provincia de Santa Fe.<\/p>\n\n\n\n<p>Las v\u00edctimas fatales eran Omar Orellana (51), Artemio del Valle Soria (80), Rosa Rojas (82), Elena del Carmen Montenegro (56) y Margarita Cinecia Heredia (76), confirm\u00f3 a Clar\u00edn este s\u00e1bado el Ministerio P\u00fablico Fiscal de Santa Fe.<\/p>\n\n\n\n<p><strong>Los cinco iban en el micro de la empresa de viajes&nbsp;<\/strong>y servicios tur\u00edsticos Torres Hermanos, de la provincia de Santiago del Estero, rumbo a la ciudad de Buenos Aires.<\/p>\n\n\n\n<p>El fiscal de turno, Franciso Cecchini, de la Fiscal\u00eda General Regional N\u00b01 de Santa Fe, orden\u00f3 la extracci\u00f3n de sangre del conductor del cami\u00f3n, que result\u00f3 ileso, para determinar si estaba alcoholizado.<\/p>\n\n\n\n<p>Tambi\u00e9n pidi\u00f3 medidas de prueba para determinar si el chofer del micro, que fue uno de los cinco fallecidos en el choque, hab\u00eda consumido sustancias. Adem\u00e1s requiri\u00f3 una pericia mec\u00e1nica sobre ambos veh\u00edculos y otra pericia accidentol\u00f3gica para saber c\u00f3mo ocurri\u00f3 el accidente, informaron a este diario.<\/p>\n\n\n\n<p>\u00abNo est\u00e1 claro si el micro se pas\u00f3 de carril o si el cami\u00f3n hizo efecto tijera con el semirremolque\u00bb, aclararon fuentes de la investigaci\u00f3n, que quedar\u00e1 a cargo de la Fiscal\u00eda N\u00b0 150 de San Jorge, a cargo de Carlos Zoppegni.<\/p>\n\n\n\n<p>Los otros cuatro fallecidos eran pasajeros, as\u00ed como los 14 heridos que tuvieron que ser trasladados a distintos centros de salud de la zona. \u00ab<strong>Tres est\u00e1n en grave estado\u00bb, confirmaron las fuentes.<\/strong><\/p>\n\n\n\n<p class=\"has-text-align-right\"><strong><em>Clarin.-<\/em><\/strong><\/p>\n","protected":false},"excerpt":{"rendered":"<p>La v\u00edctima, de 53 a\u00f1os, fue embestida en San Juan, en un punto muy poco iluminado de la ruta. El conductor quedo detenido.<\/p>\n","protected":false},"author":3,"featured_media":36739,"comment_status":"open","ping_status":"closed","sticky":false,"template":"","format":"standard","meta":{"jnews-multi-image_gallery":[],"jnews_single_post":{"subtitle":"","format":"standard","video":"","gallery":"","source_name":"","source_url":"","via_name":"","via_url":"","override_template":"0","override":[{"template":"4","single_blog_custom":"","parallax":"1","fullscreen":"1","layout":"right-sidebar","sidebar":"default-sidebar","second_sidebar":"default-sidebar","sticky_sidebar":"1","share_position":"top","share_float_style":"share-monocrhome","show_share_counter":"1","show_view_counter":"1","show_featured":"1","show_post_meta":"1","show_post_author":"1","show_post_author_image":"1","show_post_date":"1","post_date_format":"default","post_date_format_custom":"Y\/m\/d","show_post_category":"1","show_post_reading_time":"1","post_reading_time_wpm":"300","show_zoom_button":"1","zoom_button_out_step":"2","zoom_button_in_step":"3","show_post_tag":"1","show_prev_next_post":"1","show_popup_post":"1","number_popup_post":"1","show_author_box":"1","show_post_related":"1","show_inline_post_related":"0"}],"override_image_size":"0","image_override":[{"single_post_thumbnail_size":"crop-500","single_post_gallery_size":"crop-500"}],"trending_post":"0","trending_post_position":"meta","trending_post_label":"Trending","sponsored_post":"0","sponsored_post_label":"Sponsored by","sponsored_post_name":"","sponsored_post_url":"","sponsored_post_logo_enable":"0","sponsored_post_logo":"","sponsored_post_desc":"","disable_ad":"0"},"jnews_primary_category":{"id":"","hide":""},"jnews_social_meta":{"fb_title":"","fb_description":"","fb_image":"","twitter_title":"","twitter_description":"","twitter_image":""},"jnews_review":[],"enable_review":"0","type":"percentage","name":"","summary":"","brand":"","sku":"","good":[{"good_text":""}],"bad":[{"bad_text":""}],"score_override":"","override_value":"","rating":[{"rating_text":"","rating_number":"10"}],"price":[{"shop":"","price":"","link":"","icon":""}],"jnews_override_counter":{"override_view_counter":"0","view_counter_number":"0","override_share_counter":"0","share_counter_number":"0","override_like_counter":"0","like_counter_number":"0","override_dislike_counter":"0","dislike_counter_number":"0"},"jnews_post_split":{"enable_post_split":"0","post_split":[{"template":"1","tag":"h2","numbering":"asc","mode":"normal","first":"0","enable_toc":"0","toc_type":"normal"}]},"footnotes":""},"categories":[58,64],"tags":[3651,44,9962,45,9963,423],"class_list":["post-36738","post","type-post","status-publish","format-standard","has-post-thumbnail","hentry","category-argentina","category-sucesos","tag-accidentes-de-transito","tag-argentina","tag-ciclista-murio","tag-noticias","tag-ruta-40","tag-tragedia"],"amp_enabled":true,"_links":{"self":[{"href":"https:\/\/esreviral.com\/index.php?rest_route=\/wp\/v2\/posts\/36738"}],"collection":[{"href":"https:\/\/esreviral.com\/index.php?rest_route=\/wp\/v2\/posts"}],"about":[{"href":"https:\/\/esreviral.com\/index.php?rest_route=\/wp\/v2\/types\/post"}],"author":[{"embeddable":true,"href":"https:\/\/esreviral.com\/index.php?rest_route=\/wp\/v2\/users\/3"}],"replies":[{"embeddable":true,"href":"https:\/\/esreviral.com\/index.php?rest_route=%2Fwp%2Fv2%2Fcomments&post=36738"}],"version-history":[{"count":0,"href":"https:\/\/esreviral.com\/index.php?rest_route=\/wp\/v2\/posts\/36738\/revisions"}],"wp:featuredmedia":[{"embeddable":true,"href":"https:\/\/esreviral.com\/index.php?rest_route=\/wp\/v2\/media\/36739"}],"wp:attachment":[{"href":"https:\/\/esreviral.com\/index.php?rest_route=%2Fwp%2Fv2%2Fmedia&parent=36738"}],"wp:term":[{"taxonomy":"category","embeddable":true,"href":"https:\/\/esreviral.com\/index.php?rest_route=%2Fwp%2Fv2%2Fcategories&post=36738"},{"taxonomy":"post_tag","embeddable":true,"href":"https:\/\/esreviral.com\/index.php?rest_route=%2Fwp%2Fv2%2Ftags&post=36738"}],"curies":[{"name":"wp","href":"https:\/\/api.w.org\/{rel}","templated":true}]}}