{"id":36732,"date":"2023-05-29T08:11:19","date_gmt":"2023-05-29T13:11:19","guid":{"rendered":"https:\/\/esreviral.com\/?p=36732"},"modified":"2023-05-29T08:11:19","modified_gmt":"2023-05-29T13:11:19","slug":"el-nino-asesinado-en-el-dorado-era-abusado-por-su-victimario","status":"publish","type":"post","link":"https:\/\/esreviral.com\/?p=36732","title":{"rendered":"El ni\u00f1o asesinado en El Dorado era abusado por su victimario"},"content":{"rendered":"\n<p>El comisario general Douglas Rico, director del <strong>Cuerpo de Investigaciones Cient\u00edficas, Penales y Criminal\u00edsticas<\/strong>, ampli\u00f3 un poco m\u00e1s los hechos sobre la muerte del menor de 7 a\u00f1os de edad, suceso que conmocion\u00f3 a la poblaci\u00f3n de El Dorado, parroquia Dalla Costa, municipio Sifontes.<\/p>\n\n\n\n<p>Explic\u00f3 que cuatro son las personas detenidas luego de la muerte y violaci\u00f3n del ni\u00f1o en cuesti\u00f3n, Jos\u00e9 Miguel Salas Ydrogo de 40 a\u00f1os de edad, sujeto que perpetr\u00f3 el crimen, Marianny Josefina Gonz\u00e1lez de 26 a\u00f1os de edad, madre de la criatura, Abraham Jos\u00e9 Villarroel G\u00f3mez de 19 a\u00f1os, padrastro y su t\u00edo, Efra\u00edn Jos\u00e9 Villarroel G\u00f3mez de 22 a\u00f1os de edad.<\/p>\n\n\n\n<p>Rico, indic\u00f3 a trav\u00e9s de las redes sociales del CICPC, que Salas, era quien cuidaba al infante, despu\u00e9s que los dem\u00e1s sal\u00edan a trabajar. La v\u00edctima quedaba todo el d\u00eda con el abusador quien luego lo somet\u00eda para violarlo, el ni\u00f1o era<strong> amenazado de muerte<\/strong>.<\/p>\n\n\n\n<p>El d\u00eda que ocurri\u00f3 el crimen, el delincuente lo estrangul\u00f3, mientras que el resto de la familia ten\u00eda intenciones de huir y esconderse en otro pa\u00eds para evadir a la justicia, sin embargo, los vecinos lo evitaron.<\/p>\n\n\n\n<p>El comisario general, apunt\u00f3 que las otras tres personas aprehendidas se hacen c\u00f3mplices al no denunciar la muerte y violaci\u00f3n del menor.<\/p>\n\n\n\n<p class=\"has-text-align-right\"><strong><em>soynuevaprensadigital.com.-<\/em><\/strong><\/p>\n","protected":false},"excerpt":{"rendered":"<p>El delincuente de 40 a\u00f1os era quien cuidaba al menor cuando la madre, el padrastro y el t\u00edo sal\u00edan a trabajar<\/p>\n","protected":false},"author":3,"featured_media":36733,"comment_status":"open","ping_status":"closed","sticky":false,"template":"","format":"standard","meta":{"jnews-multi-image_gallery":[],"jnews_single_post":{"subtitle":"","format":"standard","video":"","gallery":"","source_name":"","source_url":"","via_name":"","via_url":"","override_template":"0","override":[{"template":"4","single_blog_custom":"","parallax":"1","fullscreen":"1","layout":"right-sidebar","sidebar":"default-sidebar","second_sidebar":"default-sidebar","sticky_sidebar":"1","share_position":"top","share_float_style":"share-monocrhome","show_share_counter":"1","show_view_counter":"1","show_featured":"1","show_post_meta":"1","show_post_author":"1","show_post_author_image":"1","show_post_date":"1","post_date_format":"default","post_date_format_custom":"Y\/m\/d","show_post_category":"1","show_post_reading_time":"1","post_reading_time_wpm":"300","show_zoom_button":"1","zoom_button_out_step":"2","zoom_button_in_step":"3","show_post_tag":"1","show_prev_next_post":"1","show_popup_post":"1","number_popup_post":"1","show_author_box":"1","show_post_related":"1","show_inline_post_related":"0"}],"override_image_size":"0","image_override":[{"single_post_thumbnail_size":"crop-500","single_post_gallery_size":"crop-500"}],"trending_post":"0","trending_post_position":"meta","trending_post_label":"Trending","sponsored_post":"0","sponsored_post_label":"Sponsored by","sponsored_post_name":"","sponsored_post_url":"","sponsored_post_logo_enable":"0","sponsored_post_logo":"","sponsored_post_desc":"","disable_ad":"0"},"jnews_primary_category":{"id":"","hide":""},"jnews_social_meta":{"fb_title":"","fb_description":"","fb_image":"","twitter_title":"","twitter_description":"","twitter_image":""},"jnews_review":[],"enable_review":"0","type":"percentage","name":"","summary":"","brand":"","sku":"","good":[{"good_text":""}],"bad":[{"bad_text":""}],"score_override":"","override_value":"","rating":[{"rating_text":"","rating_number":"10"}],"price":[{"shop":"","price":"","link":"","icon":""}],"jnews_override_counter":{"override_view_counter":"0","view_counter_number":"0","override_share_counter":"0","share_counter_number":"0","override_like_counter":"0","like_counter_number":"0","override_dislike_counter":"0","dislike_counter_number":"0"},"jnews_post_split":{"enable_post_split":"0","post_split":[{"template":"1","tag":"h2","numbering":"asc","mode":"normal","first":"0","enable_toc":"0","toc_type":"normal"}]},"footnotes":""},"categories":[64,66],"tags":[2222,5379,4089,9961,783,9960,45,56],"class_list":["post-36732","post","type-post","status-publish","format-standard","has-post-thumbnail","hentry","category-sucesos","category-venezuela","tag-abuso-de-menores","tag-abuso-infantil","tag-abuso-sexual-infantil","tag-amenazado-de-muerte","tag-cicpc","tag-el-dorado","tag-noticias","tag-venezuela"],"amp_enabled":true,"_links":{"self":[{"href":"https:\/\/esreviral.com\/index.php?rest_route=\/wp\/v2\/posts\/36732"}],"collection":[{"href":"https:\/\/esreviral.com\/index.php?rest_route=\/wp\/v2\/posts"}],"about":[{"href":"https:\/\/esreviral.com\/index.php?rest_route=\/wp\/v2\/types\/post"}],"author":[{"embeddable":true,"href":"https:\/\/esreviral.com\/index.php?rest_route=\/wp\/v2\/users\/3"}],"replies":[{"embeddable":true,"href":"https:\/\/esreviral.com\/index.php?rest_route=%2Fwp%2Fv2%2Fcomments&post=36732"}],"version-history":[{"count":0,"href":"https:\/\/esreviral.com\/index.php?rest_route=\/wp\/v2\/posts\/36732\/revisions"}],"wp:featuredmedia":[{"embeddable":true,"href":"https:\/\/esreviral.com\/index.php?rest_route=\/wp\/v2\/media\/36733"}],"wp:attachment":[{"href":"https:\/\/esreviral.com\/index.php?rest_route=%2Fwp%2Fv2%2Fmedia&parent=36732"}],"wp:term":[{"taxonomy":"category","embeddable":true,"href":"https:\/\/esreviral.com\/index.php?rest_route=%2Fwp%2Fv2%2Fcategories&post=36732"},{"taxonomy":"post_tag","embeddable":true,"href":"https:\/\/esreviral.com\/index.php?rest_route=%2Fwp%2Fv2%2Ftags&post=36732"}],"curies":[{"name":"wp","href":"https:\/\/api.w.org\/{rel}","templated":true}]}}