{"id":36709,"date":"2023-05-29T06:50:09","date_gmt":"2023-05-29T11:50:09","guid":{"rendered":"https:\/\/esreviral.com\/?p=36709"},"modified":"2023-05-29T07:02:47","modified_gmt":"2023-05-29T12:02:47","slug":"horacio-rodriguez-larreta-presentara-hoy-las-pistolas-taser-que-comenzara-a-usar-la-policia-de-la-ciudad","status":"publish","type":"post","link":"https:\/\/esreviral.com\/?p=36709","title":{"rendered":"Pistolas Taser en CABA: Horacio Rodr\u00edguez Larreta confirm\u00f3 que el mes que viene comienzan a utilizarse"},"content":{"rendered":"\n<p><strong>La Polic\u00eda de Ciudad de Buenos Aires comenzar\u00e1 a usar\u00a0pistolas Taser<\/strong>: as\u00ed lo oficializ\u00f3 este lunes el precandidato a presidente del PRO y jefe de Gobierno porte\u00f1o,\u00a0Horacio Rodr\u00edguez Larreta.<\/p>\n\n\n\n<p>Pese al debate que enfrenta a diversos sectores de la pol\u00edtica desde hace a\u00f1os y que traba su uso, el referente opositor confirm\u00f3 este lunes en conferencia de prensa que<strong>\u00a0\u00abel Ministerio de Justicia y Seguridad de la Ciudad por fin tiene las primeras 60 pistolas Taser\u00bb<\/strong>.\u00a0<\/p>\n\n\n\n<p>Estas&nbsp;<strong>comenzar\u00e1n a utilizarse<\/strong>&nbsp;entre las fuerzas porte\u00f1as a partir del entrante mes de&nbsp;<strong>junio<\/strong>, que inicia esta semana, y se terminar\u00e1n de repartir en<strong>&nbsp;julio<\/strong>. Adem\u00e1s, seg\u00fan remarc\u00f3 Larreta, \u00ablos polic\u00edas que usen las Taser van a estar altamente capacitados para usarlas correctamente\u00bb.<\/p>\n\n\n\n<p>El anuncio de este lunes se dio luego de que el Gobierno Nacional le habilitara al porte\u00f1o la&nbsp;<strong>importaci\u00f3n de estas armas&nbsp;<\/strong>de electrochoque unas semanas atr\u00e1s.&nbsp;<\/p>\n\n\n\n<p>As\u00ed lo remarc\u00f3 Larreta con una cr\u00edtica al oficialismo nacional:&nbsp;<strong>\u00ab<\/strong>Despu\u00e9s de tanto tiempo en el que hubo hechos lamentables, que podr\u00edamos&nbsp;haber evitado,&nbsp;<strong>el gobierno nacional finalmente se dign\u00f3 a habilitarnos las importaciones\u00bb<\/strong>.<\/p>\n\n\n\n<figure class=\"wp-block-image size-large\"><img fetchpriority=\"high\" decoding=\"async\" width=\"1024\" height=\"768\" src=\"https:\/\/esreviral.com\/wp-content\/uploads\/2023\/05\/AnyConv.com__AnyConv.com__CMBBEUUC2JBYFMJZYFJ6GRBG5Y-1024x768.webp\" alt=\"\" class=\"wp-image-36711\" srcset=\"https:\/\/esreviral.com\/wp-content\/uploads\/2023\/05\/AnyConv.com__AnyConv.com__CMBBEUUC2JBYFMJZYFJ6GRBG5Y-1024x768.webp 1024w, https:\/\/esreviral.com\/wp-content\/uploads\/2023\/05\/AnyConv.com__AnyConv.com__CMBBEUUC2JBYFMJZYFJ6GRBG5Y-300x225.webp 300w, https:\/\/esreviral.com\/wp-content\/uploads\/2023\/05\/AnyConv.com__AnyConv.com__CMBBEUUC2JBYFMJZYFJ6GRBG5Y-768x576.webp 768w, https:\/\/esreviral.com\/wp-content\/uploads\/2023\/05\/AnyConv.com__AnyConv.com__CMBBEUUC2JBYFMJZYFJ6GRBG5Y-750x563.webp 750w, https:\/\/esreviral.com\/wp-content\/uploads\/2023\/05\/AnyConv.com__AnyConv.com__CMBBEUUC2JBYFMJZYFJ6GRBG5Y-1140x855.webp 1140w, https:\/\/esreviral.com\/wp-content\/uploads\/2023\/05\/AnyConv.com__AnyConv.com__CMBBEUUC2JBYFMJZYFJ6GRBG5Y.webp 1200w\" sizes=\"(max-width: 1024px) 100vw, 1024px\" \/><\/figure>\n\n\n\n<p>\u00ab<strong>Las pistolas Taser salvan vidas<\/strong>, se usan en 107 pa\u00edses del mundo y son clave para detener delincuentes en situaciones donde hay mucha gente alrededor\u00bb, destac\u00f3 el jefe de Gobierno porte\u00f1o.&nbsp;&nbsp;<\/p>\n\n\n\n<p>E ilustr\u00f3: \u00abCon las Taser, un delincuente que se acerca armado, con un cuchillo o fuera de s\u00ed,<strong>&nbsp;queda inmediatamente inmovilizado<\/strong>,&nbsp;<strong>evitando que se usen armas de fuego<\/strong>&nbsp;que podr\u00edan generar consecuencias graves no deseadas\u00bb.<\/p>\n\n\n\n<p>Cabe resaltar que el uso de las Taser en CABA est\u00e1 trabado desde el a\u00f1o 2011, cuando se propuso la idea en primer lugar. En realidad,<strong>\u00a0reci\u00e9n en 2019 se aprob\u00f3 el llamado a licitaci\u00f3n para 60 armas<\/strong>\u00a0para la Polic\u00eda de la Ciudad,\u00a0<strong>en 2020 se aprob\u00f3 la compra<\/strong>\u00a0y se inici\u00f3 el tr\u00e1mite en la\u00a0Agencia Nacional de Materiales Controlados (ANMAC).<\/p>\n\n\n\n<p>Tras esto, el pedido de autorizaci\u00f3n de importaciones a la entidad por parte del proveedor qued\u00f3 estancado luego de la renuncia del entonces titular de la ANMAC,\u00a0<strong>Ramiro Urristi<\/strong>.<\/p>\n\n\n\n<p>Este marzo, tras el \u00abAmparo por Mora\u00bb presentado por el GCBA ante la Justicia en 2022,&nbsp;<strong>el Gobierno Nacional autoriz\u00f3 la compra de los 60 dispositivos<\/strong>&nbsp;y, semanas atr\u00e1s, la Aduana finalmente aprob\u00f3 las SIRA que abrieron la importaci\u00f3n de las Taser.<\/p>\n\n\n\n<p>Durante su discurso,<strong>\u00a0Rodr\u00edguez Larreta apunt\u00f3 con dureza contra el Gobierno Nacional<\/strong>\u00a0y sostuvo su precandidatura a presidente por la oposici\u00f3n, repasando las medidas en t\u00e9rminos de seguridad que aplicar\u00eda en caso de ganar en los comicios de octubre de este a\u00f1o.<\/p>\n\n\n\n<figure class=\"wp-block-image size-full\"><img decoding=\"async\" width=\"700\" height=\"462\" src=\"https:\/\/esreviral.com\/wp-content\/uploads\/2023\/05\/AnyConv.com__AnyConv.com__647492577971a_700_462.webp\" alt=\"\" class=\"wp-image-36714\" srcset=\"https:\/\/esreviral.com\/wp-content\/uploads\/2023\/05\/AnyConv.com__AnyConv.com__647492577971a_700_462.webp 700w, https:\/\/esreviral.com\/wp-content\/uploads\/2023\/05\/AnyConv.com__AnyConv.com__647492577971a_700_462-300x198.webp 300w\" sizes=\"(max-width: 700px) 100vw, 700px\" \/><\/figure>\n\n\n\n<p><\/p>\n\n\n\n<p>As\u00ed lo manifest\u00f3: \u00abLas Taser son armas no letales que ayudan al polic\u00eda a hacer su tarea de la mejor manera y no ponen en riesgo la vida de nadie, es tan evidente su eficacia que<strong>&nbsp;cuesta entender por qu\u00e9 han sido resistidas ac\u00e1 por el gobierno nacional<\/strong>\u00ab.<\/p>\n\n\n\n<p>Y continu\u00f3:<strong>&nbsp;\u00abEl Gobierno no sabe, no quiere, no puede solucionar el tema de la inseguridad\u00bb<\/strong>. Adem\u00e1s, agreg\u00f3:&nbsp;\u00abCuando los argentinos me elijan como presidente voy a poner toda la tecnolog\u00eda que desarrollamos en Buenos Aires a disposici\u00f3n de las polic\u00edas de cada una de las provincias y de las fuerzas nacionales\u00bb.<\/p>\n\n\n\n<p>En este sentido, cerr\u00f3 repasando algunas medidas que tomar\u00eda, entre ellas, el blindado de las fronteras con ayuda del Ej\u00e9rcito para \u00abel cuidado de la soberan\u00eda en las fronteras y as\u00ed poder&nbsp;<strong>liberar a Gendarmer\u00eda y destinarla a los lugares m\u00e1s calientes de la droga<\/strong>\u00ab.<\/p>\n\n\n\n<p class=\"has-text-align-right\"><strong><em>cronista.com.-<\/em><\/strong><\/p>\n","protected":false},"excerpt":{"rendered":"<p>En diciembre de 2020 se aprob\u00f3 la adquisici\u00f3n y ese mismo mes se inici\u00f3 el tr\u00e1mite correspondiente ante la Agencia Nacional de Materiales Controlados<\/p>\n","protected":false},"author":3,"featured_media":36710,"comment_status":"open","ping_status":"closed","sticky":false,"template":"","format":"standard","meta":{"jnews-multi-image_gallery":[],"jnews_single_post":{"subtitle":"","format":"standard","video":"","gallery":"","source_name":"","source_url":"","via_name":"","via_url":"","override_template":"0","override":[{"template":"4","single_blog_custom":"","parallax":"1","fullscreen":"1","layout":"right-sidebar","sidebar":"default-sidebar","second_sidebar":"default-sidebar","sticky_sidebar":"1","share_position":"top","share_float_style":"share-monocrhome","show_share_counter":"1","show_view_counter":"1","show_featured":"1","show_post_meta":"1","show_post_author":"1","show_post_author_image":"1","show_post_date":"1","post_date_format":"default","post_date_format_custom":"Y\/m\/d","show_post_category":"1","show_post_reading_time":"1","post_reading_time_wpm":"300","show_zoom_button":"1","zoom_button_out_step":"2","zoom_button_in_step":"3","show_post_tag":"1","show_prev_next_post":"1","show_popup_post":"1","number_popup_post":"1","show_author_box":"1","show_post_related":"1","show_inline_post_related":"0"}],"override_image_size":"0","image_override":[{"single_post_thumbnail_size":"crop-500","single_post_gallery_size":"crop-500"}],"trending_post":"0","trending_post_position":"meta","trending_post_label":"Trending","sponsored_post":"0","sponsored_post_label":"Sponsored by","sponsored_post_name":"","sponsored_post_url":"","sponsored_post_logo_enable":"0","sponsored_post_logo":"","sponsored_post_desc":"","disable_ad":"0"},"jnews_primary_category":{"id":"","hide":""},"jnews_social_meta":{"fb_title":"","fb_description":"","fb_image":"","twitter_title":"","twitter_description":"","twitter_image":""},"jnews_review":[],"enable_review":"0","type":"percentage","name":"","summary":"","brand":"","sku":"","good":[{"good_text":""}],"bad":[{"bad_text":""}],"score_override":"","override_value":"","rating":[{"rating_text":"","rating_number":"10"}],"price":[{"shop":"","price":"","link":"","icon":""}],"jnews_override_counter":{"override_view_counter":"0","view_counter_number":"0","override_share_counter":"0","share_counter_number":"0","override_like_counter":"0","like_counter_number":"0","override_dislike_counter":"0","dislike_counter_number":"0"},"jnews_post_split":{"enable_post_split":"0","post_split":[{"template":"1","tag":"h2","numbering":"asc","mode":"normal","first":"0","enable_toc":"0","toc_type":"normal"}]},"footnotes":""},"categories":[58,59],"tags":[44,468,1795,9949,45,7174,1469,175],"class_list":["post-36709","post","type-post","status-publish","format-standard","has-post-thumbnail","hentry","category-argentina","category-politica","tag-argentina","tag-caba","tag-gobierno-de-la-ciudad","tag-horacio-rodriguez-larreta-2","tag-noticias","tag-pistolas-taser","tag-policia-de-la-ciudad","tag-seguridad"],"amp_enabled":true,"_links":{"self":[{"href":"https:\/\/esreviral.com\/index.php?rest_route=\/wp\/v2\/posts\/36709"}],"collection":[{"href":"https:\/\/esreviral.com\/index.php?rest_route=\/wp\/v2\/posts"}],"about":[{"href":"https:\/\/esreviral.com\/index.php?rest_route=\/wp\/v2\/types\/post"}],"author":[{"embeddable":true,"href":"https:\/\/esreviral.com\/index.php?rest_route=\/wp\/v2\/users\/3"}],"replies":[{"embeddable":true,"href":"https:\/\/esreviral.com\/index.php?rest_route=%2Fwp%2Fv2%2Fcomments&post=36709"}],"version-history":[{"count":0,"href":"https:\/\/esreviral.com\/index.php?rest_route=\/wp\/v2\/posts\/36709\/revisions"}],"wp:featuredmedia":[{"embeddable":true,"href":"https:\/\/esreviral.com\/index.php?rest_route=\/wp\/v2\/media\/36710"}],"wp:attachment":[{"href":"https:\/\/esreviral.com\/index.php?rest_route=%2Fwp%2Fv2%2Fmedia&parent=36709"}],"wp:term":[{"taxonomy":"category","embeddable":true,"href":"https:\/\/esreviral.com\/index.php?rest_route=%2Fwp%2Fv2%2Fcategories&post=36709"},{"taxonomy":"post_tag","embeddable":true,"href":"https:\/\/esreviral.com\/index.php?rest_route=%2Fwp%2Fv2%2Ftags&post=36709"}],"curies":[{"name":"wp","href":"https:\/\/api.w.org\/{rel}","templated":true}]}}