{"id":36667,"date":"2023-05-26T09:40:26","date_gmt":"2023-05-26T14:40:26","guid":{"rendered":"https:\/\/esreviral.com\/?p=36667"},"modified":"2023-05-26T09:40:27","modified_gmt":"2023-05-26T14:40:27","slug":"el-papa-francisco-cancelo-sus-audiencias-por-un-cuadro-de-fiebre","status":"publish","type":"post","link":"https:\/\/esreviral.com\/?p=36667","title":{"rendered":"El papa Francisco cancel\u00f3 sus audiencias por un cuadro de fiebre"},"content":{"rendered":"\n<p>El\u00a0<strong>papa Francisco<\/strong>\u00a0cancel\u00f3 el viernes por la ma\u00f1ana su agenda debido a un\u00a0<strong>estado febril<\/strong>, inform\u00f3 un portavoz del Vaticano.<\/p>\n\n\n\n<p>\u00abDebido a un estado febril, el papa<strong>&nbsp;Francisco no ha recibido en audiencia esta ma\u00f1ana<\/strong>\u00ab, declar\u00f3 el portavoz de la Santa Sede, Matteo Bruni, sin precisar cu\u00e1l era el programa previsto del pont\u00edfice argentino por la ma\u00f1ana.<\/p>\n\n\n\n<p>El anuncio se produce dos meses despu\u00e9s de la hospitalizaci\u00f3n del papa durante tres d\u00edas en Roma, a finales de marzo, a causa de una neumon\u00eda que super\u00f3 gracias a un tratamiento a base de antibi\u00f3ticos.<\/p>\n\n\n\n<p>El Pont\u00edfice, de 86 a\u00f1os, no ten\u00eda programadas reuniones con grupos, pero tampoco recibi\u00f3 a nadie de forma individual por encontrarse indispuesto.<\/p>\n\n\n\n<p>La oficina de prensa vaticana confirm\u00f3 el estado febril de Francisco<strong>&nbsp;sin dar m\u00e1s detalles.<\/strong><\/p>\n\n\n\n<p>Francisco ya hab\u00eda experimentado algunos problemas de salud este a\u00f1o, tanto que\u00a0estuvo ingresado en un hospital de Roma entre el 29 de marzo y el 1 de abril\u00a0a causa de una neumon\u00eda grave.<\/p>\n\n\n\n<p><em>Noticia en desarrollo<\/em>&#8230;<\/p>\n\n\n\n<p class=\"has-text-align-right\"><strong><em>Clarin.-<\/em><\/strong><\/p>\n","protected":false},"excerpt":{"rendered":"<p>El Sumo Pont\u00edfice ya experiment\u00f3 algunos problemas de salud este a\u00f1o, que incluso lo llevaron a ser internado en un hospital de Roma entre el 29 de marzo y el 1 de abril.<\/p>\n","protected":false},"author":3,"featured_media":36668,"comment_status":"open","ping_status":"closed","sticky":false,"template":"","format":"standard","meta":{"jnews-multi-image_gallery":[],"jnews_single_post":{"subtitle":"","format":"standard","video":"","gallery":"","source_name":"","source_url":"","via_name":"","via_url":"","override_template":"0","override":[{"template":"4","single_blog_custom":"","parallax":"1","fullscreen":"1","layout":"right-sidebar","sidebar":"default-sidebar","second_sidebar":"default-sidebar","sticky_sidebar":"1","share_position":"top","share_float_style":"share-monocrhome","show_share_counter":"1","show_view_counter":"1","show_featured":"1","show_post_meta":"1","show_post_author":"1","show_post_author_image":"1","show_post_date":"1","post_date_format":"default","post_date_format_custom":"Y\/m\/d","show_post_category":"1","show_post_reading_time":"1","post_reading_time_wpm":"300","show_zoom_button":"1","zoom_button_out_step":"2","zoom_button_in_step":"3","show_post_tag":"1","show_prev_next_post":"1","show_popup_post":"1","number_popup_post":"1","show_author_box":"1","show_post_related":"1","show_inline_post_related":"0"}],"override_image_size":"0","image_override":[{"single_post_thumbnail_size":"crop-500","single_post_gallery_size":"crop-500"}],"trending_post":"0","trending_post_position":"meta","trending_post_label":"Trending","sponsored_post":"0","sponsored_post_label":"Sponsored by","sponsored_post_name":"","sponsored_post_url":"","sponsored_post_logo_enable":"0","sponsored_post_logo":"","sponsored_post_desc":"","disable_ad":"0"},"jnews_primary_category":{"id":"","hide":""},"jnews_social_meta":{"fb_title":"","fb_description":"","fb_image":"","twitter_title":"","twitter_description":"","twitter_image":""},"jnews_review":[],"enable_review":"0","type":"percentage","name":"","summary":"","brand":"","sku":"","good":[{"good_text":""}],"bad":[{"bad_text":""}],"score_override":"","override_value":"","rating":[{"rating_text":"","rating_number":"10"}],"price":[{"shop":"","price":"","link":"","icon":""}],"jnews_override_counter":{"override_view_counter":"0","view_counter_number":"0","override_share_counter":"0","share_counter_number":"0","override_like_counter":"0","like_counter_number":"0","override_dislike_counter":"0","dislike_counter_number":"0"},"jnews_post_split":{"enable_post_split":"0","post_split":[{"template":"1","tag":"h2","numbering":"asc","mode":"normal","first":"0","enable_toc":"0","toc_type":"normal"}]},"footnotes":""},"categories":[88],"tags":[5811,9939,45,128,7818,129],"class_list":["post-36667","post","type-post","status-publish","format-standard","has-post-thumbnail","hentry","category-internacionales","tag-ciudad-del-vaticano","tag-cuadro-de-fiebre","tag-noticias","tag-papa-francisco","tag-sumo-pontifice","tag-vaticano"],"amp_enabled":true,"_links":{"self":[{"href":"https:\/\/esreviral.com\/index.php?rest_route=\/wp\/v2\/posts\/36667"}],"collection":[{"href":"https:\/\/esreviral.com\/index.php?rest_route=\/wp\/v2\/posts"}],"about":[{"href":"https:\/\/esreviral.com\/index.php?rest_route=\/wp\/v2\/types\/post"}],"author":[{"embeddable":true,"href":"https:\/\/esreviral.com\/index.php?rest_route=\/wp\/v2\/users\/3"}],"replies":[{"embeddable":true,"href":"https:\/\/esreviral.com\/index.php?rest_route=%2Fwp%2Fv2%2Fcomments&post=36667"}],"version-history":[{"count":0,"href":"https:\/\/esreviral.com\/index.php?rest_route=\/wp\/v2\/posts\/36667\/revisions"}],"wp:featuredmedia":[{"embeddable":true,"href":"https:\/\/esreviral.com\/index.php?rest_route=\/wp\/v2\/media\/36668"}],"wp:attachment":[{"href":"https:\/\/esreviral.com\/index.php?rest_route=%2Fwp%2Fv2%2Fmedia&parent=36667"}],"wp:term":[{"taxonomy":"category","embeddable":true,"href":"https:\/\/esreviral.com\/index.php?rest_route=%2Fwp%2Fv2%2Fcategories&post=36667"},{"taxonomy":"post_tag","embeddable":true,"href":"https:\/\/esreviral.com\/index.php?rest_route=%2Fwp%2Fv2%2Ftags&post=36667"}],"curies":[{"name":"wp","href":"https:\/\/api.w.org\/{rel}","templated":true}]}}