{"id":36610,"date":"2023-05-25T10:35:24","date_gmt":"2023-05-25T15:35:24","guid":{"rendered":"https:\/\/esreviral.com\/?p=36610"},"modified":"2023-05-25T10:35:25","modified_gmt":"2023-05-25T15:35:25","slug":"feriados-con-mal-clima-alertas-naranja-y-amarilla-por-tormentas-en-la-ciudad-y-la-provincia-de-buenos-aires","status":"publish","type":"post","link":"https:\/\/esreviral.com\/?p=36610","title":{"rendered":"Feriados con mal clima: alertas naranja y amarilla por tormentas en la Ciudad y la Provincia de Buenos Aires"},"content":{"rendered":"\n<p>El Servicio Meteorol\u00f3gico Nacional (SMN) emiti\u00f3 este jueves<strong>\u00a0alertas amarilla y naranja por tormentas\u00a0<\/strong>para Ciudad de Buenos Aires y para gran parte de la zona central y litoral del pa\u00eds, y advirti\u00f3 por vientos fuertes y nevadas para la Patagonia.<\/p>\n\n\n\n<p>La&nbsp;<strong>alerta&nbsp;naranja&nbsp;por tormentas para el jueves y amarilla para el viernes<\/strong>&nbsp;se mantiene para las localidades del&nbsp;<strong>sudeste, centro y noreste de la provincia de Buenos Aires<\/strong>&nbsp;como Ayacucho, Balcarce, General Guido, Maip\u00fa, noroeste de General Juan Madariaga, de Mar Chiquita, oeste de General Pueyrred\u00f3n.<\/p>\n\n\n\n<p>Otras ciudades afectadas de igual manera por la lluvia son Arrecifes, Capit\u00e1n Sarmiento, Carmen de Areco, Chacabuco, Col\u00f3n, General Arenales, General Pinto, Jun\u00edn, Leandro N. Alem, Lincoln, Pergamino, Rojas y Salto.<\/p>\n\n\n\n<p>Igual alerta se prev\u00e9 para el\u00a0<strong>centro y sur de la provincia de Santa Fe<\/strong>\u00a0en localidades como Belgrano, Castellanos, Las Colonias, San Mart\u00edn, Constituci\u00f3n, Iriondo, Rosario, San Lorenzo.<\/p>\n\n\n\n<figure class=\"wp-block-embed is-type-rich is-provider-twitter wp-block-embed-twitter\"><div class=\"wp-block-embed__wrapper\">\n<blockquote class=\"twitter-tweet\" data-width=\"500\" data-dnt=\"true\"><p lang=\"es\" dir=\"ltr\">\u26a0 SAT| ALERTAS <a href=\"https:\/\/twitter.com\/hashtag\/SiHayAlertaEstateAlerta?src=hash&amp;ref_src=twsrc%5Etfw\">#SiHayAlertaEstateAlerta<\/a> <br><br>\ud83d\udfe7Entre R\u00edos y sectores de Sta Fe y BsAs por tormenta con r\u00e1fagas y granizo (precipitaci\u00f3n acumulada +90mm localmente).<br><br>\ud83d\udfe8BsAs, La Pampa, Sta Fe y Entre R\u00edos por tormenta con r\u00e1fagas y granizo (precipitaci\u00f3n acumulada +60mm localmente). <a href=\"https:\/\/t.co\/WyI2y7Jlub\">pic.twitter.com\/WyI2y7Jlub<\/a><\/p>&mdash; SMN Argentina (@SMN_Argentina) <a href=\"https:\/\/twitter.com\/SMN_Argentina\/status\/1661507542587940865?ref_src=twsrc%5Etfw\">May 24, 2023<\/a><\/blockquote><script async src=\"https:\/\/platform.twitter.com\/widgets.js\" charset=\"utf-8\"><\/script>\n<\/div><\/figure>\n\n\n\n<p><\/p>\n\n\n\n<p>A su vez, el&nbsp;<strong>centro y sur de la provincia de Entre R\u00edos<\/strong>&nbsp;tambi\u00e9n tiene alerta naranja por tormentas en ciudades como Col\u00f3n, Gualeguaych\u00fa, Islas del Ibicuy, Tala, Uruguay Gualeguay, Victoria. En tanto, el noroeste entrerriano tiene alerta amarilla.<\/p>\n\n\n\n<p>Las alertas amarilla por tormentas para hoy y ma\u00f1ana se ubican en el noreste y sureste de la provincia de C\u00f3rdoba, sur de Santa Fe, noreste de La Pampa, la Ciudad de Buenos Aires y parte de la provincia de Buenos Aires.<\/p>\n\n\n\n<p>Despu\u00e9s de las lluvias que se esperan para el jueves y el viernes, los porte\u00f1os amanecer\u00edan con&nbsp;<strong>cielo mayormente nublado el s\u00e1bado pero ya sin precipitaciones<\/strong>, con una m\u00ednima de 9\u00b0 y una m\u00e1xima de 14\u00b0. El domingo seguir\u00edan las nubes, y la temperatura m\u00ednima caer\u00eda a 5\u00b0.<\/p>\n\n\n\n<p>A su vez, el SMN emiti\u00f3&nbsp;<strong>alerta amarilla por vientos fuertes<\/strong>&nbsp;del sector oeste, con velocidades entre 50 y 70 kil\u00f3metros por hora y r\u00e1fagas que pueden superar los 90 para la meseta de Pilcaniyeu, \u00d1orquinc\u00f3, 9 de Julio, oeste de El Cuy, 25 de Mayo, en el centro y sur de Rio Negro.<\/p>\n\n\n\n<p>Igual alerta se prev\u00e9 para hoy para localidades del centro y sur de Chubut como Gastre, Oeste de M\u00e1rtires, de Telsen y Paso de Indios.<\/p>\n\n\n\n<p>A su vez,<strong>\u00a0la cordillera de Chubut, Neuqu\u00e9n y Mendoza tienen alerta amarillo por nevadas\u00a0<\/strong>mientras que la de Rio Negro tendr\u00e1 nevadas y vientos fuertes.<\/p>\n\n\n\n<figure class=\"wp-block-embed is-type-rich is-provider-twitter wp-block-embed-twitter\"><div class=\"wp-block-embed__wrapper\">\n<blockquote class=\"twitter-tweet\" data-width=\"500\" data-dnt=\"true\"><p lang=\"es\" dir=\"ltr\">PATAGONIA\u2744\ufe0f | As\u00ed est\u00e1 el cerro Chapelco en Neuqu\u00e9n tras las nevadas en la zona cordillerana y precordillerana. <br><br>\ud83d\udc49\ud83c\udffbContin\u00faa el pron\u00f3stico de lluvia y nieve para toda la cordillera de Patagonia y de Mendoza. <a href=\"https:\/\/t.co\/dlaaugWnia\">pic.twitter.com\/dlaaugWnia<\/a><\/p>&mdash; SMN Argentina (@SMN_Argentina) <a href=\"https:\/\/twitter.com\/SMN_Argentina\/status\/1661460415157612547?ref_src=twsrc%5Etfw\">May 24, 2023<\/a><\/blockquote><script async src=\"https:\/\/platform.twitter.com\/widgets.js\" charset=\"utf-8\"><\/script>\n<\/div><\/figure>\n\n\n\n<p><\/p>\n\n\n\n<p>Las \u00e1reas se ver\u00e1n afectadas por nevadas persistentes y de variada intensidad, algunas localmente fuertes, donde se esperan valores de nieve acumulada entre 30 y 50 cent\u00edmetros, pudiendo ser superados en forma puntual especialmente en zonas de alta monta\u00f1a.<\/p>\n\n\n\n<p>Adem\u00e1s, el fen\u00f3meno estar\u00e1 acompa\u00f1ado por vientos fuertes, por lo que puede generarse reducci\u00f3n de visibilidad por la nieve en suspensi\u00f3n.<\/p>\n\n\n\n<p class=\"has-text-align-right\"><strong><em>Clarin.-<\/em><\/strong><\/p>\n","protected":false},"excerpt":{"rendered":"<p>La advertencia para jueves y viernes afecta tambi\u00e9n a gran parte del centro del pa\u00eds y el Litoral. El alivio llegar\u00eda el fin de semana, pero baja la temperatura.<\/p>\n","protected":false},"author":3,"featured_media":36611,"comment_status":"open","ping_status":"closed","sticky":false,"template":"","format":"standard","meta":{"jnews-multi-image_gallery":[],"jnews_single_post":{"subtitle":"","format":"standard","video":"","gallery":"","source_name":"","source_url":"","via_name":"","via_url":"","override_template":"0","override":[{"template":"4","single_blog_custom":"","parallax":"1","fullscreen":"1","layout":"right-sidebar","sidebar":"default-sidebar","second_sidebar":"default-sidebar","sticky_sidebar":"1","share_position":"top","share_float_style":"share-monocrhome","show_share_counter":"1","show_view_counter":"1","show_featured":"1","show_post_meta":"1","show_post_author":"1","show_post_author_image":"1","show_post_date":"1","post_date_format":"default","post_date_format_custom":"Y\/m\/d","show_post_category":"1","show_post_reading_time":"1","post_reading_time_wpm":"300","show_zoom_button":"1","zoom_button_out_step":"2","zoom_button_in_step":"3","show_post_tag":"1","show_prev_next_post":"1","show_popup_post":"1","number_popup_post":"1","show_author_box":"1","show_post_related":"1","show_inline_post_related":"0"}],"override_image_size":"0","image_override":[{"single_post_thumbnail_size":"crop-500","single_post_gallery_size":"crop-500"}],"trending_post":"0","trending_post_position":"meta","trending_post_label":"Trending","sponsored_post":"0","sponsored_post_label":"Sponsored by","sponsored_post_name":"","sponsored_post_url":"","sponsored_post_logo_enable":"0","sponsored_post_logo":"","sponsored_post_desc":"","disable_ad":"0"},"jnews_primary_category":{"id":"","hide":""},"jnews_social_meta":{"fb_title":"","fb_description":"","fb_image":"","twitter_title":"","twitter_description":"","twitter_image":""},"jnews_review":[],"enable_review":"0","type":"percentage","name":"","summary":"","brand":"","sku":"","good":[{"good_text":""}],"bad":[{"bad_text":""}],"score_override":"","override_value":"","rating":[{"rating_text":"","rating_number":"10"}],"price":[{"shop":"","price":"","link":"","icon":""}],"jnews_override_counter":{"override_view_counter":"0","view_counter_number":"0","override_share_counter":"0","share_counter_number":"0","override_like_counter":"0","like_counter_number":"0","override_dislike_counter":"0","dislike_counter_number":"0"},"jnews_post_split":{"enable_post_split":"0","post_split":[{"template":"1","tag":"h2","numbering":"asc","mode":"normal","first":"0","enable_toc":"0","toc_type":"normal"}]},"footnotes":""},"categories":[58],"tags":[1228,3839,44,124,1016,5252,9908,45,363,5555],"class_list":["post-36610","post","type-post","status-publish","format-standard","has-post-thumbnail","hentry","category-argentina","tag-alerta-amarilla","tag-alerta-naranja","tag-argentina","tag-buenos-aires","tag-clima","tag-feriados","tag-mal-clima","tag-noticias","tag-provincia-de-buenos-aires","tag-servicio-meteorologico-nacional-2"],"amp_enabled":true,"_links":{"self":[{"href":"https:\/\/esreviral.com\/index.php?rest_route=\/wp\/v2\/posts\/36610"}],"collection":[{"href":"https:\/\/esreviral.com\/index.php?rest_route=\/wp\/v2\/posts"}],"about":[{"href":"https:\/\/esreviral.com\/index.php?rest_route=\/wp\/v2\/types\/post"}],"author":[{"embeddable":true,"href":"https:\/\/esreviral.com\/index.php?rest_route=\/wp\/v2\/users\/3"}],"replies":[{"embeddable":true,"href":"https:\/\/esreviral.com\/index.php?rest_route=%2Fwp%2Fv2%2Fcomments&post=36610"}],"version-history":[{"count":0,"href":"https:\/\/esreviral.com\/index.php?rest_route=\/wp\/v2\/posts\/36610\/revisions"}],"wp:featuredmedia":[{"embeddable":true,"href":"https:\/\/esreviral.com\/index.php?rest_route=\/wp\/v2\/media\/36611"}],"wp:attachment":[{"href":"https:\/\/esreviral.com\/index.php?rest_route=%2Fwp%2Fv2%2Fmedia&parent=36610"}],"wp:term":[{"taxonomy":"category","embeddable":true,"href":"https:\/\/esreviral.com\/index.php?rest_route=%2Fwp%2Fv2%2Fcategories&post=36610"},{"taxonomy":"post_tag","embeddable":true,"href":"https:\/\/esreviral.com\/index.php?rest_route=%2Fwp%2Fv2%2Ftags&post=36610"}],"curies":[{"name":"wp","href":"https:\/\/api.w.org\/{rel}","templated":true}]}}