{"id":36457,"date":"2023-05-23T11:34:33","date_gmt":"2023-05-23T16:34:33","guid":{"rendered":"https:\/\/esreviral.com\/?p=36457"},"modified":"2023-05-23T11:34:34","modified_gmt":"2023-05-23T16:34:34","slug":"coro-de-voces-blancas-venezolano-brillo-en-su-presentacion","status":"publish","type":"post","link":"https:\/\/esreviral.com\/?p=36457","title":{"rendered":"Coro de voces blancas venezolano, brill\u00f3 en su presentaci\u00f3n"},"content":{"rendered":"\n<p><strong>CIS.- El Coro de voces blancas integrado por ni\u00f1os venezolanos en la ciudad de Buenos Aires,<\/strong> brill\u00f3 en una magistral presentaci\u00f3n que realiz\u00f3 durante el fin de semana en el marco del cliclo de infancias de ni\u00f1os y j\u00f3venes en la UTN. <\/p>\n\n\n\n<p><strong>Son 15 participantes, 12 hembras y 3 varones, quienes conforman el coro llamado Jose Antonio Abreu <\/strong>y que es dirigido por la tambi\u00e9n m\u00fasico y cantante <strong>Elicar P\u00e9rez,<\/strong> quien puso todo su empe\u00f1o y destrezas para que los m\u00e1s peque\u00f1os de la casa, deleitaran con su gran talento a los presentes al interpretar canciones t\u00edpicas del repertorio venezolano y se pasearan por los distintos ritmos como un Golpe Tocuyano, un pasaje llanero y hasta algo de cl\u00e1sico. <\/p>\n\n\n\n<figure class=\"wp-block-embed is-type-rich is-provider-twitter wp-block-embed-twitter\"><div class=\"wp-block-embed__wrapper\">\n<blockquote class=\"twitter-tweet\" data-width=\"500\" data-dnt=\"true\"><p lang=\"es\" dir=\"ltr\">Coro de voces blancas venezolano brill\u00f3 en una presentaci\u00f3n de Buenos Aires <a href=\"https:\/\/t.co\/OqhsPSXW3U\">pic.twitter.com\/OqhsPSXW3U<\/a><\/p>&mdash; ES RE VIRAL (@esreviral) <a href=\"https:\/\/twitter.com\/esreviral\/status\/1661047636663697410?ref_src=twsrc%5Etfw\">May 23, 2023<\/a><\/blockquote><script async src=\"https:\/\/platform.twitter.com\/widgets.js\" charset=\"utf-8\"><\/script>\n<\/div><\/figure>\n","protected":false},"excerpt":{"rendered":"<p>CIS.- El Coro de voces blancas integrado por ni\u00f1os venezolanos en la ciudad de Buenos Aires, brill\u00f3 en una magistral presentaci\u00f3n que realiz\u00f3 durante el fin de semana en el marco del cliclo de infancias de ni\u00f1os y j\u00f3venes en la UTN. Son 15 participantes, 12 hembras y 3 varones, quienes conforman el coro llamado [&hellip;]<\/p>\n","protected":false},"author":2,"featured_media":36459,"comment_status":"open","ping_status":"closed","sticky":false,"template":"","format":"standard","meta":{"jnews-multi-image_gallery":[],"jnews_single_post":{"subtitle":"","format":"standard","video":"","gallery":"","source_name":"","source_url":"","via_name":"","via_url":"","override_template":"0","override":[{"template":"4","single_blog_custom":"","parallax":"1","fullscreen":"1","layout":"right-sidebar","sidebar":"default-sidebar","second_sidebar":"default-sidebar","sticky_sidebar":"1","share_position":"top","share_float_style":"share-monocrhome","show_share_counter":"1","show_view_counter":"1","show_featured":"1","show_post_meta":"1","show_post_author":"1","show_post_author_image":"1","show_post_date":"1","post_date_format":"default","post_date_format_custom":"Y\/m\/d","show_post_category":"1","show_post_reading_time":"1","post_reading_time_wpm":"300","show_zoom_button":"1","zoom_button_out_step":"2","zoom_button_in_step":"3","show_post_tag":"1","show_prev_next_post":"1","show_popup_post":"1","number_popup_post":"1","show_author_box":"1","show_post_related":"1","show_inline_post_related":"0"}],"override_image_size":"0","image_override":[{"single_post_thumbnail_size":"crop-500","single_post_gallery_size":"crop-500"}],"trending_post":"0","trending_post_position":"meta","trending_post_label":"Trending","sponsored_post":"0","sponsored_post_label":"Sponsored by","sponsored_post_name":"","sponsored_post_url":"","sponsored_post_logo_enable":"0","sponsored_post_logo":"","sponsored_post_desc":"","disable_ad":"0"},"jnews_primary_category":{"id":"","hide":""},"jnews_social_meta":{"fb_title":"","fb_description":"","fb_image":"","twitter_title":"","twitter_description":"","twitter_image":""},"jnews_review":[],"enable_review":"0","type":"percentage","name":"","summary":"","brand":"","sku":"","good":[{"good_text":""}],"bad":[{"bad_text":""}],"score_override":"","override_value":"","rating":[{"rating_text":"","rating_number":"10"}],"price":[{"shop":"","price":"","link":"","icon":""}],"jnews_override_counter":{"override_view_counter":"0","view_counter_number":"0","override_share_counter":"0","share_counter_number":"0","override_like_counter":"0","like_counter_number":"0","override_dislike_counter":"0","dislike_counter_number":"0"},"jnews_post_split":{"enable_post_split":"0","post_split":[{"template":"1","tag":"h2","numbering":"asc","mode":"normal","first":"0","enable_toc":"0","toc_type":"normal"}]},"footnotes":""},"categories":[1142,5892],"tags":[9812,45,67],"class_list":["post-36457","post","type-post","status-publish","format-standard","has-post-thumbnail","hentry","category-musica","category-venezolanos-en-argentina","tag-coro-de-voces-blancas","tag-noticias","tag-venezolanos-en-argentina"],"amp_enabled":true,"_links":{"self":[{"href":"https:\/\/esreviral.com\/index.php?rest_route=\/wp\/v2\/posts\/36457"}],"collection":[{"href":"https:\/\/esreviral.com\/index.php?rest_route=\/wp\/v2\/posts"}],"about":[{"href":"https:\/\/esreviral.com\/index.php?rest_route=\/wp\/v2\/types\/post"}],"author":[{"embeddable":true,"href":"https:\/\/esreviral.com\/index.php?rest_route=\/wp\/v2\/users\/2"}],"replies":[{"embeddable":true,"href":"https:\/\/esreviral.com\/index.php?rest_route=%2Fwp%2Fv2%2Fcomments&post=36457"}],"version-history":[{"count":0,"href":"https:\/\/esreviral.com\/index.php?rest_route=\/wp\/v2\/posts\/36457\/revisions"}],"wp:featuredmedia":[{"embeddable":true,"href":"https:\/\/esreviral.com\/index.php?rest_route=\/wp\/v2\/media\/36459"}],"wp:attachment":[{"href":"https:\/\/esreviral.com\/index.php?rest_route=%2Fwp%2Fv2%2Fmedia&parent=36457"}],"wp:term":[{"taxonomy":"category","embeddable":true,"href":"https:\/\/esreviral.com\/index.php?rest_route=%2Fwp%2Fv2%2Fcategories&post=36457"},{"taxonomy":"post_tag","embeddable":true,"href":"https:\/\/esreviral.com\/index.php?rest_route=%2Fwp%2Fv2%2Ftags&post=36457"}],"curies":[{"name":"wp","href":"https:\/\/api.w.org\/{rel}","templated":true}]}}