{"id":36360,"date":"2023-05-22T08:52:21","date_gmt":"2023-05-22T13:52:21","guid":{"rendered":"https:\/\/esreviral.com\/?p=36360"},"modified":"2023-05-22T08:52:22","modified_gmt":"2023-05-22T13:52:22","slug":"un-ataque-armado-contra-pilotos-de-un-rally-deja-10-muertos-en-mexico","status":"publish","type":"post","link":"https:\/\/esreviral.com\/?p=36360","title":{"rendered":"Un ataque armado contra pilotos de un rally deja 10 muertos en M\u00e9xico"},"content":{"rendered":"\n<p>Un <strong>ataque con armas largas<\/strong> contra un grupo de pilotos aficionados de rally en la localidad mexicana de Ensenada, sobre la frontera con EE.UU., dej\u00f3 un saldo de<strong> 10 muertos y nueve heridos el s\u00e1bado,<\/strong> seg\u00fan informaron las autoridades. La masacre se produjo en la tarde cuando los automovilistas, que participaban en una carrera de aventura, se hallaban estacionados a la orilla de una autopista y un grupo de hombres descendi\u00f3 de una camioneta y abri\u00f3 fuego.<\/p>\n\n\n\n<p>Hasta anoche, se ignoraban las causas de la matanza y sus motivos. Pero las autoridades de M\u00e9xico lo atribuyeron a un \u201cenfrentamiento\u201d entre <strong>grupos narcotraficantes.<\/strong> En un comunicado al que tuvo acceso la AFP este domingo, el fiscal estatal, Ricardo Iv\u00e1n Carpio, dijo que en el lugar de los hechos fue abandonada una camioneta desde la cual habr\u00edan disparado los atacantes y que tiene al menos tres impactos de bala y manchas de sangre en su interior.<\/p>\n\n\n\n<p>\u201cCon estos nuevos hallazgos podemos determinar que este incidente obedece a un enfrentamiento entre presuntos criminales que se confrontaron a tiros en el evento\u201d, se\u00f1al\u00f3 el fiscal, citado en el texto.<\/p>\n\n\n\n<p>La Fiscal\u00eda detall\u00f3 que el atentado fue repelido por algunas personas que se encontraban del lado de los pilotos. Por tanto, \u201clas investigaciones estar\u00e1n orientadas a establecer el origen y el m\u00f3vil del enfrentamiento entre presuntos grupos del crimen organizado\u201d, a\u00f1adi\u00f3.<\/p>\n\n\n\n<p>Videos difundidos en redes sociales muestran algunas escenas posteriores a la matanza, en las que se observan al menos dos cuerpos tirados en una vereda despavimentada donde hab\u00eda parado la caravana durante el recorrido.<\/p>\n\n\n\n<p>Tambi\u00e9n se observa a uno de los pilotos, a\u00fan con casco, tumbado sobre la puerta de su auto y la llegada de personal de las fuerzas de seguridad.<\/p>\n\n\n\n<p>La fiscal\u00eda de Baja California -al que pertenece Ensenada y duramente golpeado por la violencia del narcotr\u00e1ficoanunci\u00f3 la conformaci\u00f3n de un \u201cgrupo especial de investigaci\u00f3n\u201d para identificar a los asesinos y determinar los m\u00f3viles de la matanza. Algunos heridos recibieron atenci\u00f3n de emergencia de la Cruz Roja local.<\/p>\n\n\n\n<p>Por sus terrenos des\u00e9rticos, Baja California es sede de carreras de veh\u00edculos todoterreno en las que participan pilotos de todo el mundo. Una de las carreras m\u00e1s famosas es la llamada \u201cBaja 1000\u201d, en la que compiten autos, motos y cuatrimotos de este tipo. Baja California es tambi\u00e9n uno de los Estados donde m\u00e1s se cometen homicidios dolosos en M\u00e9xico, la mayor\u00eda atribuidos por el gobierno a guerras entre bandas del crimen organizado. Entre enero y abril pasado se registraron all\u00ed 721 asesinatos, de acuerdo con datos oficiales. Ese y otros cinco Estados concentran el 47,3% del total de homicidios registrados en el pa\u00eds en igual per\u00edodo (9.912).<\/p>\n\n\n\n<p>M\u00e9xico est\u00e1 envuelto en una espiral de violencia que deja casi 400.000 muertos y decenas de miles de desaparecidos desde 2006, cuando el gobierno de Felipe Calder\u00f3n despleg\u00f3 una pol\u00e9mica ofensiva antidrogas con apoyo de EE.UU. y participaci\u00f3n de las fuerzas armadas mexicanas.<\/p>\n\n\n\n<p class=\"has-text-align-right\"><strong><em>Clarin.-<\/em><\/strong><\/p>\n","protected":false},"excerpt":{"rendered":"<p>Fue en Ensenada, en la frontera con EE.UU. Se ignoran las causas del hecho. Apuntan a un choque entre bandas.<\/p>\n","protected":false},"author":3,"featured_media":36361,"comment_status":"open","ping_status":"closed","sticky":false,"template":"","format":"standard","meta":{"jnews-multi-image_gallery":[],"jnews_single_post":{"subtitle":"","format":"standard","video":"","gallery":"","source_name":"","source_url":"","via_name":"","via_url":"","override_template":"0","override":[{"template":"4","single_blog_custom":"","parallax":"1","fullscreen":"1","layout":"right-sidebar","sidebar":"default-sidebar","second_sidebar":"default-sidebar","sticky_sidebar":"1","share_position":"top","share_float_style":"share-monocrhome","show_share_counter":"1","show_view_counter":"1","show_featured":"1","show_post_meta":"1","show_post_author":"1","show_post_author_image":"1","show_post_date":"1","post_date_format":"default","post_date_format_custom":"Y\/m\/d","show_post_category":"1","show_post_reading_time":"1","post_reading_time_wpm":"300","show_zoom_button":"1","zoom_button_out_step":"2","zoom_button_in_step":"3","show_post_tag":"1","show_prev_next_post":"1","show_popup_post":"1","number_popup_post":"1","show_author_box":"1","show_post_related":"1","show_inline_post_related":"0"}],"override_image_size":"0","image_override":[{"single_post_thumbnail_size":"crop-500","single_post_gallery_size":"crop-500"}],"trending_post":"0","trending_post_position":"meta","trending_post_label":"Trending","sponsored_post":"0","sponsored_post_label":"Sponsored by","sponsored_post_name":"","sponsored_post_url":"","sponsored_post_logo_enable":"0","sponsored_post_logo":"","sponsored_post_desc":"","disable_ad":"0"},"jnews_primary_category":{"id":"","hide":""},"jnews_social_meta":{"fb_title":"","fb_description":"","fb_image":"","twitter_title":"","twitter_description":"","twitter_image":""},"jnews_review":[],"enable_review":"0","type":"percentage","name":"","summary":"","brand":"","sku":"","good":[{"good_text":""}],"bad":[{"bad_text":""}],"score_override":"","override_value":"","rating":[{"rating_text":"","rating_number":"10"}],"price":[{"shop":"","price":"","link":"","icon":""}],"jnews_override_counter":{"override_view_counter":"0","view_counter_number":"0","override_share_counter":"0","share_counter_number":"0","override_like_counter":"0","like_counter_number":"0","override_dislike_counter":"0","dislike_counter_number":"0"},"jnews_post_split":{"enable_post_split":"0","post_split":[{"template":"1","tag":"h2","numbering":"asc","mode":"normal","first":"0","enable_toc":"0","toc_type":"normal"}]},"footnotes":""},"categories":[88,64],"tags":[9692,281,9696,136,9693,1190,457,2913,1255,45,9691,9694,9695],"class_list":["post-36360","post","type-post","status-publish","format-standard","has-post-thumbnail","hentry","category-internacionales","category-sucesos","tag-armas-largas","tag-asesinato","tag-baja-california","tag-estados-unidos","tag-grupos-narcotraficantes","tag-masacre","tag-mexico","tag-muertos","tag-narcotrafico","tag-noticias","tag-pilotos","tag-pilotos-de-rally","tag-terror-en-mexico"],"amp_enabled":true,"_links":{"self":[{"href":"https:\/\/esreviral.com\/index.php?rest_route=\/wp\/v2\/posts\/36360"}],"collection":[{"href":"https:\/\/esreviral.com\/index.php?rest_route=\/wp\/v2\/posts"}],"about":[{"href":"https:\/\/esreviral.com\/index.php?rest_route=\/wp\/v2\/types\/post"}],"author":[{"embeddable":true,"href":"https:\/\/esreviral.com\/index.php?rest_route=\/wp\/v2\/users\/3"}],"replies":[{"embeddable":true,"href":"https:\/\/esreviral.com\/index.php?rest_route=%2Fwp%2Fv2%2Fcomments&post=36360"}],"version-history":[{"count":0,"href":"https:\/\/esreviral.com\/index.php?rest_route=\/wp\/v2\/posts\/36360\/revisions"}],"wp:featuredmedia":[{"embeddable":true,"href":"https:\/\/esreviral.com\/index.php?rest_route=\/wp\/v2\/media\/36361"}],"wp:attachment":[{"href":"https:\/\/esreviral.com\/index.php?rest_route=%2Fwp%2Fv2%2Fmedia&parent=36360"}],"wp:term":[{"taxonomy":"category","embeddable":true,"href":"https:\/\/esreviral.com\/index.php?rest_route=%2Fwp%2Fv2%2Fcategories&post=36360"},{"taxonomy":"post_tag","embeddable":true,"href":"https:\/\/esreviral.com\/index.php?rest_route=%2Fwp%2Fv2%2Ftags&post=36360"}],"curies":[{"name":"wp","href":"https:\/\/api.w.org\/{rel}","templated":true}]}}