{"id":36353,"date":"2023-05-22T08:29:38","date_gmt":"2023-05-22T13:29:38","guid":{"rendered":"https:\/\/esreviral.com\/?p=36353"},"modified":"2023-05-22T08:29:39","modified_gmt":"2023-05-22T13:29:39","slug":"anunciaron-un-nuevo-paro-de-subte-cuando-sera-y-a-que-lineas-afectara","status":"publish","type":"post","link":"https:\/\/esreviral.com\/?p=36353","title":{"rendered":"Anunciaron un nuevo paro de subte: cu\u00e1ndo ser\u00e1 y a qu\u00e9 l\u00edneas afectar\u00e1"},"content":{"rendered":"\n<p>La Asociaci\u00f3n Gremial de Trabajadores del Subte y Premetro (AGTSyP-Metrodelegadxs) anunci\u00f3 que realizar\u00e1\u00a0<strong>un nuevo paro de subte en todas las l\u00edneas para el martes 23 de mayo.<\/strong><\/p>\n\n\n\n<p>Tal como ocurri\u00f3\u00a0el martes pasado,\u00a0todos los ramales del subte -incluido el premetro- se ver\u00e1n afectados por la medida de fuerza durante distintos horarios del d\u00eda. El reclamo comenzar\u00e1 a las 5.30 de este martes en la l\u00ednea H y culminar\u00e1 a la medianoche en la l\u00ednea D. Los servicios funcionar\u00e1n con normalidad el mi\u00e9rcoles.<\/p>\n\n\n\n<p><strong><mark style=\"background-color:rgba(0, 0, 0, 0)\" class=\"has-inline-color has-vivid-red-color\">Paro de subte: c\u00f3mo funcionar\u00e1n todas las l\u00edneas este martes 23 de mayo<\/mark><\/strong><\/p>\n\n\n\n<p>Este martes 23 de mayo, los&nbsp;<strong>metrodelegados<\/strong>&nbsp;realizar\u00e1n distintas medidas de fuerza, entre ellas la<strong>&nbsp;interrupci\u00f3n de todas las l\u00edneas&nbsp;<\/strong>del subte porte\u00f1o en diferentes horarios<\/p>\n\n\n\n<ul class=\"wp-block-list\">\n<li><strong>5.30 a 9:<\/strong>&nbsp;paro en la<strong>&nbsp;l\u00ednea H.<\/strong><\/li>\n\n\n\n<li><strong>9 a 12:<\/strong>&nbsp;paro en la&nbsp;<strong>l\u00ednea B.<\/strong><\/li>\n\n\n\n<li><strong>12 a 15:&nbsp;<\/strong>paro en la&nbsp;<strong>l\u00ednea C.<\/strong><\/li>\n\n\n\n<li><strong>15 a 18<\/strong>: paro en la&nbsp;<strong>l\u00ednea E y Premetro.<\/strong><\/li>\n\n\n\n<li><strong>18 a 21<\/strong>: paro en la<strong>&nbsp;l\u00ednea A.<\/strong><\/li>\n\n\n\n<li><strong>21 a 24:<\/strong>\u00a0paro en la\u00a0<strong>l\u00ednea D.<\/strong><\/li>\n<\/ul>\n\n\n\n<p><strong><mark style=\"background-color:rgba(0, 0, 0, 0)\" class=\"has-inline-color has-vivid-red-color\">Paro de subte: qu\u00e9 reclaman los trabajadores<\/mark><\/strong><\/p>\n\n\n\n<p>A los ya conocidos reclamos por la reducci\u00f3n de la jornada laboral para tener dos francos y, al mismo tiempo, reducir la exposici\u00f3n al asbesto que sufren los trabajadores; los metrodelegados<strong>&nbsp;reclaman una mesa de discusi\u00f3n salarial.<\/strong><\/p>\n\n\n\n<p>\u201cLas y los trabajadores del subte venimos reclamando la reducci\u00f3n de la jornada laboral a 30 horas semanales para tener dos francos y disminuir nuestra exposici\u00f3n al material cancer\u00edgeno asbesto. Adem\u00e1s, reclamamos la apertura de la mesa de sucusi\u00f3n salarial porque&nbsp;<strong>nuestra paritaria est\u00e1 vencida desde febrero\u201d<\/strong>, se\u00f1alaron el comunicado difundido este domingo.<\/p>\n\n\n\n<p>A su vez, apuntaron contra EMOVA, la empresa que tiene la concesi\u00f3n de los subtes: \u201cEMOVA responde a los reclamos mintiendo a los usuarios al afirmar que el subte es un lugar seguro. Mientras a las y los trabajadores<strong>\u00a0les descuenta ilegalmente d\u00edas trabajados y aplica sanciones ileg\u00edtimas e ilegales con el objetivo de acallar el reclamo\u201d.<\/strong><\/p>\n\n\n\n<p>\u201cNo lo lograr\u00e1n. La pelea es por nuestra salud y nuestras condiciones de vida\u201d, agregaron los metrodelegados, quienes le pidieron disculpa a los usuarios: \u201cLamentamos las molestias, que esto pueda ocasionar al p\u00fablico usuario y recordamo<strong>s mirar el cronograma para optar por v\u00edas alternativas para llegar a sus destinos\u201d.<\/strong><\/p>\n\n\n\n<p>Desde la empresa informaron que \u201cante la postura inflexible adoptada por la AGTSyP y la reiteraci\u00f3n de las medidas, Emova contin\u00faa manifestando su disposici\u00f3n al di\u00e1logo, pero la reducci\u00f3n de la jornada semanal de 36 a 30 horas resulta inviable sin afectar las actividades de operaci\u00f3n de la red de Subte\u201d.<\/p>\n\n\n\n<p class=\"has-text-align-right\"><strong><em>tn.-<\/em><\/strong><\/p>\n","protected":false},"excerpt":{"rendered":"<p>La medida de fuerza comenzar\u00e1 a las 5.30 en la l\u00ednea H y culminar\u00e1 a la medianoche en la l\u00ednea D. A los reclamos por la reducci\u00f3n de la jornada laboral y la exposici\u00f3n al asbesto, los trabajadores agregaron un pedido de mesa de discusi\u00f3n salarial. \u201cNuestra paritaria est\u00e1 vencida desde febrero\u201d, se\u00f1alaron.<\/p>\n","protected":false},"author":3,"featured_media":34927,"comment_status":"open","ping_status":"closed","sticky":false,"template":"","format":"standard","meta":{"jnews-multi-image_gallery":[],"jnews_single_post":{"subtitle":"","format":"standard","video":"","gallery":"","source_name":"","source_url":"","via_name":"","via_url":"","override_template":"0","override":[{"template":"4","single_blog_custom":"","parallax":"1","fullscreen":"1","layout":"right-sidebar","sidebar":"default-sidebar","second_sidebar":"default-sidebar","sticky_sidebar":"1","share_position":"top","share_float_style":"share-monocrhome","show_share_counter":"1","show_view_counter":"1","show_featured":"1","show_post_meta":"1","show_post_author":"1","show_post_author_image":"1","show_post_date":"1","post_date_format":"default","post_date_format_custom":"Y\/m\/d","show_post_category":"1","show_post_reading_time":"1","post_reading_time_wpm":"300","show_zoom_button":"1","zoom_button_out_step":"2","zoom_button_in_step":"3","show_post_tag":"1","show_prev_next_post":"1","show_popup_post":"1","number_popup_post":"1","show_author_box":"1","show_post_related":"1","show_inline_post_related":"0"}],"override_image_size":"0","image_override":[{"single_post_thumbnail_size":"crop-500","single_post_gallery_size":"crop-500"}],"trending_post":"0","trending_post_position":"meta","trending_post_label":"Trending","sponsored_post":"0","sponsored_post_label":"Sponsored by","sponsored_post_name":"","sponsored_post_url":"","sponsored_post_logo_enable":"0","sponsored_post_logo":"","sponsored_post_desc":"","disable_ad":"0"},"jnews_primary_category":{"id":"","hide":""},"jnews_social_meta":{"fb_title":"","fb_description":"","fb_image":"","twitter_title":"","twitter_description":"","twitter_image":""},"jnews_review":[],"enable_review":"0","type":"percentage","name":"","summary":"","brand":"","sku":"","good":[{"good_text":""}],"bad":[{"bad_text":""}],"score_override":"","override_value":"","rating":[{"rating_text":"","rating_number":"10"}],"price":[{"shop":"","price":"","link":"","icon":""}],"jnews_override_counter":{"override_view_counter":"0","view_counter_number":"0","override_share_counter":"0","share_counter_number":"0","override_like_counter":"0","like_counter_number":"0","override_dislike_counter":"0","dislike_counter_number":"0"},"jnews_post_split":{"enable_post_split":"0","post_split":[{"template":"1","tag":"h2","numbering":"asc","mode":"normal","first":"0","enable_toc":"0","toc_type":"normal"}]},"footnotes":""},"categories":[58],"tags":[44,45,1896,290,5535,9476],"class_list":["post-36353","post","type-post","status-publish","format-standard","has-post-thumbnail","hentry","category-argentina","tag-argentina","tag-noticias","tag-paro-de-subte","tag-subte","tag-subterraneos-de-buenos-aires","tag-todas-las-lineas"],"amp_enabled":true,"_links":{"self":[{"href":"https:\/\/esreviral.com\/index.php?rest_route=\/wp\/v2\/posts\/36353"}],"collection":[{"href":"https:\/\/esreviral.com\/index.php?rest_route=\/wp\/v2\/posts"}],"about":[{"href":"https:\/\/esreviral.com\/index.php?rest_route=\/wp\/v2\/types\/post"}],"author":[{"embeddable":true,"href":"https:\/\/esreviral.com\/index.php?rest_route=\/wp\/v2\/users\/3"}],"replies":[{"embeddable":true,"href":"https:\/\/esreviral.com\/index.php?rest_route=%2Fwp%2Fv2%2Fcomments&post=36353"}],"version-history":[{"count":0,"href":"https:\/\/esreviral.com\/index.php?rest_route=\/wp\/v2\/posts\/36353\/revisions"}],"wp:featuredmedia":[{"embeddable":true,"href":"https:\/\/esreviral.com\/index.php?rest_route=\/wp\/v2\/media\/34927"}],"wp:attachment":[{"href":"https:\/\/esreviral.com\/index.php?rest_route=%2Fwp%2Fv2%2Fmedia&parent=36353"}],"wp:term":[{"taxonomy":"category","embeddable":true,"href":"https:\/\/esreviral.com\/index.php?rest_route=%2Fwp%2Fv2%2Fcategories&post=36353"},{"taxonomy":"post_tag","embeddable":true,"href":"https:\/\/esreviral.com\/index.php?rest_route=%2Fwp%2Fv2%2Ftags&post=36353"}],"curies":[{"name":"wp","href":"https:\/\/api.w.org\/{rel}","templated":true}]}}