{"id":36282,"date":"2023-05-19T10:29:09","date_gmt":"2023-05-19T15:29:09","guid":{"rendered":"https:\/\/esreviral.com\/?p=36282"},"modified":"2023-05-19T10:33:18","modified_gmt":"2023-05-19T15:33:18","slug":"cristina-kirchner-ganar-las-elecciones-depende-de-que-volvamos-a-enamorar-a-la-sociedad","status":"publish","type":"post","link":"https:\/\/esreviral.com\/?p=36282","title":{"rendered":"Cristina Kirchner: \u201cGanar las elecciones depende de que volvamos a enamorar a la sociedad\u201d"},"content":{"rendered":"\n<p>La vicepresidenta Cristina Fern\u00e1ndez de Kirchner afirm\u00f3 que \u00abganar las elecciones\u00bb de este a\u00f1o \u00abdepende de que volvamos a enamorar a la sociedad\u00bb y plante\u00f3 que la clave de un triunfo del Frente de Todos (FdT) pasa por \u00abvolver a convencer de que hubo un tiempo en que los argentinos ten\u00edan un salario que alcanzaba para ahorrar\u00bb. <\/p>\n\n\n\n<p>La titular del Senado sostuvo que de cara a las presidenciales de octubre el oficialismo debe poner esfuerzos en \u00abconvencer a la sociedad de que hubo en un tiempo en que los argentinos viv\u00edan mejor\u00bb, al recordar que en 2015 el pa\u00eds ten\u00eda el salario en d\u00f3lares m\u00e1s alto de Am\u00e9rica latina.<\/p>\n\n\n\n<p>La exmandataria formul\u00f3 estos y otros conceptos durante una entrevista que ofreci\u00f3 en los estudios del canal C5N, donde dej\u00f3 algunas definiciones de cara al proceso electoral y volvi\u00f3 apuntar a la Corte Suprema, de la que advirti\u00f3: \u00abViene por el sistema democr\u00e1tico\u00bb.<\/p>\n\n\n\n<blockquote class=\"wp-block-quote is-layout-flow wp-block-quote-is-layout-flow\">\n<p>\u00abYa lo hicimos y lo podemos volver a hacer. Pudimos recuperar condiciones de trabajo y las AFJP. Cuando N\u00e9stor (Kirchner) lleg\u00f3 al Gobierno la mayor\u00eda no ten\u00eda cobertura previsional y los jubilados cobraban 200 mangos\u00bb-<\/p>\n<\/blockquote>\n\n\n\n<p><\/p>\n\n\n\n<p>En cuanto a su determinaci\u00f3n de no asumir una candidatura, la justific\u00f3 al se\u00f1alar que los miembros del m\u00e1ximo tribunal son capaces de \u00abanimarse a todo\u00bb, situaci\u00f3n que la somete a estar \u00aben libertad condicional t\u00e9cnicamente\u00bb. <\/p>\n\n\n\n<p>La extensa entrevista de m\u00e1s de dos horas con el conductor del ciclo Duro de Domar, el periodista Pablo Duggan, <strong>fue la primera aparici\u00f3n p\u00fablica de la expresidenta luego de que el martes pasado reiterara que en las pr\u00f3ximas elecciones \u00abno ser\u00e1 candidata a nada\u00bb. <\/strong><\/p>\n\n\n\n<p><strong><mark style=\"background-color:rgba(0, 0, 0, 0)\" class=\"has-inline-color has-vivid-red-color\">Sobre las pr\u00f3ximas elecciones <\/mark><\/strong><\/p>\n\n\n\n<p>En materia electoral, Cristina Fern\u00e1ndez evalu\u00f3 que para que el FdT consiga una victoria en los comicios presidenciales tendr\u00e1 que \u00abvolver a enamorar a la sociedad\u00bb, y en ese sentido consider\u00f3 posible \u00abvolver a convencer\u00bb a los argentinos y argentinas de que se puede \u00abvivir mejor\u00bb.<\/p>\n\n\n\n<p>\u00abYa lo hicimos y lo podemos volver a hacer. Pudimos recuperar condiciones de trabajo y las AFJP. Cuando N\u00e9stor (Kirchner) lleg\u00f3 al Gobierno la mayor\u00eda no ten\u00eda cobertura previsional y los jubilados cobraban 200 mangos\u00bb, repas\u00f3 sobre la gesti\u00f3n del kirchnerismo. <\/p>\n\n\n\n<figure class=\"wp-block-image size-full\"><img fetchpriority=\"high\" decoding=\"async\" width=\"1000\" height=\"667\" src=\"https:\/\/esreviral.com\/wp-content\/uploads\/2023\/05\/AnyConv.com__01879549cb10aba762f117a6eed59708_XL.webp\" alt=\"\" class=\"wp-image-36287\" srcset=\"https:\/\/esreviral.com\/wp-content\/uploads\/2023\/05\/AnyConv.com__01879549cb10aba762f117a6eed59708_XL.webp 1000w, https:\/\/esreviral.com\/wp-content\/uploads\/2023\/05\/AnyConv.com__01879549cb10aba762f117a6eed59708_XL-300x200.webp 300w, https:\/\/esreviral.com\/wp-content\/uploads\/2023\/05\/AnyConv.com__01879549cb10aba762f117a6eed59708_XL-768x512.webp 768w, https:\/\/esreviral.com\/wp-content\/uploads\/2023\/05\/AnyConv.com__01879549cb10aba762f117a6eed59708_XL-750x500.webp 750w\" sizes=\"(max-width: 1000px) 100vw, 1000px\" \/><\/figure>\n\n\n\n<p>Adem\u00e1s, la Vicepresidenta anticip\u00f3 que estas elecciones ser\u00e1n \u00abat\u00edpicas\u00bb, con un mapa electoral organizado en \u00abtercios\u00bb, donde el \u00abpiso\u00bb de votos ser\u00e1 m\u00e1s importante que \u00abel techo\u00bb, para que los partidos logren ingresar al \u00abbalotaje\u00bb de noviembre. <\/p>\n\n\n\n<p>\u00abEstamos ante un momento dif\u00edcil, pero creo que van a ser elecciones at\u00edpicas, de tercios\u00bb, desarroll\u00f3 al referirse al FdT, a la alianza opositora Juntos por el Cambio y al espacio ultraliberal del economista y diputado Javier Milei.<\/p>\n\n\n\n<p>A ese \u00abnuevo tercio\u00bb, encarnado por La Libertad Avanza, le atribuy\u00f3 representar \u00abla bronca\u00bb como expresi\u00f3n de lo que llama la \u00abinsatisfacci\u00f3n democr\u00e1tica\u00bb. <\/p>\n\n\n\n<p>En otro orden, alert\u00f3 que en la actualidad \u00abse hace pol\u00edtica en Tribunales\u00bb a partir de la acci\u00f3n del \u00abpartido judicial\u00bb, al que asoci\u00f3 con la alianza conformada por el PRO, la UCR y la Coalici\u00f3n C\u00edvica, aunque luego aclar\u00f3 que \u00abla pol\u00edtica no fue as\u00ed hasta 2015\u00bb sino que \u00aba partir de diciembre de 2015\u00bb, en alusi\u00f3n a la llegada de Mauricio Macri al poder. <\/p>\n\n\n\n<p>Tras ratificar que no ser\u00e1 candidata en las pr\u00f3ximas elecciones, resalt\u00f3 que usa sus palabras \u00abcon responsabilidad\u00bb y que la poblaci\u00f3n argentina tiene \u00abcomprensi\u00f3n de texto\u00bb. <\/p>\n\n\n\n<p>Consultada respecto de su determinaci\u00f3n de no postularse, reiter\u00f3: \u00abEst\u00e1 muy claro lo que publiqu\u00e9 el otro d\u00eda. Es la ratificaci\u00f3n de lo que hab\u00eda dicho el 6 de diciembre. Cuando hablo, s\u00e9 que la palabra de una persona que fue dos veces Presidenta y lidera una fuerza pol\u00edtica debe ser ejercida con responsabilidad\u00bb. <\/p>\n\n\n\n<blockquote class=\"wp-block-quote is-layout-flow wp-block-quote-is-layout-flow\">\n<p>\u00abEn una econom\u00eda bimonetaria como Argentina, el endeudamiento vertiginoso que hizo el macrismo, la combinaci\u00f3n con tasa alta de inter\u00e9s, cuando se van los d\u00f3lares se produce un proceso inflacionario\u00bb.<\/p>\n<\/blockquote>\n\n\n\n<p>Despu\u00e9s invit\u00f3 a la militancia y a los votantes del oficialismo al acto que ella misma encabezar\u00e1 el jueves 25 de mayo en Plaza de Mayo, en conmemoraci\u00f3n de los 20 a\u00f1os de asunci\u00f3n de N\u00e9stor Kirchner: \u00abLos espero a todos en la Plaza\u00bb, convoc\u00f3 .<\/p>\n\n\n\n<p>Al ser consultada por su futuro pol\u00edtico, la Vicepresidenta se defini\u00f3 como una \u00abmilitante de toda la vida\u00bb que forma parte de la \u00abgeneraci\u00f3n diezmada\u00bb de la que habl\u00f3 el propio Kirchner en su discurso de asunci\u00f3n, el 25 de mayo de 2003.<\/p>\n\n\n\n<p>Sobre su rol en los pr\u00f3ximos comicios, en alusi\u00f3n a un eventual rol de armadora pol\u00edtica, agreg\u00f3: \u00abEste a\u00f1o voy a cumplir el papel de siempre. El de una militante pol\u00edtica para que lo que considero que es lo mejor que les puede pasar a los argentinos, les pase\u00bb.<\/p>\n\n\n\n<p>En cuanto a qu\u00e9 espera para los pr\u00f3ximos tiempos, manifest\u00f3 su deseo de que \u00ablos hijos de la generaci\u00f3n diezmada sean los que tomen la posta\u00bb, en una frase que fue le\u00edda como un espaldarazo a dirigentes de alrededor de 45 a\u00f1os como el ministro del Interior, Eduardo &#8216;Wado&#8217; De Pedro, quien adem\u00e1s es precandidato presidencial. <\/p>\n\n\n\n<p>Sobre la Corte Suprema, dijo que el m\u00e1ximo tribunal \u00abviene por el sistema democr\u00e1tico\u00bb, al referirse a la resoluci\u00f3n de Horacio Rosatti, Juan Carlos Maqueda y Carlos Rosenkrantz que impidi\u00f3 las elecciones en San Juan y Tucum\u00e1n.<\/p>\n\n\n\n<blockquote class=\"wp-block-quote is-layout-flow wp-block-quote-is-layout-flow\">\n<p>\u00abEst\u00e1 muy claro lo que publiqu\u00e9 el otro d\u00eda. Es la ratificaci\u00f3n de lo que hab\u00eda dicho el 6 de diciembre. Cuando hablo, s\u00e9 que la palabra de una persona que fue dos veces Presidenta y lidera una fuerza pol\u00edtica debe ser ejercida con responsabilidad\u00bb .<\/p>\n<\/blockquote>\n\n\n\n<p><\/p>\n\n\n\n<p>Y se\u00f1al\u00f3 que ese organismo \u00abse ha constituido en una camarilla de tres personas\u00bb. <\/p>\n\n\n\n<p>La exmandataria sostuvo as\u00ed que \u00abdeber\u00eda preocupar a todos\u00bb el accionar de la Corte Suprema y que \u00aben cualquier otro pa\u00eds del mundo\u00bb el caso tendr\u00eda \u00abmagnitud\u00bb. <\/p>\n\n\n\n<p><strong><mark style=\"background-color:rgba(0, 0, 0, 0)\" class=\"has-inline-color has-vivid-red-color\">El pa\u00eds ante la deuda con el FMI <\/mark><\/strong><\/p>\n\n\n\n<p>Tras insistir en que el pa\u00eds necesita \u00abrevisar el acuerdo con el FMI\u00bb porque \u00abel a\u00f1o que viene Argentina tiene vencimientos por 25 mil millones de d\u00f3lares, entre el Fondo, acreedores privados y sin contar organismos multilaterales\u00bb, la Vicepresidenta consider\u00f3 \u00abnecesario\u00bb un \u00abacuerdo entre todos los partidos pol\u00edticos que tengan expectativas de gobierno o representaci\u00f3n parlamentaria\u00bb para tomar definiciones respecto de la \u00abeconom\u00eda bimonetaria\u00bb.<\/p>\n\n\n\n<p>En dos tramos de la entrevista la exmandataria resalt\u00f3 la figura del ministro de Econom\u00eda, Sergio Massa.<\/p>\n\n\n\n<p>Fue cuando destac\u00f3 que el funcionario \u00abagarr\u00f3 una papa caliente\u00bb, en medio serias \u00abdificultades\u00bb econ\u00f3micas y al recordar la \u00abbuena relaci\u00f3n\u00bb que cimentaron desde 2019, Massa y su hijo, el diputado nacional y l\u00edder de la C\u00e1mpora, M\u00e1ximo Kirchner, a quien mencion\u00f3 como el \u00abgran art\u00edfice del acercamiento\u00bb del referente del Frente Renovador al FdT. <\/p>\n\n\n\n<p>Acto seguido y a exactamente cuatro a\u00f1os de proponerlo como el candidato presidencial del Frente de Todos en el 2019, Cristina Fern\u00e1ndez defendi\u00f3 la elecci\u00f3n de Alberto Fern\u00e1ndez para representar al espacio. <\/p>\n\n\n\n<p>\u00abHab\u00eda que asegurar la victoria del peronismo entonces hab\u00eda que agruparse. Fue una buena estrategia\u00bb, en ese \u00abcontexto\u00bb, dijo y agreg\u00f3: Despu\u00e9s depende de la gesti\u00f3n\u00bb.<\/p>\n\n\n\n<p>Record\u00f3 que, durante su per\u00edodo como jefa de Estado, hasta el a\u00f1o 2015, \u00abten\u00edamos el mejor salario de Am\u00e9rica Latina\u00bb y la gente \u00abpod\u00eda comprar hasta 2.500 d\u00f3lares por mes\u00bb. <\/p>\n\n\n\n<p>\u00abEn una econom\u00eda bimonetaria como Argentina, el endeudamiento vertiginoso que hizo el macrismo, la combinaci\u00f3n con tasa alta de inter\u00e9s, cuando se van los d\u00f3lares se produce un proceso inflacionario\u00bb, explic\u00f3. <\/p>\n\n\n\n<p>Hasta 2015 ten\u00edamos el mejor salario de Am\u00e9rica Latina, se pod\u00edan comprar 2.500 d\u00f3lares por mes. Hoy muy pocos pueden eso, hay que saber diferenciar los distintos problemas que tiene la econom\u00eda\u00bb, se\u00f1al\u00f3 Fern\u00e1ndez de Kirchner.<\/p>\n\n\n\n<p>La vicepresidenta Cristina Fern\u00e1ndez sostuvo hoy que en la \u00abeconom\u00eda bimonetaria\u00bb de Argentina el \u00abendeudamiento en d\u00f3lares agrava la restricci\u00f3n externa\u00bb. <\/p>\n\n\n\n<p>\u00abSi las operaciones inmobiliarias se hacen en d\u00f3lares, la gente quiere ahorrar en d\u00f3lares, necesit\u00e1s d\u00f3lares para producir y, si adem\u00e1s necesit\u00e1s pagar la deuda, los d\u00f3lares no alcanzan\u00bb, plante\u00f3 la Vicepresidenta.<\/p>\n\n\n\n<p><strong><mark style=\"background-color:rgba(0, 0, 0, 0)\" class=\"has-inline-color has-vivid-red-color\">PICOS DE 11 PUNTOS PARA LA ENTREVISTA DE CRISTINA FERN\u00c1NDEZ EN C5N <\/mark><\/strong><\/p>\n\n\n\n<p>Hasta 11 puntos de rating midieron los pasajes m\u00e1s vistos de la entrevista a la vicepresidenta de la Naci\u00f3n, Cristina Fern\u00e1ndez, en la se\u00f1al de noticias C5N. <\/p>\n\n\n\n<p>El inter\u00e9s por el di\u00e1logo que la expresidenta mantuvo en soledad con el conductor Pablo Duggan en \u201cDuro de domar\u201d estuvo a la altura de las expectativas generadas a partir de que se anunciara hace 48 horas. <\/p>\n\n\n\n<p>La primera entrevista televisiva de Fern\u00e1ndez de Kirchner desde 2017, cuando se postulaba para ser electa senadora por la provincia de Buenos Aires, inici\u00f3 poco despu\u00e9s de las 21.30 con 8.8 puntos de rating, seg\u00fan inform\u00f3 el perfil en Twitter @RealTimeRating, que difunde n\u00fameros del \u201cminuto a minuto\u201d de Kantar Ibope Media.<\/p>\n\n\n\n<p>Cerca de 15 minutos m\u00e1s tarde lleg\u00f3 a los 11 puntos, por encima no solo del encendido de todos los canales de cable sino tambi\u00e9n superior a las mediciones de \u201ctanques\u201d del prime time de la TV de aire como la telenovela brasile\u00f1a \u201cPantanal\u201d, de Telefe, y \u201cLos 8 escalones de los tres millones\u201d, el show de preguntas y respuestas conducido por Guido Kaczka, de eltrece.<\/p>\n\n\n\n<p class=\"has-text-align-right\"><strong><em>Telam.-<\/em><\/strong><\/p>\n","protected":false},"excerpt":{"rendered":"<p>La Vicepresidenta se refiri\u00f3 a las pr\u00f3ximas elecciones y plante\u00f3 que la clave de un triunfo del Frente de Todos (FdT) pasa por \u00abvolver a convencer de que hubo un tiempo en que los argentinos ten\u00edan un salario que alcanzaba para ahorrar\u00bb. <\/p>\n","protected":false},"author":3,"featured_media":36289,"comment_status":"open","ping_status":"closed","sticky":false,"template":"","format":"standard","meta":{"jnews-multi-image_gallery":[],"jnews_single_post":{"subtitle":"","format":"standard","video":"","gallery":"","source_name":"","source_url":"","via_name":"","via_url":"","override_template":"0","override":[{"template":"4","single_blog_custom":"","parallax":"1","fullscreen":"1","layout":"right-sidebar","sidebar":"default-sidebar","second_sidebar":"default-sidebar","sticky_sidebar":"1","share_position":"top","share_float_style":"share-monocrhome","show_share_counter":"1","show_view_counter":"1","show_featured":"1","show_post_meta":"1","show_post_author":"1","show_post_author_image":"1","show_post_date":"1","post_date_format":"default","post_date_format_custom":"Y\/m\/d","show_post_category":"1","show_post_reading_time":"1","post_reading_time_wpm":"300","show_zoom_button":"1","zoom_button_out_step":"2","zoom_button_in_step":"3","show_post_tag":"1","show_prev_next_post":"1","show_popup_post":"1","number_popup_post":"1","show_author_box":"1","show_post_related":"1","show_inline_post_related":"0"}],"override_image_size":"0","image_override":[{"single_post_thumbnail_size":"crop-500","single_post_gallery_size":"crop-500"}],"trending_post":"0","trending_post_position":"meta","trending_post_label":"Trending","sponsored_post":"0","sponsored_post_label":"Sponsored by","sponsored_post_name":"","sponsored_post_url":"","sponsored_post_logo_enable":"0","sponsored_post_logo":"","sponsored_post_desc":"","disable_ad":"0"},"jnews_primary_category":{"id":"","hide":""},"jnews_social_meta":{"fb_title":"","fb_description":"","fb_image":"","twitter_title":"","twitter_description":"","twitter_image":""},"jnews_review":[],"enable_review":"0","type":"percentage","name":"","summary":"","brand":"","sku":"","good":[{"good_text":""}],"bad":[{"bad_text":""}],"score_override":"","override_value":"","rating":[{"rating_text":"","rating_number":"10"}],"price":[{"shop":"","price":"","link":"","icon":""}],"jnews_override_counter":{"override_view_counter":"0","view_counter_number":"0","override_share_counter":"0","share_counter_number":"0","override_like_counter":"0","like_counter_number":"0","override_dislike_counter":"0","dislike_counter_number":"0"},"jnews_post_split":{"enable_post_split":"0","post_split":[{"template":"1","tag":"h2","numbering":"asc","mode":"normal","first":"0","enable_toc":"0","toc_type":"normal"}]},"footnotes":""},"categories":[58,59],"tags":[44,1637,5911,2268,9658,110,6965,4365,5787,45,9547],"class_list":["post-36282","post","type-post","status-publish","format-standard","has-post-thumbnail","hentry","category-argentina","category-politica","tag-argentina","tag-c5n","tag-corte-suprema-de-justicia","tag-cristina-kirchner","tag-duro-de-domar","tag-elecciones","tag-elecciones-2023","tag-entrevista","tag-la-omision-de-este-requisito-es-violatorio-del-regimen-legal-de-la-propiedad-intelectual","tag-noticias","tag-vicepresidenta-cristina-kirchner"],"amp_enabled":true,"_links":{"self":[{"href":"https:\/\/esreviral.com\/index.php?rest_route=\/wp\/v2\/posts\/36282"}],"collection":[{"href":"https:\/\/esreviral.com\/index.php?rest_route=\/wp\/v2\/posts"}],"about":[{"href":"https:\/\/esreviral.com\/index.php?rest_route=\/wp\/v2\/types\/post"}],"author":[{"embeddable":true,"href":"https:\/\/esreviral.com\/index.php?rest_route=\/wp\/v2\/users\/3"}],"replies":[{"embeddable":true,"href":"https:\/\/esreviral.com\/index.php?rest_route=%2Fwp%2Fv2%2Fcomments&post=36282"}],"version-history":[{"count":0,"href":"https:\/\/esreviral.com\/index.php?rest_route=\/wp\/v2\/posts\/36282\/revisions"}],"wp:featuredmedia":[{"embeddable":true,"href":"https:\/\/esreviral.com\/index.php?rest_route=\/wp\/v2\/media\/36289"}],"wp:attachment":[{"href":"https:\/\/esreviral.com\/index.php?rest_route=%2Fwp%2Fv2%2Fmedia&parent=36282"}],"wp:term":[{"taxonomy":"category","embeddable":true,"href":"https:\/\/esreviral.com\/index.php?rest_route=%2Fwp%2Fv2%2Fcategories&post=36282"},{"taxonomy":"post_tag","embeddable":true,"href":"https:\/\/esreviral.com\/index.php?rest_route=%2Fwp%2Fv2%2Ftags&post=36282"}],"curies":[{"name":"wp","href":"https:\/\/api.w.org\/{rel}","templated":true}]}}