{"id":36210,"date":"2023-05-18T08:05:43","date_gmt":"2023-05-18T13:05:43","guid":{"rendered":"https:\/\/esreviral.com\/?p=36210"},"modified":"2023-05-18T08:05:43","modified_gmt":"2023-05-18T13:05:43","slug":"un-joven-fue-asesinado-a-tiros-mientras-corria-y-balearon-la-sede-del-servicio-penitenciario-provincial","status":"publish","type":"post","link":"https:\/\/esreviral.com\/?p=36210","title":{"rendered":"Un joven fue asesinado a tiros mientras corr\u00eda y balearon la sede del Servicio Penitenciario provincial"},"content":{"rendered":"\n<p>Un<strong>\u00a0joven de 20 a\u00f1os fue asesinado a tiros\u00a0<\/strong>por desconocidos que le dispararon desde un auto\u00a0<strong>mientras corr\u00eda<\/strong>\u00a0en la colectora de la avenida Circunvalaci\u00f3n de\u00a0<strong>Rosario<\/strong>. Los asesinos dejaron un papel con una amenaza dirigida a miembros de una banda de narcotraficantes que est\u00e1n presos. Es el crimen n\u00famero 120 en lo que va de este a\u00f1o. Adem\u00e1s, otras personas balearon el frente de unas oficinas de la sede del Servicio Penitenciario de Santa Fe.<\/p>\n\n\n\n<p>En di\u00e1logo con el programa televisivo local\u00a0<em>Telenoche<\/em>, el t\u00edo de la v\u00edctima mortal cont\u00f3 que el muchacho, identificado como\u00a0<strong>Nelson Vera Ram\u00edrez<\/strong>,\u00a0<strong>oriundo de Paraguay<\/strong>, hab\u00eda llegado a la ciudad de Rosario hac\u00eda dos meses. Eran cerca de las 19:30hrs y el joven corr\u00eda junto a un allegado en la colectora de Circunvalaci\u00f3n y Juan XXIII, a la altura del barrio Godoy, cuando fue tiroteado desde un auto Volkswagen Gol negro con vidrios polarizados que se les puso a la par.<\/p>\n\n\n\n<p>El t\u00edo de Vera cont\u00f3 que los homicidas dejaron una nota en la escena del crimen, aunque se desconoce qu\u00e9 dec\u00eda.<strong>&nbsp;\u201cSe confundieron. Le dispararon a quemarropa, sin decir palabra y tiraron una nota\u201d<\/strong>, dijo el hombre. Efectivamente, los ocupantes del rodado lanzaron un papel previo a abrir fuego contra Vera Ram\u00edrez.<\/p>\n\n\n\n<p>Los peritos de la Agencia de Investigaci\u00f3n Criminal (AIC)&nbsp;<strong>secuestraron en el lugar seis vainas servidas, calibre 9 mil\u00edmetros, y una nota escrita a mano&nbsp;<\/strong>cuyo texto no fue revelado oficialmente, aunque&nbsp;<strong>trascendi\u00f3 que est\u00e1 dirigida a miembros de bandas narcocriminales que est\u00e1n presos en c\u00e1rceles de Rosario<\/strong>, inform\u00f3 la agencia<em>&nbsp;T\u00e9lam<\/em>.<\/p>\n\n\n\n<p>El caso es investigado por el fiscal de homicidios dolosos de turno en Rosario, quien orden\u00f3 una serie de medidas, entre ellas el secuestro de las c\u00e1maras de vigilancia de la zona que apuntan a determinar la mec\u00e1nica del hecho e identificar a los atacantes y al auto en el que se movilizaban.<\/p>\n\n\n\n<p>En otro punto de la ciudad, en tanto, ocurri\u00f3&nbsp;<strong>un nuevo ataque a las oficinas del Servicio Penitenciario provincial<\/strong>&nbsp;ubicadas en la esquina de Pellegrini y Alsina. No es la primera vez que ocurre.&nbsp;<strong>Por s\u00e9ptima vez desde 2020, el edificio fue blanco de una balacera&nbsp;<\/strong>que dej\u00f3 a su paso varios da\u00f1os materiales, inform\u00f3&nbsp;<em>Rosario 3<\/em>.<\/p>\n\n\n\n<p>\u201cEscuch\u00e9, m\u00ednimo, seis disparos\u201d, cont\u00f3 un vecino que no vio el tiroteo, pero escuch\u00f3 el ataque desde su casa. Tras la agresi\u00f3n, la avenida Pellegrini estaba cortada en ambas manos mientras trabajaba la Polic\u00eda para las respectivas pesquisas.<\/p>\n\n\n\n<p><strong><mark style=\"background-color:rgba(0, 0, 0, 0)\" class=\"has-inline-color has-vivid-red-color\">Homicidios en Rosario: cosa de casi todos los d\u00edas<\/mark><\/strong><\/p>\n\n\n\n<p>Anteayer, una joven de 21 a\u00f1os de edad, identificada como Marisol L\u00f3pez, que caminaba con su hija de diez meses en brazos en direcci\u00f3n a su casa en la\u00a0<strong>zona sudoeste de la ciudad de Rosario<\/strong>,\u00a0<strong>fue asesinada de una pu\u00f1alada en el cuello por otra mujer que luego fue detenida<\/strong>.<\/p>\n\n\n\n<figure class=\"wp-block-image size-full\"><img fetchpriority=\"high\" decoding=\"async\" width=\"879\" height=\"586\" src=\"https:\/\/esreviral.com\/wp-content\/uploads\/2023\/05\/AnyConv.com__la-zona-en-la-que-ocurrio-el-hecho-en-6RX4CN7EN5FG7OYYCSCGUOVXXI.webp\" alt=\"\" class=\"wp-image-36211\" srcset=\"https:\/\/esreviral.com\/wp-content\/uploads\/2023\/05\/AnyConv.com__la-zona-en-la-que-ocurrio-el-hecho-en-6RX4CN7EN5FG7OYYCSCGUOVXXI.webp 879w, https:\/\/esreviral.com\/wp-content\/uploads\/2023\/05\/AnyConv.com__la-zona-en-la-que-ocurrio-el-hecho-en-6RX4CN7EN5FG7OYYCSCGUOVXXI-300x200.webp 300w, https:\/\/esreviral.com\/wp-content\/uploads\/2023\/05\/AnyConv.com__la-zona-en-la-que-ocurrio-el-hecho-en-6RX4CN7EN5FG7OYYCSCGUOVXXI-768x512.webp 768w, https:\/\/esreviral.com\/wp-content\/uploads\/2023\/05\/AnyConv.com__la-zona-en-la-que-ocurrio-el-hecho-en-6RX4CN7EN5FG7OYYCSCGUOVXXI-750x500.webp 750w\" sizes=\"(max-width: 879px) 100vw, 879px\" \/><\/figure>\n\n\n\n<p><\/p>\n\n\n\n<p>Una de las l\u00edneas que se investigaban es que el ataque estuvo vinculado a problemas personales entre la v\u00edctima y su atacante, ya que se conoc\u00edan por vivir en el mismo barrio. Est\u00e1 a cargo del caso la fiscal de Homicidios Dolosos de turno en Rosario, Carla Cerliani, quien orden\u00f3 una serie de medidas para determinar la mec\u00e1nica del hecho. Con el crimen de L\u00f3pez ascend\u00edan a 118 los homicidios registrados en lo que va del a\u00f1o en esa ciudad santafesina.<\/p>\n\n\n\n<p class=\"has-text-align-right\"><em><strong>LA NACION<\/strong>.-<\/em><\/p>\n","protected":false},"excerpt":{"rendered":"<p>La v\u00edctima fue tiroteado desde un auto y los asesinos dejaron un mensaje dirigido a miembros de una banda de narcotraficantes que est\u00e1n presos en las c\u00e1rceles de esa ciudad<\/p>\n","protected":false},"author":3,"featured_media":36212,"comment_status":"open","ping_status":"closed","sticky":false,"template":"","format":"standard","meta":{"jnews-multi-image_gallery":[],"jnews_single_post":{"subtitle":"","format":"standard","video":"","gallery":"","source_name":"","source_url":"","via_name":"","via_url":"","override_template":"0","override":[{"template":"4","single_blog_custom":"","parallax":"1","fullscreen":"1","layout":"right-sidebar","sidebar":"default-sidebar","second_sidebar":"default-sidebar","sticky_sidebar":"1","share_position":"top","share_float_style":"share-monocrhome","show_share_counter":"1","show_view_counter":"1","show_featured":"1","show_post_meta":"1","show_post_author":"1","show_post_author_image":"1","show_post_date":"1","post_date_format":"default","post_date_format_custom":"Y\/m\/d","show_post_category":"1","show_post_reading_time":"1","post_reading_time_wpm":"300","show_zoom_button":"1","zoom_button_out_step":"2","zoom_button_in_step":"3","show_post_tag":"1","show_prev_next_post":"1","show_popup_post":"1","number_popup_post":"1","show_author_box":"1","show_post_related":"1","show_inline_post_related":"0"}],"override_image_size":"0","image_override":[{"single_post_thumbnail_size":"crop-500","single_post_gallery_size":"crop-500"}],"trending_post":"0","trending_post_position":"meta","trending_post_label":"Trending","sponsored_post":"0","sponsored_post_label":"Sponsored by","sponsored_post_name":"","sponsored_post_url":"","sponsored_post_logo_enable":"0","sponsored_post_logo":"","sponsored_post_desc":"","disable_ad":"0"},"jnews_primary_category":{"id":"","hide":""},"jnews_social_meta":{"fb_title":"","fb_description":"","fb_image":"","twitter_title":"","twitter_description":"","twitter_image":""},"jnews_review":[],"enable_review":"0","type":"percentage","name":"","summary":"","brand":"","sku":"","good":[{"good_text":""}],"bad":[{"bad_text":""}],"score_override":"","override_value":"","rating":[{"rating_text":"","rating_number":"10"}],"price":[{"shop":"","price":"","link":"","icon":""}],"jnews_override_counter":{"override_view_counter":"0","view_counter_number":"0","override_share_counter":"0","share_counter_number":"0","override_like_counter":"0","like_counter_number":"0","override_dislike_counter":"0","dislike_counter_number":"0"},"jnews_post_split":{"enable_post_split":"0","post_split":[{"template":"1","tag":"h2","numbering":"asc","mode":"normal","first":"0","enable_toc":"0","toc_type":"normal"}]},"footnotes":""},"categories":[58,64],"tags":[44,9608,9610,282,3895,45,217,9609,9611],"class_list":["post-36210","post","type-post","status-publish","format-standard","has-post-thumbnail","hentry","category-argentina","category-sucesos","tag-argentina","tag-asesinado-a-tiros","tag-banda-de-narcotraficantes","tag-homicidio","tag-narcotrafico-3","tag-noticias","tag-rosario","tag-servicio-penitenciario","tag-violencia-social"],"_links":{"self":[{"href":"https:\/\/esreviral.com\/index.php?rest_route=\/wp\/v2\/posts\/36210","targetHints":{"allow":["GET"]}}],"collection":[{"href":"https:\/\/esreviral.com\/index.php?rest_route=\/wp\/v2\/posts"}],"about":[{"href":"https:\/\/esreviral.com\/index.php?rest_route=\/wp\/v2\/types\/post"}],"author":[{"embeddable":true,"href":"https:\/\/esreviral.com\/index.php?rest_route=\/wp\/v2\/users\/3"}],"replies":[{"embeddable":true,"href":"https:\/\/esreviral.com\/index.php?rest_route=%2Fwp%2Fv2%2Fcomments&post=36210"}],"version-history":[{"count":0,"href":"https:\/\/esreviral.com\/index.php?rest_route=\/wp\/v2\/posts\/36210\/revisions"}],"wp:featuredmedia":[{"embeddable":true,"href":"https:\/\/esreviral.com\/index.php?rest_route=\/wp\/v2\/media\/36212"}],"wp:attachment":[{"href":"https:\/\/esreviral.com\/index.php?rest_route=%2Fwp%2Fv2%2Fmedia&parent=36210"}],"wp:term":[{"taxonomy":"category","embeddable":true,"href":"https:\/\/esreviral.com\/index.php?rest_route=%2Fwp%2Fv2%2Fcategories&post=36210"},{"taxonomy":"post_tag","embeddable":true,"href":"https:\/\/esreviral.com\/index.php?rest_route=%2Fwp%2Fv2%2Ftags&post=36210"}],"curies":[{"name":"wp","href":"https:\/\/api.w.org\/{rel}","templated":true}]}}