{"id":36193,"date":"2023-05-18T07:05:38","date_gmt":"2023-05-18T12:05:38","guid":{"rendered":"https:\/\/esreviral.com\/?p=36193"},"modified":"2023-05-18T07:07:35","modified_gmt":"2023-05-18T12:07:35","slug":"en-abril-la-inflacion-mayorista-aumento-69","status":"publish","type":"post","link":"https:\/\/esreviral.com\/?p=36193","title":{"rendered":"En abril, la inflaci\u00f3n mayorista aument\u00f3 6,9 %"},"content":{"rendered":"\n<p>El nivel general del<strong>\u00a0\u00cdndice de precios internos al por mayor (IPIM)<\/strong>\u00a0registr\u00f3 un<strong>\u00a0aumento de 6,9 % en abril<\/strong>\u00a0de 2023 respecto del mes anterior. Esta variaci\u00f3n es consecuencia de la suba de 6,7 % en los \u201cProductos nacionales\u201d y de 9,2 % en los \u201cProductos importados\u201d, seg\u00fan inform\u00f3 este mi\u00e9rcoles el Instituto Nacional de Estad\u00edstica y Censos.<\/p>\n\n\n\n<p>Este n\u00famero se conoce luego de que el pasado viernes se informara que la inflaci\u00f3n minorista de abril fue de 8,4 %.<\/p>\n\n\n\n<p>Por otra parte, el nivel general del \u00cdndice de precios internos b\u00e1sicos al por mayor (IPIB) mostr\u00f3 un ascenso de 7,1 % en el mismo per\u00edodo. En este caso, la variaci\u00f3n se explica por la suba de 6,9 % en los \u201cProductos nacionales\u201d y de 9,1 % en los \u201cProductos importados\u201d.<\/p>\n\n\n\n<p>Asimismo, el nivel general del \u00cdndice de precios b\u00e1sicos del productor (IPP) registr\u00f3 un incremento de 6,9 % en el mismo per\u00edodo, como consecuencia de la suba de 7,2 % en los \u201cProductos primarios\u201d y de 6,7 % en los \u201cProductos manufacturados y energ\u00eda el\u00e9ctrica\u201d.<\/p>\n\n\n\n<p><em>Noticia en desarrollo<\/em>&#8230;<\/p>\n\n\n\n<p><strong><em><mark style=\"background-color:rgba(0, 0, 0, 0)\" class=\"has-inline-color has-vivid-red-color\">Lea Tambi\u00e9n: <\/mark><\/em><\/strong><\/p>\n\n\n\n<p><strong><em><mark style=\"background-color:rgba(0, 0, 0, 0)\" class=\"has-inline-color has-vivid-red-color\">Lea Tambi\u00e9n:<a href=\"https:\/\/esreviral.com\/la-inflacion-de-abril-fue-de-84-segun-el-indec\/\" data-type=\"URL\" data-id=\"https:\/\/esreviral.com\/la-inflacion-de-abril-fue-de-84-segun-el-indec\/\"> LA INFLACI\u00d3N DE ABRIL FUE DE 8,4 % SEG\u00daN EL INDEC<\/a><\/mark><\/em><\/strong><\/p>\n\n\n\n<p class=\"has-text-align-right\"><strong><em>Clarin.-<\/em><\/strong><\/p>\n","protected":false},"excerpt":{"rendered":"<p>El \u00edndice que mide el INDEC marc\u00f3 una suba del 6,7 % en los Productos nacionales y del 9,2 % en los Productos importados.<\/p>\n","protected":false},"author":3,"featured_media":36194,"comment_status":"open","ping_status":"closed","sticky":false,"template":"","format":"standard","meta":{"jnews-multi-image_gallery":[],"jnews_single_post":{"subtitle":"","format":"standard","video":"","gallery":"","source_name":"","source_url":"","via_name":"","via_url":"","override_template":"0","override":[{"template":"4","single_blog_custom":"","parallax":"1","fullscreen":"1","layout":"right-sidebar","sidebar":"default-sidebar","second_sidebar":"default-sidebar","sticky_sidebar":"1","share_position":"top","share_float_style":"share-monocrhome","show_share_counter":"1","show_view_counter":"1","show_featured":"1","show_post_meta":"1","show_post_author":"1","show_post_author_image":"1","show_post_date":"1","post_date_format":"default","post_date_format_custom":"Y\/m\/d","show_post_category":"1","show_post_reading_time":"1","post_reading_time_wpm":"300","show_zoom_button":"1","zoom_button_out_step":"2","zoom_button_in_step":"3","show_post_tag":"1","show_prev_next_post":"1","show_popup_post":"1","number_popup_post":"1","show_author_box":"1","show_post_related":"1","show_inline_post_related":"0"}],"override_image_size":"0","image_override":[{"single_post_thumbnail_size":"crop-500","single_post_gallery_size":"crop-500"}],"trending_post":"0","trending_post_position":"meta","trending_post_label":"Trending","sponsored_post":"0","sponsored_post_label":"Sponsored by","sponsored_post_name":"","sponsored_post_url":"","sponsored_post_logo_enable":"0","sponsored_post_logo":"","sponsored_post_desc":"","disable_ad":"0"},"jnews_primary_category":{"id":"","hide":""},"jnews_social_meta":{"fb_title":"","fb_description":"","fb_image":"","twitter_title":"","twitter_description":"","twitter_image":""},"jnews_review":[],"enable_review":"0","type":"percentage","name":"","summary":"","brand":"","sku":"","good":[{"good_text":""}],"bad":[{"bad_text":""}],"score_override":"","override_value":"","rating":[{"rating_text":"","rating_number":"10"}],"price":[{"shop":"","price":"","link":"","icon":""}],"jnews_override_counter":{"override_view_counter":"0","view_counter_number":"0","override_share_counter":"0","share_counter_number":"0","override_like_counter":"0","like_counter_number":"0","override_dislike_counter":"0","dislike_counter_number":"0"},"jnews_post_split":{"enable_post_split":"0","post_split":[{"template":"1","tag":"h2","numbering":"asc","mode":"normal","first":"0","enable_toc":"0","toc_type":"normal"}]},"footnotes":""},"categories":[58,61],"tags":[44,62,2054,268,2604,45],"class_list":["post-36193","post","type-post","status-publish","format-standard","has-post-thumbnail","hentry","category-argentina","category-economia","tag-argentina","tag-economia","tag-indec","tag-inflacion","tag-inflacion-y-precios","tag-noticias"],"amp_enabled":true,"_links":{"self":[{"href":"https:\/\/esreviral.com\/index.php?rest_route=\/wp\/v2\/posts\/36193"}],"collection":[{"href":"https:\/\/esreviral.com\/index.php?rest_route=\/wp\/v2\/posts"}],"about":[{"href":"https:\/\/esreviral.com\/index.php?rest_route=\/wp\/v2\/types\/post"}],"author":[{"embeddable":true,"href":"https:\/\/esreviral.com\/index.php?rest_route=\/wp\/v2\/users\/3"}],"replies":[{"embeddable":true,"href":"https:\/\/esreviral.com\/index.php?rest_route=%2Fwp%2Fv2%2Fcomments&post=36193"}],"version-history":[{"count":0,"href":"https:\/\/esreviral.com\/index.php?rest_route=\/wp\/v2\/posts\/36193\/revisions"}],"wp:featuredmedia":[{"embeddable":true,"href":"https:\/\/esreviral.com\/index.php?rest_route=\/wp\/v2\/media\/36194"}],"wp:attachment":[{"href":"https:\/\/esreviral.com\/index.php?rest_route=%2Fwp%2Fv2%2Fmedia&parent=36193"}],"wp:term":[{"taxonomy":"category","embeddable":true,"href":"https:\/\/esreviral.com\/index.php?rest_route=%2Fwp%2Fv2%2Fcategories&post=36193"},{"taxonomy":"post_tag","embeddable":true,"href":"https:\/\/esreviral.com\/index.php?rest_route=%2Fwp%2Fv2%2Ftags&post=36193"}],"curies":[{"name":"wp","href":"https:\/\/api.w.org\/{rel}","templated":true}]}}