{"id":36189,"date":"2023-05-18T06:54:30","date_gmt":"2023-05-18T11:54:30","guid":{"rendered":"https:\/\/esreviral.com\/?p=36189"},"modified":"2023-05-18T06:54:31","modified_gmt":"2023-05-18T11:54:31","slug":"condenaron-a-diez-cadenas-perpetuas-a-un-terrorista-que-atropello-y-mato-a-cinco-argentinos-en-nueva-york","status":"publish","type":"post","link":"https:\/\/esreviral.com\/?p=36189","title":{"rendered":"Condenaron a diez cadenas perpetuas a un terrorista que atropell\u00f3 y mat\u00f3 a cinco argentinos en Nueva York"},"content":{"rendered":"\n<p><strong>Sayfullo Saipov<\/strong>,\u00a0<strong>terrorista uzbeco<\/strong>\u00a0que atropell\u00f3 y\u00a0<strong>mat\u00f3 a ocho personas (cinco de ellas argentinas) en Nueva York en 2017<\/strong>\u00a0fue condenado este mi\u00e9rcoles a diez cadenas perpetuas m\u00e1s 260 a\u00f1os de c\u00e1rcel, seg\u00fan inform\u00f3 el Departamento de Justicia.<\/p>\n\n\n\n<p>Son&nbsp;<strong>una sentencia de perpetuidad por cada v\u00edctima mortal, m\u00e1s dos suplementarias, m\u00e1s los 260 a\u00f1os<\/strong>, seg\u00fan la sentencia del juez Vernon Broderick, que aplic\u00f3 as\u00ed el veredicto alcanzado el pasado 3 de marzo por el jurado, que por su parte rechaz\u00f3 aplicarle la pena de muerte tras deliberaciones que duraron 9 horas, reporta la agencia EFE.<\/p>\n\n\n\n<p>Saipov, de 35 a\u00f1os y yihadista confeso,<strong>\u00a0embisti\u00f3 con un cami\u00f3n a las personas que se encontraban en un carril para bicicletas<\/strong>\u00a0en Manhattan en la noche de Halloween de 2017, causando la muerte a ocho y heridas a doce m\u00e1s.<\/p>\n\n\n\n<figure class=\"wp-block-image size-full\"><img fetchpriority=\"high\" decoding=\"async\" width=\"720\" height=\"524\" src=\"https:\/\/esreviral.com\/wp-content\/uploads\/2023\/05\/AnyConv.com__SKqjHXhb6_720x0__1.webp\" alt=\"\" class=\"wp-image-36190\" srcset=\"https:\/\/esreviral.com\/wp-content\/uploads\/2023\/05\/AnyConv.com__SKqjHXhb6_720x0__1.webp 720w, https:\/\/esreviral.com\/wp-content\/uploads\/2023\/05\/AnyConv.com__SKqjHXhb6_720x0__1-300x218.webp 300w, https:\/\/esreviral.com\/wp-content\/uploads\/2023\/05\/AnyConv.com__SKqjHXhb6_720x0__1-120x86.webp 120w\" sizes=\"(max-width: 720px) 100vw, 720px\" \/><\/figure>\n\n\n\n<p><\/p>\n\n\n\n<p>En la sesi\u00f3n de este mi\u00e9rcoles, Saipov tom\u00f3 la palabra durante m\u00e1s de una hora, seg\u00fan relataron varios medios presentes, y pronunci\u00f3 un discurso plagado de referencias religiosas y apuntando con un dedo al cielo en numerosas ocasiones, mientras citaba a diferentes profetas del Cor\u00e1n e incluso a Ad\u00e1n y Eva y la tentaci\u00f3n de la serpiente.<\/p>\n\n\n\n<p>El juez dio la palabra a familiares de los muertos, como la argentina Gabriela Pereya, viuda de Ariel Erlij, quien&nbsp;se dirigi\u00f3 directamente a Saipov: \u00abTu dios cree que eres un cobarde porque no te mataste cuando los mataste a ellos. Y si quieres que \u00c9l te acepte y te quiera,&nbsp;<strong>ve y m\u00e1tate<\/strong>\u00ab, le dijo, seg\u00fan la cadena&nbsp;<em>Fox News<\/em>.<\/p>\n\n\n\n<p>Los argentinos muertos formaban parte de un grupo de diez amigos residentes en la ciudad de Rosario que celebraban juntos en Nueva York el 30 aniversario de su graduaci\u00f3n universitaria cuando fueron asesinados. <strong>Diego Angelini, Ariel Erlij, Hern\u00e1n Ferruchi, Alejandro Pagnucco y Hern\u00e1n Mendoza perdieron la vida por ese atentado.<\/strong><\/p>\n\n\n\n<p>Tambi\u00e9n tom\u00f3 la palabra una superviviente al atentado, Rachel Pharn, quien le dijo que sus actos \u00abno sirven a Al\u00e1\u00bb, y le pregunt\u00f3: \u00abSi dices que no lo lamentas, que lo hiciste a prop\u00f3sito, \u00bfes eso cierto? Necesito saber por qu\u00e9, c\u00f3mo puedo arreglarte, y c\u00f3mo puedo arreglar el mundo a mi alrededor\u00bb, dijo ante la corte.<\/p>\n\n\n\n<p>De los doce heridos, algunos quedaron con las piernas amputadas y muchos tienen enormes cicatrices en su cuerpo.<\/p>\n\n\n\n<p>Los fiscales del caso hab\u00edan dejado un documento escrito que dec\u00eda: \u00abSaipov es un desvergonzado terrorista, un orgulloso asesino que no merece ninguna compasi\u00f3n y debe ser castigado hasta donde permita la ley\u00bb.<\/p>\n\n\n\n<p class=\"has-text-align-right\"><strong><em>Clarin.-<\/em><\/strong><\/p>\n","protected":false},"excerpt":{"rendered":"<p>Sayfullo Saipov, que embisti\u00f3 y asesin\u00f3 a diez personas en total, recibi\u00f3 una sentencia por cada v\u00edctima fatal, dos adicionales y otros 260 a\u00f1os de prisi\u00f3n.<\/p>\n","protected":false},"author":3,"featured_media":36191,"comment_status":"open","ping_status":"closed","sticky":false,"template":"","format":"standard","meta":{"jnews-multi-image_gallery":[],"jnews_single_post":{"subtitle":"","format":"standard","video":"","gallery":"","source_name":"","source_url":"","via_name":"","via_url":"","override_template":"0","override":[{"template":"4","single_blog_custom":"","parallax":"1","fullscreen":"1","layout":"right-sidebar","sidebar":"default-sidebar","second_sidebar":"default-sidebar","sticky_sidebar":"1","share_position":"top","share_float_style":"share-monocrhome","show_share_counter":"1","show_view_counter":"1","show_featured":"1","show_post_meta":"1","show_post_author":"1","show_post_author_image":"1","show_post_date":"1","post_date_format":"default","post_date_format_custom":"Y\/m\/d","show_post_category":"1","show_post_reading_time":"1","post_reading_time_wpm":"300","show_zoom_button":"1","zoom_button_out_step":"2","zoom_button_in_step":"3","show_post_tag":"1","show_prev_next_post":"1","show_popup_post":"1","number_popup_post":"1","show_author_box":"1","show_post_related":"1","show_inline_post_related":"0"}],"override_image_size":"0","image_override":[{"single_post_thumbnail_size":"crop-500","single_post_gallery_size":"crop-500"}],"trending_post":"0","trending_post_position":"meta","trending_post_label":"Trending","sponsored_post":"0","sponsored_post_label":"Sponsored by","sponsored_post_name":"","sponsored_post_url":"","sponsored_post_logo_enable":"0","sponsored_post_logo":"","sponsored_post_desc":"","disable_ad":"0"},"jnews_primary_category":{"id":"","hide":""},"jnews_social_meta":{"fb_title":"","fb_description":"","fb_image":"","twitter_title":"","twitter_description":"","twitter_image":""},"jnews_review":[],"enable_review":"0","type":"percentage","name":"","summary":"","brand":"","sku":"","good":[{"good_text":""}],"bad":[{"bad_text":""}],"score_override":"","override_value":"","rating":[{"rating_text":"","rating_number":"10"}],"price":[{"shop":"","price":"","link":"","icon":""}],"jnews_override_counter":{"override_view_counter":"0","view_counter_number":"0","override_share_counter":"0","share_counter_number":"0","override_like_counter":"0","like_counter_number":"0","override_dislike_counter":"0","dislike_counter_number":"0"},"jnews_post_split":{"enable_post_split":"0","post_split":[{"template":"1","tag":"h2","numbering":"asc","mode":"normal","first":"0","enable_toc":"0","toc_type":"normal"}]},"footnotes":""},"categories":[88,64],"tags":[170,9591,45,534,9592,2845,9590,9593],"class_list":["post-36189","post","type-post","status-publish","format-standard","has-post-thumbnail","hentry","category-internacionales","category-sucesos","tag-ataque-terrorista","tag-mato-a-cinco-argentinos","tag-noticias","tag-nueva-york","tag-sayfullo-saipov","tag-terrorismo","tag-terrorista","tag-terrorista-uzbeco"],"amp_enabled":true,"_links":{"self":[{"href":"https:\/\/esreviral.com\/index.php?rest_route=\/wp\/v2\/posts\/36189"}],"collection":[{"href":"https:\/\/esreviral.com\/index.php?rest_route=\/wp\/v2\/posts"}],"about":[{"href":"https:\/\/esreviral.com\/index.php?rest_route=\/wp\/v2\/types\/post"}],"author":[{"embeddable":true,"href":"https:\/\/esreviral.com\/index.php?rest_route=\/wp\/v2\/users\/3"}],"replies":[{"embeddable":true,"href":"https:\/\/esreviral.com\/index.php?rest_route=%2Fwp%2Fv2%2Fcomments&post=36189"}],"version-history":[{"count":0,"href":"https:\/\/esreviral.com\/index.php?rest_route=\/wp\/v2\/posts\/36189\/revisions"}],"wp:featuredmedia":[{"embeddable":true,"href":"https:\/\/esreviral.com\/index.php?rest_route=\/wp\/v2\/media\/36191"}],"wp:attachment":[{"href":"https:\/\/esreviral.com\/index.php?rest_route=%2Fwp%2Fv2%2Fmedia&parent=36189"}],"wp:term":[{"taxonomy":"category","embeddable":true,"href":"https:\/\/esreviral.com\/index.php?rest_route=%2Fwp%2Fv2%2Fcategories&post=36189"},{"taxonomy":"post_tag","embeddable":true,"href":"https:\/\/esreviral.com\/index.php?rest_route=%2Fwp%2Fv2%2Ftags&post=36189"}],"curies":[{"name":"wp","href":"https:\/\/api.w.org\/{rel}","templated":true}]}}