{"id":36161,"date":"2023-05-17T09:59:31","date_gmt":"2023-05-17T14:59:31","guid":{"rendered":"https:\/\/esreviral.com\/?p=36161"},"modified":"2023-05-17T16:51:07","modified_gmt":"2023-05-17T21:51:07","slug":"harry-y-meghan-estuvieron-involucrados-en-una-persecucion","status":"publish","type":"post","link":"https:\/\/esreviral.com\/?p=36161","title":{"rendered":"Harry y Meghan estuvieron involucrados en una persecuci\u00f3n"},"content":{"rendered":"\n<p>El pr\u00edncipe Harry, su esposa Meghan Markle y la madre de \u00e9sta estuvieron involucrados en&nbsp;<strong>una persecuci\u00f3n automovil\u00edstica \u201ccasi catastr\u00f3fica\u201d despu\u00e9s de ser seguidos por m\u00e1s de dos horas por los paparazzi<\/strong>, seg\u00fan inform\u00f3 su vocero.<\/p>\n\n\n\n<p>El incidente ocurri\u00f3 despu\u00e9s de que Meghan y Harry asistieran a una ceremonia de premios en Nueva York el martes.<\/p>\n\n\n\n<p><\/p>\n\n\n\n<figure class=\"wp-block-image size-full\"><img fetchpriority=\"high\" decoding=\"async\" width=\"879\" height=\"570\" src=\"https:\/\/esreviral.com\/wp-content\/uploads\/2023\/05\/AnyConv.com__harry-y-meghan-estuvieron-involucrados-en-una-MOBCCRDQDJCKBARZT7JV4JBI4A.webp\" alt=\"\" class=\"wp-image-36162\" srcset=\"https:\/\/esreviral.com\/wp-content\/uploads\/2023\/05\/AnyConv.com__harry-y-meghan-estuvieron-involucrados-en-una-MOBCCRDQDJCKBARZT7JV4JBI4A.webp 879w, https:\/\/esreviral.com\/wp-content\/uploads\/2023\/05\/AnyConv.com__harry-y-meghan-estuvieron-involucrados-en-una-MOBCCRDQDJCKBARZT7JV4JBI4A-300x195.webp 300w, https:\/\/esreviral.com\/wp-content\/uploads\/2023\/05\/AnyConv.com__harry-y-meghan-estuvieron-involucrados-en-una-MOBCCRDQDJCKBARZT7JV4JBI4A-768x498.webp 768w, https:\/\/esreviral.com\/wp-content\/uploads\/2023\/05\/AnyConv.com__harry-y-meghan-estuvieron-involucrados-en-una-MOBCCRDQDJCKBARZT7JV4JBI4A-750x486.webp 750w\" sizes=\"(max-width: 879px) 100vw, 879px\" \/><\/figure>\n\n\n\n<p><\/p>\n\n\n\n<p><strong>\u201cEsta persecuci\u00f3n implacable, que dur\u00f3 m\u00e1s de dos horas, casi result\u00f3 en m\u00faltiples colisiones con otros conductores, peatones y dos agentes del Departamento de Polic\u00eda de Nueva York\u201d<\/strong>, agreg\u00f3 el vocero.<\/p>\n\n\n\n<p>Im\u00e1genes que han aparecido en las redes sociales han mostrado a Harry, Meghan y su madre, Doria Ragland, en un taxi.<\/p>\n\n\n\n<p>Harry y Meghan renunciaron a sus funciones reales en 2020 y se mudaron a Estados Unidos en parte por lo que describieron como un<strong>&nbsp;intenso acoso medi\u00e1tico<\/strong>.<\/p>\n\n\n\n<p>El evento fue la primera aparici\u00f3n p\u00fablica de la que Meghan y el pr\u00edncipe Harry participaron desde la coronaci\u00f3n del rey, a la cual la duquesa de Sussex no asisti\u00f3.<\/p>\n\n\n\n<figure class=\"wp-block-image size-full\"><img decoding=\"async\" width=\"879\" height=\"494\" src=\"https:\/\/esreviral.com\/wp-content\/uploads\/2023\/05\/AnyConv.com__harry-y-meghan-estuvieron-involucrados-en-una-VNNJVABELVBEFAB75GROW3JB5M.webp\" alt=\"\" class=\"wp-image-36163\" srcset=\"https:\/\/esreviral.com\/wp-content\/uploads\/2023\/05\/AnyConv.com__harry-y-meghan-estuvieron-involucrados-en-una-VNNJVABELVBEFAB75GROW3JB5M.webp 879w, https:\/\/esreviral.com\/wp-content\/uploads\/2023\/05\/AnyConv.com__harry-y-meghan-estuvieron-involucrados-en-una-VNNJVABELVBEFAB75GROW3JB5M-300x169.webp 300w, https:\/\/esreviral.com\/wp-content\/uploads\/2023\/05\/AnyConv.com__harry-y-meghan-estuvieron-involucrados-en-una-VNNJVABELVBEFAB75GROW3JB5M-768x432.webp 768w, https:\/\/esreviral.com\/wp-content\/uploads\/2023\/05\/AnyConv.com__harry-y-meghan-estuvieron-involucrados-en-una-VNNJVABELVBEFAB75GROW3JB5M-750x422.webp 750w\" sizes=\"(max-width: 879px) 100vw, 879px\" \/><\/figure>\n\n\n\n<p><\/p>\n\n\n\n<p>La duquesa de Sussex recibi\u00f3 el premio Mujer de Visi\u00f3n en la ceremonia, mientras animaba a las mujeres a luchar por la equidad al aceptar el galard\u00f3n en la gala anual de la Ms. Foundation.<\/p>\n\n\n\n<p>\u201cNunca es demasiado tarde para empezar\u201d, dijo en el evento en Nueva York. \u201cPuedes ser la visionaria de tu propia vida&#8230; Todav\u00eda hay mucho trabajo por hacer\u201d.<\/p>\n\n\n\n<p class=\"has-text-align-right\"><em><strong>LA NACION<\/strong>.-<\/em><\/p>\n","protected":false},"excerpt":{"rendered":"<p>El incidente ocurri\u00f3 despu\u00e9s de que los duques de Sussex asistieran a una ceremonia de premios en Nueva York<\/p>\n","protected":false},"author":3,"featured_media":36164,"comment_status":"open","ping_status":"closed","sticky":false,"template":"","format":"standard","meta":{"jnews-multi-image_gallery":[],"jnews_single_post":{"subtitle":"","format":"standard","video":"","gallery":"","source_name":"","source_url":"","via_name":"","via_url":"","override_template":"0","override":[{"template":"4","single_blog_custom":"","parallax":"1","fullscreen":"1","layout":"right-sidebar","sidebar":"default-sidebar","second_sidebar":"default-sidebar","sticky_sidebar":"1","share_position":"top","share_float_style":"share-monocrhome","show_share_counter":"1","show_view_counter":"1","show_featured":"1","show_post_meta":"1","show_post_author":"1","show_post_author_image":"1","show_post_date":"1","post_date_format":"default","post_date_format_custom":"Y\/m\/d","show_post_category":"1","show_post_reading_time":"1","post_reading_time_wpm":"300","show_zoom_button":"1","zoom_button_out_step":"2","zoom_button_in_step":"3","show_post_tag":"1","show_prev_next_post":"1","show_popup_post":"1","number_popup_post":"1","show_author_box":"1","show_post_related":"1","show_inline_post_related":"0"}],"override_image_size":"0","image_override":[{"single_post_thumbnail_size":"crop-500","single_post_gallery_size":"crop-500"}],"trending_post":"0","trending_post_position":"meta","trending_post_label":"Trending","sponsored_post":"0","sponsored_post_label":"Sponsored by","sponsored_post_name":"","sponsored_post_url":"","sponsored_post_logo_enable":"0","sponsored_post_logo":"","sponsored_post_desc":"","disable_ad":"0"},"jnews_primary_category":{"id":"","hide":""},"jnews_social_meta":{"fb_title":"","fb_description":"","fb_image":"","twitter_title":"","twitter_description":"","twitter_image":""},"jnews_review":[],"enable_review":"0","type":"percentage","name":"","summary":"","brand":"","sku":"","good":[{"good_text":""}],"bad":[{"bad_text":""}],"score_override":"","override_value":"","rating":[{"rating_text":"","rating_number":"10"}],"price":[{"shop":"","price":"","link":"","icon":""}],"jnews_override_counter":{"override_view_counter":"0","view_counter_number":"0","override_share_counter":"0","share_counter_number":"0","override_like_counter":"0","like_counter_number":"0","override_dislike_counter":"0","dislike_counter_number":"0"},"jnews_post_split":{"enable_post_split":"0","post_split":[{"template":"1","tag":"h2","numbering":"asc","mode":"normal","first":"0","enable_toc":"0","toc_type":"normal"}]},"footnotes":""},"categories":[50],"tags":[9578,367,623,368,45,534,9577,544,9579,9576],"class_list":["post-36161","post","type-post","status-publish","format-standard","has-post-thumbnail","hentry","category-entretenimiento","tag-ceremonia-de-premios","tag-duques-de-sussex","tag-harry-y-meghan","tag-meghan-markle","tag-noticias","tag-nueva-york","tag-paparazzi","tag-persecucion","tag-persecucion-automovilistica","tag-principe-harry-3"],"_links":{"self":[{"href":"https:\/\/esreviral.com\/index.php?rest_route=\/wp\/v2\/posts\/36161","targetHints":{"allow":["GET"]}}],"collection":[{"href":"https:\/\/esreviral.com\/index.php?rest_route=\/wp\/v2\/posts"}],"about":[{"href":"https:\/\/esreviral.com\/index.php?rest_route=\/wp\/v2\/types\/post"}],"author":[{"embeddable":true,"href":"https:\/\/esreviral.com\/index.php?rest_route=\/wp\/v2\/users\/3"}],"replies":[{"embeddable":true,"href":"https:\/\/esreviral.com\/index.php?rest_route=%2Fwp%2Fv2%2Fcomments&post=36161"}],"version-history":[{"count":0,"href":"https:\/\/esreviral.com\/index.php?rest_route=\/wp\/v2\/posts\/36161\/revisions"}],"wp:featuredmedia":[{"embeddable":true,"href":"https:\/\/esreviral.com\/index.php?rest_route=\/wp\/v2\/media\/36164"}],"wp:attachment":[{"href":"https:\/\/esreviral.com\/index.php?rest_route=%2Fwp%2Fv2%2Fmedia&parent=36161"}],"wp:term":[{"taxonomy":"category","embeddable":true,"href":"https:\/\/esreviral.com\/index.php?rest_route=%2Fwp%2Fv2%2Fcategories&post=36161"},{"taxonomy":"post_tag","embeddable":true,"href":"https:\/\/esreviral.com\/index.php?rest_route=%2Fwp%2Fv2%2Ftags&post=36161"}],"curies":[{"name":"wp","href":"https:\/\/api.w.org\/{rel}","templated":true}]}}