{"id":36145,"date":"2023-05-17T08:51:35","date_gmt":"2023-05-17T13:51:35","guid":{"rendered":"https:\/\/esreviral.com\/?p=36145"},"modified":"2023-05-17T08:51:36","modified_gmt":"2023-05-17T13:51:36","slug":"record-en-el-everest-subio-27-veces-la-montana-mas-alta-del-mundo","status":"publish","type":"post","link":"https:\/\/esreviral.com\/?p=36145","title":{"rendered":"R\u00e9cord en el Everest: subi\u00f3 27 veces la monta\u00f1a m\u00e1s alta del mundo"},"content":{"rendered":"\n<p>El escalador nepal\u00ed\u00a0<strong>Kami Rita Sherpa<\/strong>\u00a0alcanz\u00f3<strong>\u00a0la cumbre del Everest por 27\u00aa vez<\/strong>\u00a0este mi\u00e9rcoles, lo que le otorga el<strong>\u00a0r\u00e9cord\u00a0por el mayor n\u00famero de subidas<\/strong>\u00a0a la monta\u00f1a m\u00e1s alta del mundo.<\/p>\n\n\n\n<p><strong>\u00abAlcanz\u00f3 exitosamente la cumbre esta ma\u00f1ana al guiar a un escalador vietnamita\u00bb<\/strong>, dijo Mingma Sherpa, de la empresa Seven Summit Treks.<\/p>\n\n\n\n<p>Pero la temporada de alpinismo comenz\u00f3 tr\u00e1gicamente este a\u00f1o en el Everest con la desaparici\u00f3n de tres escaladores nepal\u00edes en abril y la de un estadounidense a principios de mayo. Y temprano este mi\u00e9rcoles, un alpinista moldavo de 46 a\u00f1os muri\u00f3 en la monta\u00f1a.<\/p>\n\n\n\n<figure class=\"wp-block-image size-full\"><img fetchpriority=\"high\" decoding=\"async\" width=\"730\" height=\"410\" src=\"https:\/\/esreviral.com\/wp-content\/uploads\/2023\/05\/AnyConv.com__AnyConv.com__everestjpg.webp\" alt=\"\" class=\"wp-image-36146\" srcset=\"https:\/\/esreviral.com\/wp-content\/uploads\/2023\/05\/AnyConv.com__AnyConv.com__everestjpg.webp 730w, https:\/\/esreviral.com\/wp-content\/uploads\/2023\/05\/AnyConv.com__AnyConv.com__everestjpg-300x168.webp 300w\" sizes=\"(max-width: 730px) 100vw, 730px\" \/><\/figure>\n\n\n\n<p><\/p>\n\n\n\n<p>En Nepal se encuentran ocho de los diez picos m\u00e1s altos del mundo, incluido el Everest, que alcanza una altitud de 8.849 metros, y re\u00fane a cientos de escaladores cada temporada, cuando las temperaturas son m\u00e1s c\u00e1lidas y los vientos generalmente m\u00e1s d\u00e9biles.<\/p>\n\n\n\n<p><strong><mark style=\"background-color:rgba(0, 0, 0, 0)\" class=\"has-inline-color has-vivid-red-color\">R\u00e9cord en el Everest<\/mark><\/strong><\/p>\n\n\n\n<p>Sherpa naci\u00f3 en 1970 en Thame, una aldea de las<strong>\u00a0Himalayas<\/strong>\u00a0de donde surgieron varios escaladores exitosos.<\/p>\n\n\n\n<figure class=\"wp-block-image size-full is-resized\"><img decoding=\"async\" src=\"https:\/\/esreviral.com\/wp-content\/uploads\/2023\/05\/AnyConv.com__AnyConv.com__montanistajpg.webp\" alt=\"\" class=\"wp-image-36147\" width=\"730\" height=\"487\" srcset=\"https:\/\/esreviral.com\/wp-content\/uploads\/2023\/05\/AnyConv.com__AnyConv.com__montanistajpg.webp 730w, https:\/\/esreviral.com\/wp-content\/uploads\/2023\/05\/AnyConv.com__AnyConv.com__montanistajpg-300x200.webp 300w\" sizes=\"(max-width: 730px) 100vw, 730px\" \/><\/figure>\n\n\n\n<p><\/p>\n\n\n\n<p>Creci\u00f3 en el valle del Himalaya viendo a su padre, luego a su hermano, ir de expedici\u00f3n como gu\u00edas de monta\u00f1a, antes de caminar tras sus huellas.<\/p>\n\n\n\n<p><strong>Con m\u00e1s de dos d\u00e9cadas como gu\u00eda, escal\u00f3 por primera vez hasta la cumbre del Everest en 1994 cuando trabajaba para una expedici\u00f3n comercial.<\/strong><\/p>\n\n\n\n<p>Desde entonces, subi\u00f3 esa monta\u00f1a casi todos los a\u00f1os, a menudo encabezando el primer equipo que ata las cuerdas para abrir el camino al punto m\u00e1s alto del planeta.<\/p>\n\n\n\n<figure class=\"wp-block-image size-full\"><img decoding=\"async\" width=\"730\" height=\"435\" src=\"https:\/\/esreviral.com\/wp-content\/uploads\/2023\/05\/AnyConv.com__AnyConv.com__kami-rita-sherpajpg.webp\" alt=\"\" class=\"wp-image-36148\" srcset=\"https:\/\/esreviral.com\/wp-content\/uploads\/2023\/05\/AnyConv.com__AnyConv.com__kami-rita-sherpajpg.webp 730w, https:\/\/esreviral.com\/wp-content\/uploads\/2023\/05\/AnyConv.com__AnyConv.com__kami-rita-sherpajpg-300x179.webp 300w\" sizes=\"(max-width: 730px) 100vw, 730px\" \/><\/figure>\n\n\n\n<p><\/p>\n\n\n\n<p><strong>\u00abEstas marcas fueron alcanzadas no con la intenci\u00f3n de hacerlas, sino como parte de mi trabajo como gu\u00eda\u00bb<\/strong>, declar\u00f3 Sherpa hace unas semanas cuando se dirig\u00eda al campamento base.<\/p>\n\n\n\n<p><strong><mark style=\"background-color:rgba(0, 0, 0, 0)\" class=\"has-inline-color has-vivid-red-color\">Monta\u00f1istas<\/mark><\/strong><\/p>\n\n\n\n<p>Las autoridades del pa\u00eds emitieron este a\u00f1o 478 permisos a&nbsp;<strong>escaladores extranjeros<\/strong>, con una tarifa de u$s11.000. Con ello, el costo total para subir oscila entre u$s45.000 y u$s200.000.<\/p>\n\n\n\n<p>Como la mayor\u00eda de ellos requieren de gu\u00eda, para este a\u00f1o se espera que m\u00e1s de 900 personas, un r\u00e9cord, intenten subir a la cumbre m\u00e1s alta del mundo en la actual temporada, que concluye a inicios de junio.<\/p>\n\n\n\n<figure class=\"wp-block-image size-full\"><img loading=\"lazy\" decoding=\"async\" width=\"730\" height=\"410\" src=\"https:\/\/esreviral.com\/wp-content\/uploads\/2023\/05\/AnyConv.com__AnyConv.com__cima-everestjpg.webp\" alt=\"\" class=\"wp-image-36149\" srcset=\"https:\/\/esreviral.com\/wp-content\/uploads\/2023\/05\/AnyConv.com__AnyConv.com__cima-everestjpg.webp 730w, https:\/\/esreviral.com\/wp-content\/uploads\/2023\/05\/AnyConv.com__AnyConv.com__cima-everestjpg-300x168.webp 300w\" sizes=\"(max-width: 730px) 100vw, 730px\" \/><\/figure>\n\n\n\n<p><\/p>\n\n\n\n<p>La industria del monta\u00f1ismo en el Himalaya se basa en la experiencia de los gu\u00edas, generalmente originarios de los valles del Everest.<\/p>\n\n\n\n<p class=\"has-text-align-right\"><strong><em>ambito.com.-<\/em><\/strong><\/p>\n","protected":false},"excerpt":{"rendered":"<p>Un hombre nepal\u00ed de 53 a\u00f1os rompi\u00f3 un r\u00e9cord mundial, al subir 27 veces al Everest. Su primera escalada fue en 1994 cuando trabajaba para una expedici\u00f3n comercial.<\/p>\n","protected":false},"author":3,"featured_media":36150,"comment_status":"open","ping_status":"closed","sticky":false,"template":"","format":"standard","meta":{"jnews-multi-image_gallery":[],"jnews_single_post":{"subtitle":"","format":"standard","video":"","gallery":"","source_name":"","source_url":"","via_name":"","via_url":"","override_template":"0","override":[{"template":"4","single_blog_custom":"","parallax":"1","fullscreen":"1","layout":"right-sidebar","sidebar":"default-sidebar","second_sidebar":"default-sidebar","sticky_sidebar":"1","share_position":"top","share_float_style":"share-monocrhome","show_share_counter":"1","show_view_counter":"1","show_featured":"1","show_post_meta":"1","show_post_author":"1","show_post_author_image":"1","show_post_date":"1","post_date_format":"default","post_date_format_custom":"Y\/m\/d","show_post_category":"1","show_post_reading_time":"1","post_reading_time_wpm":"300","show_zoom_button":"1","zoom_button_out_step":"2","zoom_button_in_step":"3","show_post_tag":"1","show_prev_next_post":"1","show_popup_post":"1","number_popup_post":"1","show_author_box":"1","show_post_related":"1","show_inline_post_related":"0"}],"override_image_size":"0","image_override":[{"single_post_thumbnail_size":"crop-500","single_post_gallery_size":"crop-500"}],"trending_post":"0","trending_post_position":"meta","trending_post_label":"Trending","sponsored_post":"0","sponsored_post_label":"Sponsored by","sponsored_post_name":"","sponsored_post_url":"","sponsored_post_logo_enable":"0","sponsored_post_logo":"","sponsored_post_desc":"","disable_ad":"0"},"jnews_primary_category":{"id":"","hide":""},"jnews_social_meta":{"fb_title":"","fb_description":"","fb_image":"","twitter_title":"","twitter_description":"","twitter_image":""},"jnews_review":[],"enable_review":"0","type":"percentage","name":"","summary":"","brand":"","sku":"","good":[{"good_text":""}],"bad":[{"bad_text":""}],"score_override":"","override_value":"","rating":[{"rating_text":"","rating_number":"10"}],"price":[{"shop":"","price":"","link":"","icon":""}],"jnews_override_counter":{"override_view_counter":"0","view_counter_number":"0","override_share_counter":"0","share_counter_number":"0","override_like_counter":"0","like_counter_number":"0","override_dislike_counter":"0","dislike_counter_number":"0"},"jnews_post_split":{"enable_post_split":"0","post_split":[{"template":"1","tag":"h2","numbering":"asc","mode":"normal","first":"0","enable_toc":"0","toc_type":"normal"}]},"footnotes":""},"categories":[43],"tags":[2470,9568,45,9569,9567],"class_list":["post-36145","post","type-post","status-publish","format-standard","has-post-thumbnail","hentry","category-actualidad","tag-medio-ambiente","tag-montana-mas-alta-del-mundo","tag-noticias","tag-record","tag-record-en-el-everest"],"amp_enabled":true,"_links":{"self":[{"href":"https:\/\/esreviral.com\/index.php?rest_route=\/wp\/v2\/posts\/36145"}],"collection":[{"href":"https:\/\/esreviral.com\/index.php?rest_route=\/wp\/v2\/posts"}],"about":[{"href":"https:\/\/esreviral.com\/index.php?rest_route=\/wp\/v2\/types\/post"}],"author":[{"embeddable":true,"href":"https:\/\/esreviral.com\/index.php?rest_route=\/wp\/v2\/users\/3"}],"replies":[{"embeddable":true,"href":"https:\/\/esreviral.com\/index.php?rest_route=%2Fwp%2Fv2%2Fcomments&post=36145"}],"version-history":[{"count":0,"href":"https:\/\/esreviral.com\/index.php?rest_route=\/wp\/v2\/posts\/36145\/revisions"}],"wp:featuredmedia":[{"embeddable":true,"href":"https:\/\/esreviral.com\/index.php?rest_route=\/wp\/v2\/media\/36150"}],"wp:attachment":[{"href":"https:\/\/esreviral.com\/index.php?rest_route=%2Fwp%2Fv2%2Fmedia&parent=36145"}],"wp:term":[{"taxonomy":"category","embeddable":true,"href":"https:\/\/esreviral.com\/index.php?rest_route=%2Fwp%2Fv2%2Fcategories&post=36145"},{"taxonomy":"post_tag","embeddable":true,"href":"https:\/\/esreviral.com\/index.php?rest_route=%2Fwp%2Fv2%2Ftags&post=36145"}],"curies":[{"name":"wp","href":"https:\/\/api.w.org\/{rel}","templated":true}]}}