{"id":36105,"date":"2023-05-17T06:51:24","date_gmt":"2023-05-17T11:51:24","guid":{"rendered":"https:\/\/esreviral.com\/?p=36105"},"modified":"2023-05-17T06:51:24","modified_gmt":"2023-05-17T11:51:24","slug":"fray-marcos-garcia-salio-de-las-cocinas-de-masterchef-espana-video","status":"publish","type":"post","link":"https:\/\/esreviral.com\/?p=36105","title":{"rendered":"Fray Marcos Garc\u00eda sali\u00f3 de las cocinas de MasterChef Espa\u00f1a (+video)"},"content":{"rendered":"\n<p><strong>Fray Marcos Garc\u00eda<\/strong>\u00a0fue expulsado de MasterChef tras un intento de boicot de una de sus compa\u00f1eras. De esta manera el \u00abmonje influencer\u00bb se despidi\u00f3 sin que haya utilizado su pin de la inmunidad.<\/p>\n\n\n\n<p>Este martes 16 de mayo, el popular programa de Televisi\u00f3n Espa\u00f1ola vivi\u00f3 una de sus noches m\u00e1s tensas. Comenz\u00f3 buscando al culpable de un supuesto robo y continu\u00f3 con la prueba de exteriores que dictamin\u00f3, como es habitual, qu\u00e9 aspirantes acabar\u00edan en la prueba de eliminaci\u00f3n.<\/p>\n\n\n\n<p><strong>Fray Marcos no lleg\u00f3 a la final y eso que contaba con un pin de inmunidad, algo que hizo por solidaridad con sus compa\u00f1eros.<\/strong><\/p>\n\n\n\n<figure class=\"wp-block-image size-full\"><img fetchpriority=\"high\" decoding=\"async\" width=\"660\" height=\"384\" src=\"https:\/\/esreviral.com\/wp-content\/uploads\/2023\/05\/AnyConv.com__Marcos-Gacia-MasterChef-1.webp\" alt=\"\" class=\"wp-image-36106\" srcset=\"https:\/\/esreviral.com\/wp-content\/uploads\/2023\/05\/AnyConv.com__Marcos-Gacia-MasterChef-1.webp 660w, https:\/\/esreviral.com\/wp-content\/uploads\/2023\/05\/AnyConv.com__Marcos-Gacia-MasterChef-1-300x175.webp 300w\" sizes=\"(max-width: 660px) 100vw, 660px\" \/><\/figure>\n\n\n\n<p>De esta manera, \u00e9l y sus compa\u00f1eros \u00c1lex, Francesc, Camino, David, Pilu y Ana fueron los que se enfrentaron a la prueba de eliminaci\u00f3n, una que muy pocos quieren:\u00a0<strong>la reposter\u00eda<\/strong>. Tuvieron que presentar una torta nupcial.<\/p>\n\n\n\n<p>Fray Marcos hizo lo que pudo. Su torta no estuvo bien hecha ni bien presentada. \u00abPero llegar\u00e1 otra prueba, que puede que sea de reposter\u00eda, y que me tenga que ir tambi\u00e9n\u00bb, razon\u00f3 tras no dar, otra vez, su as bajo la manga. Se excus\u00f3 en que no est\u00e1 pasando un buen momento personal.&nbsp;<strong>\u00abY&nbsp;el ambiente que hay en casa no ayuda\u00bb<\/strong>, espet\u00f3 a sus compa\u00f1eros.<\/p>\n\n\n\n<p>\u00ab<strong>Es dif\u00edcil, soy un ser humano. Debajo de este h\u00e1bito tambi\u00e9n hay un hombre que se cansa.<\/strong>&nbsp;Y tambi\u00e9n echo de menos a mi comunidad\u00bb, argument\u00f3 ante los jueces y millones de televidentes. \u00abEs como si hubieses llegado a un punto en el que dices que hasta aqu\u00ed has llegado\u00bb, coment\u00f3 uno de los jurados.<\/p>\n\n\n\n<p><strong>As\u00ed, Fray Marcos fue el expulsado la noche de este martes.<\/strong>\u00a0Y se fue con el pin a casa.<\/p>\n\n\n\n<figure class=\"wp-block-embed is-type-rich is-provider-twitter wp-block-embed-twitter\"><div class=\"wp-block-embed__wrapper\">\n<blockquote class=\"twitter-tweet\" data-width=\"500\" data-dnt=\"true\"><p lang=\"es\" dir=\"ltr\">&quot;Yo valoro mucho ahora mi comunidad, echo de menos a los frailes&quot; <a href=\"https:\/\/twitter.com\/fraymarcosmchef?ref_src=twsrc%5Etfw\">@fraymarcosmchef<\/a> <a href=\"https:\/\/twitter.com\/hashtag\/MasterChef?src=hash&amp;ref_src=twsrc%5Etfw\">#MasterChef<\/a> <a href=\"https:\/\/t.co\/IwSip5goNl\">pic.twitter.com\/IwSip5goNl<\/a><\/p>&mdash; MasterChef (@MasterChef_es) <a href=\"https:\/\/twitter.com\/MasterChef_es\/status\/1658609109220950017?ref_src=twsrc%5Etfw\">May 16, 2023<\/a><\/blockquote><script async src=\"https:\/\/platform.twitter.com\/widgets.js\" charset=\"utf-8\"><\/script>\n<\/div><\/figure>\n\n\n\n<p><strong>Visiblemente afectados y entre l\u00e1grimas<\/strong>, los jueces nunca dejaron de alabar su camino en el programa.<\/p>\n\n\n\n<p><strong>\u00abHas hecho historia en los once a\u00f1os de Masterchef por ser eliminado con ese pin de la inmunidad\u00bb<\/strong>, informaba Pepe, que se emocion\u00f3 al escuchar las palabras del eliminado cargadas de bendiciones y buenos sentimientos. Samantha tampoco evit\u00f3 el llanto. \u00abSeguramente no es f\u00e1cil que un religioso concurse en un programa como este. Y que haga un papel neutro tan bonito. Eres un religioso del siglo XXI\u00bb, elogi\u00f3 Jordi. Pepe se sum\u00f3 tambi\u00e9n a las alabanzas.<\/p>\n\n\n\n<figure class=\"wp-block-embed is-type-rich is-provider-twitter wp-block-embed-twitter\"><div class=\"wp-block-embed__wrapper\">\n<blockquote class=\"twitter-tweet\" data-width=\"500\" data-dnt=\"true\"><p lang=\"es\" dir=\"ltr\">&quot;Hay gente que llega a tu vida como un hurac\u00e1n y otros llegan como una suave brisa. Todo es bendici\u00f3n&quot; <a href=\"https:\/\/twitter.com\/fraymarcosmchef?ref_src=twsrc%5Etfw\">@fraymarcosmchef<\/a> <a href=\"https:\/\/t.co\/5KB3O2GWnE\">https:\/\/t.co\/5KB3O2GWnE<\/a> <a href=\"https:\/\/twitter.com\/hashtag\/MasterChef?src=hash&amp;ref_src=twsrc%5Etfw\">#MasterChef<\/a> <a href=\"https:\/\/t.co\/w1vYjMVlVw\">pic.twitter.com\/w1vYjMVlVw<\/a><\/p>&mdash; MasterChef (@MasterChef_es) <a href=\"https:\/\/twitter.com\/MasterChef_es\/status\/1658615440124379136?ref_src=twsrc%5Etfw\">May 16, 2023<\/a><\/blockquote><script async src=\"https:\/\/platform.twitter.com\/widgets.js\" charset=\"utf-8\"><\/script>\n<\/div><\/figure>\n\n\n\n<p>Ante lo ocurrido, Fray Marcos dijo que MasterChef hab\u00eda sido una experiencia de primera evangelizaci\u00f3n y que hab\u00eda aprendido mucho sobre cocina y sobre s\u00ed mismo.<\/p>\n\n\n\n<p>Su paso por el programa dej\u00f3 momentos inolvidables,&nbsp;<strong>como cuando consigui\u00f3 el pin tras una prueba de exteriores en la Sierra de Aracena o cuando cocin\u00f3 un plato inspirado en su vocaci\u00f3n<\/strong>.<\/p>\n\n\n\n<p>Antes de abandonar los fogones y el plat\u00f3, hizo una especie de homil\u00eda en la que consigui\u00f3 emocionar a los presentes: \u00abRecuerdo que cuando me dieron la bendici\u00f3n para el programa me dijeron qu\u00e9 que significaban ellos y les dije que una bendici\u00f3n. Hay gente que llega a tu vida como un hurac\u00e1n y otros llegan como una suave brisa. As\u00ed llega Dios a trav\u00e9s de los dem\u00e1s. Recuerdo que al principio les resultaba odioso que bendijera tanto.\u00a0<strong>Nunca se cansen de bendecir porque bendecir es ir bien.<\/strong>\u00a0Y a esta sociedad le hace falta bendecir siempre, siempre. Qu\u00e9 Dios les bendiga\u00bb.<\/p>\n\n\n\n<figure class=\"wp-block-embed is-type-rich is-provider-twitter wp-block-embed-twitter\"><div class=\"wp-block-embed__wrapper\">\n<blockquote class=\"twitter-tweet\" data-width=\"500\" data-dnt=\"true\"><p lang=\"es\" dir=\"ltr\">&quot;Agradecimiento es lo que me sale decir. Le doy las gracias a todo este maravilloso equipo, a ustedes tres que los he podido conocer en persona y a mis compa\u00f1eros&quot;. Hoy despedimos a <a href=\"https:\/\/twitter.com\/fraymarcosmchef?ref_src=twsrc%5Etfw\">@fraymarcosmchef<\/a> de las cocinas de <a href=\"https:\/\/twitter.com\/hashtag\/MasterChef?src=hash&amp;ref_src=twsrc%5Etfw\">#MasterChef<\/a>. Gracias a ti por todo <a href=\"https:\/\/t.co\/5KB3O2GWnE\">https:\/\/t.co\/5KB3O2GWnE<\/a> <a href=\"https:\/\/t.co\/VKCCmrlMVL\">pic.twitter.com\/VKCCmrlMVL<\/a><\/p>&mdash; MasterChef (@MasterChef_es) <a href=\"https:\/\/twitter.com\/MasterChef_es\/status\/1658614759334244357?ref_src=twsrc%5Etfw\">May 16, 2023<\/a><\/blockquote><script async src=\"https:\/\/platform.twitter.com\/widgets.js\" charset=\"utf-8\"><\/script>\n<\/div><\/figure>\n\n\n\n<p>\u00abQue el se\u00f1or est\u00e9 con todos ustedes y que la bendici\u00f3n de Dios, Padre, Hijo y Esp\u00edritu santo est\u00e9 con cada uno y les acompa\u00f1e siempre\u00bb,&nbsp;<strong>fueron las \u00faltimas palabras que pronunci\u00f3 Fray Marcos antes de colgar el delantal y despedirse de sus compa\u00f1eros.<\/strong><\/p>\n\n\n\n<p><strong><mark style=\"background-color:rgba(0, 0, 0, 0)\" class=\"has-inline-color has-vivid-red-color\">El apoyo a Fray Marcos Garc\u00eda<\/mark><\/strong><\/p>\n\n\n\n<p>A trav\u00e9s de sus redes sociales se ha visto infinidad de mensajes en apoyo a la participaci\u00f3n del religioso meride\u00f1o en MasterChef Espa\u00f1a.<\/p>\n\n\n\n<figure class=\"wp-block-embed is-type-rich is-provider-twitter wp-block-embed-twitter\"><div class=\"wp-block-embed__wrapper\">\n<blockquote class=\"twitter-tweet\" data-width=\"500\" data-dnt=\"true\"><p lang=\"es\" dir=\"ltr\">Gracias, siempre, gracias @masterchef_es1<br><br>Momentos, recuerdos, experiencias, aprend\u00edzajes, conocimientos&#8230;<br><br>Fray Marcos OP<a href=\"https:\/\/twitter.com\/hashtag\/masterchefespa%C3%B1a?src=hash&amp;ref_src=twsrc%5Etfw\">#masterchefespa\u00f1a<\/a> <a href=\"https:\/\/twitter.com\/hashtag\/masterchef11?src=hash&amp;ref_src=twsrc%5Etfw\">#masterchef11<\/a> <a href=\"https:\/\/twitter.com\/hashtag\/masterchef?src=hash&amp;ref_src=twsrc%5Etfw\">#masterchef<\/a> <a href=\"https:\/\/twitter.com\/hashtag\/chef?src=hash&amp;ref_src=twsrc%5Etfw\">#chef<\/a> <a href=\"https:\/\/twitter.com\/hashtag\/espa%C3%B1a?src=hash&amp;ref_src=twsrc%5Etfw\">#espa\u00f1a<\/a> <a href=\"https:\/\/twitter.com\/hashtag\/venezuela?src=hash&amp;ref_src=twsrc%5Etfw\">#venezuela<\/a> <a href=\"https:\/\/twitter.com\/hashtag\/alegr%C3%ADa?src=hash&amp;ref_src=twsrc%5Etfw\">#alegr\u00eda<\/a> <a href=\"https:\/\/twitter.com\/hashtag\/llanto?src=hash&amp;ref_src=twsrc%5Etfw\">#llanto<\/a> <a href=\"https:\/\/twitter.com\/hashtag\/Reflexiones?src=hash&amp;ref_src=twsrc%5Etfw\">#Reflexiones<\/a> <a href=\"https:\/\/twitter.com\/hashtag\/arepa?src=hash&amp;ref_src=twsrc%5Etfw\">#arepa<\/a> <a href=\"https:\/\/twitter.com\/hashtag\/agradecimiento?src=hash&amp;ref_src=twsrc%5Etfw\">#agradecimiento<\/a> <a href=\"https:\/\/t.co\/HnKpKpxyGW\">pic.twitter.com\/HnKpKpxyGW<\/a><\/p>&mdash; Fray Marcos MasterChef 11 (@fraymarcosmchef) <a href=\"https:\/\/twitter.com\/fraymarcosmchef\/status\/1657539420730404864?ref_src=twsrc%5Etfw\">May 14, 2023<\/a><\/blockquote><script async src=\"https:\/\/platform.twitter.com\/widgets.js\" charset=\"utf-8\"><\/script>\n<\/div><\/figure>\n\n\n\n<figure class=\"wp-block-embed is-type-rich is-provider-twitter wp-block-embed-twitter\"><div class=\"wp-block-embed__wrapper\">\nhttps:\/\/twitter.com\/minbutt_1\/status\/1655708611052535808?s=20\n<\/div><\/figure>\n\n\n\n<figure class=\"wp-block-embed is-type-rich is-provider-twitter wp-block-embed-twitter\"><div class=\"wp-block-embed__wrapper\">\n<blockquote class=\"twitter-tweet\" data-width=\"500\" data-dnt=\"true\"><p lang=\"es\" dir=\"ltr\">se fue Fray Marcos de Master Chef \ud83d\ude14 muri\u00f3 la cocina <a href=\"https:\/\/twitter.com\/hashtag\/MasterChef?src=hash&amp;ref_src=twsrc%5Etfw\">#MasterChef<\/a><\/p>&mdash; maarco \u26a1\ud83c\udde9\ud83c\uddea (@maarcoloopez93) <a href=\"https:\/\/twitter.com\/maarcoloopez93\/status\/1658614420161830915?ref_src=twsrc%5Etfw\">May 16, 2023<\/a><\/blockquote><script async src=\"https:\/\/platform.twitter.com\/widgets.js\" charset=\"utf-8\"><\/script>\n<\/div><\/figure>\n\n\n\n<p>El fraile,\u00a0<strong>a trav\u00e9s de sus plataformas<\/strong>, sigue enviando un mensaje positivo acerca de su participaci\u00f3n, reiterando que fue una gran oportunidad.<\/p>\n\n\n\n<p>\u00abUn programa como \u00e9ste es una ventana importante para enviar un mensaje de esperanza. Y tambi\u00e9n de evangelizar. Antes muchos los chicos tocaban a las puertas de los conventos queriendo ser monjes. Hoy los j\u00f3venes est\u00e1n en las pantallas, en las redes y somos nosotros los que tenemos que hacernos ver en esos espacios. Un fraile, una monja, un cura o un matrimonio cat\u00f3lico tiene que estar all\u00ed donde est\u00e1 la vida\u00bb.<\/p>\n\n\n\n<p class=\"has-text-align-right\"><strong><em>ElNacional.-<\/em><\/strong><\/p>\n","protected":false},"excerpt":{"rendered":"<p>Jueces y compa\u00f1eros lloraron su partida: el dominico meride\u00f1o de 44 a\u00f1os fue expulsado este martes del popular reality de cocina. Es el primer religioso que participa en el concurso que suma once temporadas en Televisi\u00f3n Espa\u00f1ola<\/p>\n","protected":false},"author":3,"featured_media":36107,"comment_status":"open","ping_status":"closed","sticky":false,"template":"","format":"standard","meta":{"jnews-multi-image_gallery":[],"jnews_single_post":{"subtitle":"","format":"standard","video":"","gallery":"","source_name":"","source_url":"","via_name":"","via_url":"","override_template":"0","override":[{"template":"4","single_blog_custom":"","parallax":"1","fullscreen":"1","layout":"right-sidebar","sidebar":"default-sidebar","second_sidebar":"default-sidebar","sticky_sidebar":"1","share_position":"top","share_float_style":"share-monocrhome","show_share_counter":"1","show_view_counter":"1","show_featured":"1","show_post_meta":"1","show_post_author":"1","show_post_author_image":"1","show_post_date":"1","post_date_format":"default","post_date_format_custom":"Y\/m\/d","show_post_category":"1","show_post_reading_time":"1","post_reading_time_wpm":"300","show_zoom_button":"1","zoom_button_out_step":"2","zoom_button_in_step":"3","show_post_tag":"1","show_prev_next_post":"1","show_popup_post":"1","number_popup_post":"1","show_author_box":"1","show_post_related":"1","show_inline_post_related":"0"}],"override_image_size":"0","image_override":[{"single_post_thumbnail_size":"crop-500","single_post_gallery_size":"crop-500"}],"trending_post":"0","trending_post_position":"meta","trending_post_label":"Trending","sponsored_post":"0","sponsored_post_label":"Sponsored by","sponsored_post_name":"","sponsored_post_url":"","sponsored_post_logo_enable":"0","sponsored_post_logo":"","sponsored_post_desc":"","disable_ad":"0"},"jnews_primary_category":{"id":"","hide":""},"jnews_social_meta":[],"jnews_review":[],"enable_review":"","type":"","name":"","summary":"","brand":"","sku":"","good":[],"bad":[],"score_override":"","override_value":"","rating":[],"price":[],"jnews_override_counter":[],"jnews_post_split":[],"footnotes":""},"categories":[50],"tags":[148,9551,6968,9550,45,9552,1714],"class_list":["post-36105","post","type-post","status-publish","format-standard","has-post-thumbnail","hentry","category-entretenimiento","tag-espana","tag-fray-marcos-garcia","tag-masterchef","tag-masterchef-espana","tag-noticias","tag-pin-de-inmunidad","tag-redes-sociales"],"_links":{"self":[{"href":"https:\/\/esreviral.com\/index.php?rest_route=\/wp\/v2\/posts\/36105","targetHints":{"allow":["GET"]}}],"collection":[{"href":"https:\/\/esreviral.com\/index.php?rest_route=\/wp\/v2\/posts"}],"about":[{"href":"https:\/\/esreviral.com\/index.php?rest_route=\/wp\/v2\/types\/post"}],"author":[{"embeddable":true,"href":"https:\/\/esreviral.com\/index.php?rest_route=\/wp\/v2\/users\/3"}],"replies":[{"embeddable":true,"href":"https:\/\/esreviral.com\/index.php?rest_route=%2Fwp%2Fv2%2Fcomments&post=36105"}],"version-history":[{"count":0,"href":"https:\/\/esreviral.com\/index.php?rest_route=\/wp\/v2\/posts\/36105\/revisions"}],"wp:featuredmedia":[{"embeddable":true,"href":"https:\/\/esreviral.com\/index.php?rest_route=\/wp\/v2\/media\/36107"}],"wp:attachment":[{"href":"https:\/\/esreviral.com\/index.php?rest_route=%2Fwp%2Fv2%2Fmedia&parent=36105"}],"wp:term":[{"taxonomy":"category","embeddable":true,"href":"https:\/\/esreviral.com\/index.php?rest_route=%2Fwp%2Fv2%2Fcategories&post=36105"},{"taxonomy":"post_tag","embeddable":true,"href":"https:\/\/esreviral.com\/index.php?rest_route=%2Fwp%2Fv2%2Ftags&post=36105"}],"curies":[{"name":"wp","href":"https:\/\/api.w.org\/{rel}","templated":true}]}}