{"id":36093,"date":"2023-05-16T17:00:15","date_gmt":"2023-05-16T22:00:15","guid":{"rendered":"https:\/\/esreviral.com\/?p=36093"},"modified":"2023-05-16T17:00:15","modified_gmt":"2023-05-16T22:00:15","slug":"cristina-kirchner-confirmo-que-no-va-a-ser-candidata","status":"publish","type":"post","link":"https:\/\/esreviral.com\/?p=36093","title":{"rendered":"Cristina Kirchner confirm\u00f3 que no va a ser candidata"},"content":{"rendered":"\n<p>En una carta a los \u201ccompa\u00f1eros y compa\u00f1eras\u201d del peronismo, la vicepresidenta Cristina Kirchner ratific\u00f3 esta tarde que no ser\u00e1 candidata en las elecciones de este a\u00f1o. \u201cNo voy a ser mascota del poder por ninguna candidatura. He dado muestras, como nadie, de privilegiar el proyecto colectivo sobre la ubicaci\u00f3n personal\u201d, remarc\u00f3.<\/p>\n\n\n\n<p>Cristina Kirchner agreg\u00f3: \u201cNo voy a entrar en el juego perverso que nos imponen con fachada democr\u00e1tica para que esos mismos jueces, encaramados hoy en la<strong>\u00a0Corte<\/strong>, dicten un fallo inhabilit\u00e1ndome o directamente sac\u00e1ndome cualquier candidatura que pueda ostentar, para dejar al peronismo en absoluta fragilidad y debilidad frente a la contienda electoral. Los hechos recientes me han dado la raz\u00f3n\u201d.<\/p>\n\n\n\n<p>\u201cNo se trat\u00f3 de una decisi\u00f3n apresurada ni producto del momento, sino de una decisi\u00f3n razonada y pensada. Los conozco, s\u00e9 como piensan, como act\u00faan y c\u00f3mo van a actuar. Los he visto a lo largo de la historia y experiment\u00e9 su juego en carne propia y de mi familia, con una persecuci\u00f3n atada con precisi\u00f3n quir\u00fargica al calendario electoral\u201d, argument\u00f3 la vicepresidenta.<\/p>\n\n\n\n<p>La titular del Senado hizo p\u00fablica la carta minutos despu\u00e9s de que el congreso nacional del PJ sesionara en el microestadio de Ferro Carril Oeste, en el barrio porte\u00f1o de Caballito, donde buena parte de los presentes corearon&nbsp;<strong>\u201cCristina presidenta\u201d<\/strong>. As\u00ed, cort\u00f3 de ra\u00edz el operativo clamor que estaba en marcha.<\/p>\n\n\n\n<p><em><strong>Noticia en desarrollo<\/strong><\/em><\/p>\n\n\n\n<p class=\"has-text-align-right\"><strong><em>LN.-<\/em><\/strong><\/p>\n","protected":false},"excerpt":{"rendered":"<p>La vicepresidenta reafirm\u00f3 lo dicho luego de haber sido condenada por la Causa Vialidad y dijo \u00abno se trat\u00f3 de una decisi\u00f3n apresurada ni producto del momento\u00bb.<\/p>\n","protected":false},"author":3,"featured_media":36094,"comment_status":"open","ping_status":"closed","sticky":false,"template":"","format":"standard","meta":{"jnews-multi-image_gallery":[],"jnews_single_post":{"subtitle":"","format":"standard","video":"","gallery":"","source_name":"","source_url":"","via_name":"","via_url":"","override_template":"0","override":[{"template":"4","single_blog_custom":"","parallax":"1","fullscreen":"1","layout":"right-sidebar","sidebar":"default-sidebar","second_sidebar":"default-sidebar","sticky_sidebar":"1","share_position":"top","share_float_style":"share-monocrhome","show_share_counter":"1","show_view_counter":"1","show_featured":"1","show_post_meta":"1","show_post_author":"1","show_post_author_image":"1","show_post_date":"1","post_date_format":"default","post_date_format_custom":"Y\/m\/d","show_post_category":"1","show_post_reading_time":"1","post_reading_time_wpm":"300","show_zoom_button":"1","zoom_button_out_step":"2","zoom_button_in_step":"3","show_post_tag":"1","show_prev_next_post":"1","show_popup_post":"1","number_popup_post":"1","show_author_box":"1","show_post_related":"1","show_inline_post_related":"0"}],"override_image_size":"0","image_override":[{"single_post_thumbnail_size":"crop-500","single_post_gallery_size":"crop-500"}],"trending_post":"0","trending_post_position":"meta","trending_post_label":"Trending","sponsored_post":"0","sponsored_post_label":"Sponsored by","sponsored_post_name":"","sponsored_post_url":"","sponsored_post_logo_enable":"0","sponsored_post_logo":"","sponsored_post_desc":"","disable_ad":"0"},"jnews_primary_category":{"id":"","hide":""},"jnews_social_meta":{"fb_title":"","fb_description":"","fb_image":"","twitter_title":"","twitter_description":"","twitter_image":""},"jnews_review":[],"enable_review":"0","type":"percentage","name":"","summary":"","brand":"","sku":"","good":[{"good_text":""}],"bad":[{"bad_text":""}],"score_override":"","override_value":"","rating":[{"rating_text":"","rating_number":"10"}],"price":[{"shop":"","price":"","link":"","icon":""}],"jnews_override_counter":{"override_view_counter":"0","view_counter_number":"0","override_share_counter":"0","share_counter_number":"0","override_like_counter":"0","like_counter_number":"0","override_dislike_counter":"0","dislike_counter_number":"0"},"jnews_post_split":{"enable_post_split":"0","post_split":[{"template":"1","tag":"h2","numbering":"asc","mode":"normal","first":"0","enable_toc":"0","toc_type":"normal"}]},"footnotes":""},"categories":[58,59],"tags":[44,9238,9546,2268,45,9547],"class_list":["post-36093","post","type-post","status-publish","format-standard","has-post-thumbnail","hentry","category-argentina","category-politica","tag-argentina","tag-candidata","tag-candidata-a-la-eleccion","tag-cristina-kirchner","tag-noticias","tag-vicepresidenta-cristina-kirchner"],"amp_enabled":true,"_links":{"self":[{"href":"https:\/\/esreviral.com\/index.php?rest_route=\/wp\/v2\/posts\/36093"}],"collection":[{"href":"https:\/\/esreviral.com\/index.php?rest_route=\/wp\/v2\/posts"}],"about":[{"href":"https:\/\/esreviral.com\/index.php?rest_route=\/wp\/v2\/types\/post"}],"author":[{"embeddable":true,"href":"https:\/\/esreviral.com\/index.php?rest_route=\/wp\/v2\/users\/3"}],"replies":[{"embeddable":true,"href":"https:\/\/esreviral.com\/index.php?rest_route=%2Fwp%2Fv2%2Fcomments&post=36093"}],"version-history":[{"count":0,"href":"https:\/\/esreviral.com\/index.php?rest_route=\/wp\/v2\/posts\/36093\/revisions"}],"wp:featuredmedia":[{"embeddable":true,"href":"https:\/\/esreviral.com\/index.php?rest_route=\/wp\/v2\/media\/36094"}],"wp:attachment":[{"href":"https:\/\/esreviral.com\/index.php?rest_route=%2Fwp%2Fv2%2Fmedia&parent=36093"}],"wp:term":[{"taxonomy":"category","embeddable":true,"href":"https:\/\/esreviral.com\/index.php?rest_route=%2Fwp%2Fv2%2Fcategories&post=36093"},{"taxonomy":"post_tag","embeddable":true,"href":"https:\/\/esreviral.com\/index.php?rest_route=%2Fwp%2Fv2%2Ftags&post=36093"}],"curies":[{"name":"wp","href":"https:\/\/api.w.org\/{rel}","templated":true}]}}