{"id":36083,"date":"2023-05-16T09:51:35","date_gmt":"2023-05-16T14:51:35","guid":{"rendered":"https:\/\/esreviral.com\/?p=36083"},"modified":"2023-05-16T09:51:38","modified_gmt":"2023-05-16T14:51:38","slug":"encarcelaron-a-un-venezolano-que-intento-abusar-de-una-joven","status":"publish","type":"post","link":"https:\/\/esreviral.com\/?p=36083","title":{"rendered":"Encarcelaron a un venezolano que intent\u00f3 abusar de una joven"},"content":{"rendered":"\n<p>El Juzgado de Investigaci\u00f3n Preparatoria Transitorio de Zarumilla, Per\u00fa, dict\u00f3 siete meses de prisi\u00f3n preventiva para un venezolano que intent\u00f3 abusar de una joven colombiana.<\/p>\n\n\n\n<p>Tras finalizar la audiencia, el hombre fue enviado al establecimiento penitenciario de Puerto Pizarro en la regi\u00f3n Tumbes mientras el Ministerio P\u00fablico peruano contin\u00faa con las diligencias.<\/p>\n\n\n\n<p>La jueza Daysi Vitalia Jim\u00e9nez Araujo declar\u00f3 fundado en parte el requerimiento presentado por el fiscal Ausberto Iparraguirre Ram\u00edrez, de la Segunda Fiscal\u00eda Provincial Penal Corporativa de Zarumilla, contra Xavier Alexander Laguado Olivares, de 31 a\u00f1os de edad, por estar inmerso en la presunta comisi\u00f3n del delito contra la libertad sexual, en la modalidad de tocamientos indebidos y actos contra el pudor, en agravio de una joven de 19 a\u00f1os de edad.<\/p>\n\n\n\n<p>El representante del Ministerio P\u00fablico hab\u00eda pedido nueve meses de c\u00e1rcel para el imputado; sin embargo, la jueza solo concedi\u00f3 siete meses.<\/p>\n\n\n\n<p>Seg\u00fan las pesquisas fiscales, la v\u00edctima colombiana cont\u00f3 que Xavier Alexander Laguado Olivares, en la madrugada del 10 de mayo, cuando caminaban por una calle de la ciudad de Zarumilla con direcci\u00f3n al parque, en una zona oscura, el imputado le hizo tocamientos en sus <strong>partes \u00edntimas y quiso violarla<\/strong>.<\/p>\n\n\n\n<p class=\"has-text-align-right\"><strong><em>noticiaypunto.net.-<\/em><\/strong><\/p>\n","protected":false},"excerpt":{"rendered":"<p>El Juzgado de Investigaci\u00f3n Preparatoria Transitorio de Zarumilla, Per\u00fa, dict\u00f3 siete meses de prisi\u00f3n preventiva para un venezolano que intent\u00f3 abusar de una joven colombiana. Tras finalizar la audiencia, el hombre fue enviado al establecimiento penitenciario de Puerto Pizarro en la regi\u00f3n Tumbes mientras el Ministerio P\u00fablico peruano contin\u00faa con las diligencias. La jueza Daysi [&hellip;]<\/p>\n","protected":false},"author":3,"featured_media":36086,"comment_status":"open","ping_status":"closed","sticky":false,"template":"","format":"standard","meta":{"jnews-multi-image_gallery":[],"jnews_single_post":{"subtitle":"","format":"standard","video":"","gallery":"","source_name":"","source_url":"","via_name":"","via_url":"","override_template":"0","override":[{"template":"4","single_blog_custom":"","parallax":"1","fullscreen":"1","layout":"right-sidebar","sidebar":"default-sidebar","second_sidebar":"default-sidebar","sticky_sidebar":"1","share_position":"top","share_float_style":"share-monocrhome","show_share_counter":"1","show_view_counter":"1","show_featured":"1","show_post_meta":"1","show_post_author":"1","show_post_author_image":"1","show_post_date":"1","post_date_format":"default","post_date_format_custom":"Y\/m\/d","show_post_category":"1","show_post_reading_time":"1","post_reading_time_wpm":"300","show_zoom_button":"1","zoom_button_out_step":"2","zoom_button_in_step":"3","show_post_tag":"1","show_prev_next_post":"1","show_popup_post":"1","number_popup_post":"1","show_author_box":"1","show_post_related":"1","show_inline_post_related":"0"}],"override_image_size":"0","image_override":[{"single_post_thumbnail_size":"crop-500","single_post_gallery_size":"crop-500"}],"trending_post":"0","trending_post_position":"meta","trending_post_label":"Trending","sponsored_post":"0","sponsored_post_label":"Sponsored by","sponsored_post_name":"","sponsored_post_url":"","sponsored_post_logo_enable":"0","sponsored_post_logo":"","sponsored_post_desc":"","disable_ad":"0"},"jnews_primary_category":{"id":"","hide":""},"jnews_social_meta":{"fb_title":"","fb_description":"","fb_image":"","twitter_title":"","twitter_description":"","twitter_image":""},"jnews_review":[],"enable_review":"0","type":"percentage","name":"","summary":"","brand":"","sku":"","good":[{"good_text":""}],"bad":[{"bad_text":""}],"score_override":"","override_value":"","rating":[{"rating_text":"","rating_number":"10"}],"price":[{"shop":"","price":"","link":"","icon":""}],"jnews_override_counter":{"override_view_counter":"0","view_counter_number":"0","override_share_counter":"0","share_counter_number":"0","override_like_counter":"0","like_counter_number":"0","override_dislike_counter":"0","dislike_counter_number":"0"},"jnews_post_split":{"enable_post_split":"0","post_split":[{"template":"1","tag":"h2","numbering":"asc","mode":"normal","first":"0","enable_toc":"0","toc_type":"normal"}]},"footnotes":""},"categories":[88,64],"tags":[398,9545,182,45,232,4010],"class_list":["post-36083","post","type-post","status-publish","format-standard","has-post-thumbnail","hentry","category-internacionales","category-sucesos","tag-abuso-sexual","tag-joven-colombiana","tag-ministerio-publico","tag-noticias","tag-peru","tag-prision-preventiva"],"amp_enabled":true,"_links":{"self":[{"href":"https:\/\/esreviral.com\/index.php?rest_route=\/wp\/v2\/posts\/36083"}],"collection":[{"href":"https:\/\/esreviral.com\/index.php?rest_route=\/wp\/v2\/posts"}],"about":[{"href":"https:\/\/esreviral.com\/index.php?rest_route=\/wp\/v2\/types\/post"}],"author":[{"embeddable":true,"href":"https:\/\/esreviral.com\/index.php?rest_route=\/wp\/v2\/users\/3"}],"replies":[{"embeddable":true,"href":"https:\/\/esreviral.com\/index.php?rest_route=%2Fwp%2Fv2%2Fcomments&post=36083"}],"version-history":[{"count":0,"href":"https:\/\/esreviral.com\/index.php?rest_route=\/wp\/v2\/posts\/36083\/revisions"}],"wp:featuredmedia":[{"embeddable":true,"href":"https:\/\/esreviral.com\/index.php?rest_route=\/wp\/v2\/media\/36086"}],"wp:attachment":[{"href":"https:\/\/esreviral.com\/index.php?rest_route=%2Fwp%2Fv2%2Fmedia&parent=36083"}],"wp:term":[{"taxonomy":"category","embeddable":true,"href":"https:\/\/esreviral.com\/index.php?rest_route=%2Fwp%2Fv2%2Fcategories&post=36083"},{"taxonomy":"post_tag","embeddable":true,"href":"https:\/\/esreviral.com\/index.php?rest_route=%2Fwp%2Fv2%2Ftags&post=36083"}],"curies":[{"name":"wp","href":"https:\/\/api.w.org\/{rel}","templated":true}]}}