{"id":36040,"date":"2023-05-16T06:59:33","date_gmt":"2023-05-16T11:59:33","guid":{"rendered":"https:\/\/esreviral.com\/?p=36040"},"modified":"2023-05-16T06:59:33","modified_gmt":"2023-05-16T11:59:33","slug":"rodriguez-larreta-inauguro-los-espacios-publicos-del-parque-de-la-innovacion-en-nunez","status":"publish","type":"post","link":"https:\/\/esreviral.com\/?p=36040","title":{"rendered":"Rodr\u00edguez Larreta inaugur\u00f3 los espacios p\u00fablicos del Parque de la Innovaci\u00f3n en N\u00fa\u00f1ez"},"content":{"rendered":"\n<p>\u00abEsto es emocionante\u00bb, se\u00f1al\u00f3 Horacio Rodr\u00edguez Larreta en su visita al Parque de Innovaci\u00f3n de la Ciudad, ubicado en el barrio de N\u00fa\u00f1ez, donde hoy se produjo la apertura oficial de las \u00e1reas p\u00fablicas a las que ya pueden acceder libremente todos los vecinos.<\/p>\n\n\n\n<p>En el predio se desarrollar\u00e1 un ecosistema de innovaci\u00f3n integrado por empresas, universidades, instituciones cient\u00edficas, viviendas, \u00e1reas de servicio y lugares de encuentro.<\/p>\n\n\n\n<p>\u00abAc\u00e1 tenemos uno de los polos de conocimiento y desarrollo m\u00e1s importantes de la Argentina. Es un sue\u00f1o, me imagino ver a los estudiantes y a los emprendedores en este parque que va a ser un polo de crecimiento para nuestro pa\u00eds. Es un proyecto en el que venimos trabajando desde hace varios a\u00f1os y es lind\u00edsimo ver que se hace realidad\u00bb, destac\u00f3 el Jefe de Gobierno.<\/p>\n\n\n\n<p>El proyecto comprende 12 hect\u00e1reas, de las cu\u00e1les el 65 por ciento est\u00e1n a cielo abierto, con cinco plazas y un extenso corredor central verde que quedar\u00e1n abiertos para quienes quieran visitarlo.<\/p>\n\n\n\n<p>El Parque est\u00e1 delimitado por Av. Lugones, Av. Udaondo y las calles Bavio y Campos Salles. Sus calles internas y las plazas, en tanto, ser\u00e1n denominadas por ley la Legislatura porte\u00f1a. &nbsp;<\/p>\n\n\n\n<p>\u00abEn la Ciudad vamos a seguir impulsando este tipo de obras porque, entre otras cosas, promueven la formaci\u00f3n. Son proyectos que est\u00e1n pensados en el ma\u00f1ana y a eso le damos mucho valor. Queremos que todas las personas del pa\u00eds puedan emprender, concretar sus emprendimientos y salir adelante trabajando\u00bb, agreg\u00f3 Rodr\u00edguez Larreta.<\/p>\n\n\n\n<p>Tambi\u00e9n estuvieron en la recorrida Mart\u00edn Redrado (Secretario de Asuntos Estrat\u00e9gicos), Waldo Wolff (Secretario de Asuntos P\u00fablicos), Roy Cortina (Legislador porte\u00f1o), Luis Bullrich (Director Ejecutivo del proyecto) y Juan Pablo Fasanella (Director Ejecutivo del Parque de la Innovaci\u00f3n).<\/p>\n\n\n\n<figure class=\"wp-block-image size-large\"><img fetchpriority=\"high\" decoding=\"async\" width=\"1024\" height=\"682\" src=\"https:\/\/esreviral.com\/wp-content\/uploads\/2023\/05\/AnyConv.com__WhatsApp_Image_2023-05-13_at_7.52.11_PM-1024x682.webp\" alt=\"\" class=\"wp-image-36042\" srcset=\"https:\/\/esreviral.com\/wp-content\/uploads\/2023\/05\/AnyConv.com__WhatsApp_Image_2023-05-13_at_7.52.11_PM-1024x682.webp 1024w, https:\/\/esreviral.com\/wp-content\/uploads\/2023\/05\/AnyConv.com__WhatsApp_Image_2023-05-13_at_7.52.11_PM-300x200.webp 300w, https:\/\/esreviral.com\/wp-content\/uploads\/2023\/05\/AnyConv.com__WhatsApp_Image_2023-05-13_at_7.52.11_PM-768x512.webp 768w, https:\/\/esreviral.com\/wp-content\/uploads\/2023\/05\/AnyConv.com__WhatsApp_Image_2023-05-13_at_7.52.11_PM-1536x1023.webp 1536w, https:\/\/esreviral.com\/wp-content\/uploads\/2023\/05\/AnyConv.com__WhatsApp_Image_2023-05-13_at_7.52.11_PM-750x500.webp 750w, https:\/\/esreviral.com\/wp-content\/uploads\/2023\/05\/AnyConv.com__WhatsApp_Image_2023-05-13_at_7.52.11_PM-1140x760.webp 1140w, https:\/\/esreviral.com\/wp-content\/uploads\/2023\/05\/AnyConv.com__WhatsApp_Image_2023-05-13_at_7.52.11_PM.webp 1600w\" sizes=\"(max-width: 1024px) 100vw, 1024px\" \/><\/figure>\n\n\n\n<p><strong><mark style=\"background-color:rgba(0, 0, 0, 0)\" class=\"has-inline-color has-vivid-red-color\">A la altura de las grandes ciudades del mundo<\/mark><\/strong><\/p>\n\n\n\n<p>Inspirado en los principales parques cient\u00edfico tecnol\u00f3gicos del mundo, el Parque de la Innovaci\u00f3n tiene una ubicaci\u00f3n estrat\u00e9gica; muy cerca de empresas e instituciones acad\u00e9micas adem\u00e1s de estar conectado a Ciudad Universitaria.<\/p>\n\n\n\n<p>Como centro de Innovaci\u00f3n, forma parte de la Red Internacional de Parques Tecnol\u00f3gicos (IASP) y la red de Parques y Polos Tecnol\u00f3gicos de la Argentina y avanza en alianzas con instituciones cient\u00edficas, centros de investigaci\u00f3n, organismos internacionales, incubadoras y aceleradoras de todo el mundo.<\/p>\n\n\n\n<p>Buenos Aires, que fue elegida la mejor ciudad para estudiar y vivir de la regi\u00f3n, es un polo de conocimiento que cuenta con 41 universidades y m\u00e1s de 80 institutos de investigaci\u00f3n.<\/p>\n\n\n\n<p>El dise\u00f1o del predio surge del Plan Maestro del Arquitecto Alberto Varas, ganador del \u00abConcurso Nacional de Ideas Parque de la Innovaci\u00f3n\u00bb realizado por la Facultad de Arquitectura y Urbanismo de la Universidad de Buenos Aires<\/p>\n\n\n\n<p>y el Gobierno de la Ciudad, en septiembre de 2016.<\/p>\n\n\n\n<p>Plantea una infraestructura diferencial y de \u00faltima generaci\u00f3n y propone un cambio en la forma de pensar, de crear, de producir.<\/p>\n\n\n\n<p>Es una nueva plataforma orientada a potenciar las actividades de emprendedores, estudiantes e investigadores, facilitando el encuentro entre ellos y generando sinergias con instituciones innovadoras p\u00fablicas y privadas del pa\u00eds y del mundo, con especial foco en educaci\u00f3n, salud y tecnolog\u00edas exponenciales.<\/p>\n\n\n\n<p>\u00abEste parque es un nuevo espacio de encuentro y sinergia para el ecosistema de Innovaci\u00f3n de la Ciudad y del pa\u00eds, desde el cual vamos a acompa\u00f1ar el desarrollo del talento argentino, que ya impacta y es reconocido en todo el mundo,\u00bb resalt\u00f3 Luis Bullrich.<\/p>\n\n\n\n<p>Tiene una mirada sustentable, adem\u00e1s de contar con m\u00e1s de la mitad del espacio abierto al p\u00fablico. Se dispusieron SUDS (Sistemas Urbanos de Drenaje Sostenible) que captan el agua y la drenan retardando su desagote en el arroyo White. Internamente la circulaci\u00f3n ser\u00e1 a trav\u00e9s de medios no contaminantes y se avanza en el an\u00e1lisis de nuevas alternativas de movilidad sustentables.<\/p>\n\n\n\n<p>Tambi\u00e9n contar\u00e1 con un centro de salud modelo que implementar\u00e1 nuevas metodolog\u00edas de asistencia para el tratamiento neurol\u00f3gico.<\/p>\n\n\n\n<p><strong><mark style=\"background-color:rgba(0, 0, 0, 0)\" class=\"has-inline-color has-vivid-red-color\">Una fiesta cultural<\/mark><\/strong><\/p>\n\n\n\n<p>Como parte de la apertura, desde el mediod\u00eda de este s\u00e1bado se fueron sucediendo diferentes activaciones, como pantallas de contenido audiovisual, pantalla interactiva \u00abkinetic\u00bb, QRs con experiencias de realidad aumentada, una exhibici\u00f3n de Carrera de Drones, visita al Domo de Interpretaci\u00f3n del parque, patio gastron\u00f3mico y escenario principal con m\u00fasica en vivo.<\/p>\n\n\n\n<p>Se espera la participaci\u00f3n de la orquesta sinf\u00f3nica del Teatro Col\u00f3n, con interpretaciones fuera del repertorio cl\u00e1sico, como por ejemplo \u00abStar Wars\u00bb.<\/p>\n\n\n\n<p>Para la programaci\u00f3n nocturna complementaria, el escenario principal ser\u00e1 sede de la Noche de la M\u00fasica, funcionando como un punto m\u00e1s de la programaci\u00f3n del festival en la Ciudad.<\/p>\n\n\n\n<p class=\"has-text-align-right\"><em><strong>Prensa GCBA<\/strong>.-<\/em><\/p>\n","protected":false},"excerpt":{"rendered":"<p>\u201cAc\u00e1 tenemos uno de los polos de conocimiento y desarrollo m\u00e1s importantes de la Argentina\u201d, dijo el Jefe de Gobierno. El predio de 12 hect\u00e1reas estar\u00e1 integrado por empresas, universidades, instituciones cient\u00edficas, viviendas, \u00e1reas de servicio y lugares de encuentro.<\/p>\n","protected":false},"author":3,"featured_media":36043,"comment_status":"open","ping_status":"closed","sticky":false,"template":"","format":"standard","meta":{"jnews-multi-image_gallery":[],"jnews_single_post":{"subtitle":"","format":"standard","video":"","gallery":"","source_name":"","source_url":"","via_name":"","via_url":"","override_template":"0","override":[{"template":"4","single_blog_custom":"","parallax":"1","fullscreen":"1","layout":"right-sidebar","sidebar":"default-sidebar","second_sidebar":"default-sidebar","sticky_sidebar":"1","share_position":"top","share_float_style":"share-monocrhome","show_share_counter":"1","show_view_counter":"1","show_featured":"1","show_post_meta":"1","show_post_author":"1","show_post_author_image":"1","show_post_date":"1","post_date_format":"default","post_date_format_custom":"Y\/m\/d","show_post_category":"1","show_post_reading_time":"1","post_reading_time_wpm":"300","show_zoom_button":"1","zoom_button_out_step":"2","zoom_button_in_step":"3","show_post_tag":"1","show_prev_next_post":"1","show_popup_post":"1","number_popup_post":"1","show_author_box":"1","show_post_related":"1","show_inline_post_related":"0"}],"override_image_size":"0","image_override":[{"single_post_thumbnail_size":"crop-500","single_post_gallery_size":"crop-500"}],"trending_post":"0","trending_post_position":"meta","trending_post_label":"Trending","sponsored_post":"0","sponsored_post_label":"Sponsored by","sponsored_post_name":"","sponsored_post_url":"","sponsored_post_logo_enable":"0","sponsored_post_logo":"","sponsored_post_desc":"","disable_ad":"0"},"jnews_primary_category":{"id":"","hide":""},"jnews_social_meta":{"fb_title":"","fb_description":"","fb_image":"","twitter_title":"","twitter_description":"","twitter_image":""},"jnews_review":[],"enable_review":"0","type":"percentage","name":"","summary":"","brand":"","sku":"","good":[{"good_text":""}],"bad":[{"bad_text":""}],"score_override":"","override_value":"","rating":[{"rating_text":"","rating_number":"10"}],"price":[{"shop":"","price":"","link":"","icon":""}],"jnews_override_counter":{"override_view_counter":"0","view_counter_number":"0","override_share_counter":"0","share_counter_number":"0","override_like_counter":"0","like_counter_number":"0","override_dislike_counter":"0","dislike_counter_number":"0"},"jnews_post_split":{"enable_post_split":"0","post_split":[{"template":"1","tag":"h2","numbering":"asc","mode":"normal","first":"0","enable_toc":"0","toc_type":"normal"}]},"footnotes":""},"categories":[58,59],"tags":[44,7069,1795,45,3916,9520,158],"class_list":["post-36040","post","type-post","status-publish","format-standard","has-post-thumbnail","hentry","category-argentina","category-politica","tag-argentina","tag-espacios-publicos","tag-gobierno-de-la-ciudad","tag-noticias","tag-nunez-2","tag-parque-de-la-innovacion","tag-rodriguez-larreta"],"amp_enabled":true,"_links":{"self":[{"href":"https:\/\/esreviral.com\/index.php?rest_route=\/wp\/v2\/posts\/36040"}],"collection":[{"href":"https:\/\/esreviral.com\/index.php?rest_route=\/wp\/v2\/posts"}],"about":[{"href":"https:\/\/esreviral.com\/index.php?rest_route=\/wp\/v2\/types\/post"}],"author":[{"embeddable":true,"href":"https:\/\/esreviral.com\/index.php?rest_route=\/wp\/v2\/users\/3"}],"replies":[{"embeddable":true,"href":"https:\/\/esreviral.com\/index.php?rest_route=%2Fwp%2Fv2%2Fcomments&post=36040"}],"version-history":[{"count":0,"href":"https:\/\/esreviral.com\/index.php?rest_route=\/wp\/v2\/posts\/36040\/revisions"}],"wp:featuredmedia":[{"embeddable":true,"href":"https:\/\/esreviral.com\/index.php?rest_route=\/wp\/v2\/media\/36043"}],"wp:attachment":[{"href":"https:\/\/esreviral.com\/index.php?rest_route=%2Fwp%2Fv2%2Fmedia&parent=36040"}],"wp:term":[{"taxonomy":"category","embeddable":true,"href":"https:\/\/esreviral.com\/index.php?rest_route=%2Fwp%2Fv2%2Fcategories&post=36040"},{"taxonomy":"post_tag","embeddable":true,"href":"https:\/\/esreviral.com\/index.php?rest_route=%2Fwp%2Fv2%2Ftags&post=36040"}],"curies":[{"name":"wp","href":"https:\/\/api.w.org\/{rel}","templated":true}]}}