{"id":3596,"date":"2021-01-21T14:17:43","date_gmt":"2021-01-21T14:17:43","guid":{"rendered":"http:\/\/esreviral.com\/?p=3596"},"modified":"2021-01-21T14:17:43","modified_gmt":"2021-01-21T14:17:43","slug":"regresaran-las-clases-a-la-ciudad-de-buenos-aires-al-menos-4-horas-diarias","status":"publish","type":"post","link":"https:\/\/esreviral.com\/?p=3596","title":{"rendered":"Regresar\u00e1n las clases a la Ciudad de Buenos Aires: al menos 4 horas diarias"},"content":{"rendered":"\n<p>En medio de la puja con los gremios docentes, el jefe de Gobierno porte\u00f1o,&nbsp;<strong>Horacio Rodr\u00edguez Larreta,&nbsp;<\/strong>volvi\u00f3 a ratificar esta ma\u00f1ana que el&nbsp;<strong>17 de febrero pr\u00f3ximo comienzan las clases en la ciudad,&nbsp;<\/strong>tanto en el \u00e1mbito estatal como en el privado. Ese d\u00eda, empezar\u00e1n su ciclo lectivo los&nbsp;<strong>jardines maternales, el nivel inicial, primer ciclo de primaria&nbsp;<\/strong>(primero, segundo y tercer grado)&nbsp;<strong>y primer ciclo de secundaria&nbsp;<\/strong>(primero y segundo a\u00f1o). Se tratar\u00e1 de&nbsp;<strong>un regreso escalonado durante dos semanas,&nbsp;<\/strong>de acuerdo al plan establecido.<\/p>\n\n\n\n<p>\u00abNuestro objetivo es lograr que todos los chicos vayan todos los d\u00edas a la escuela, con la mayor presencialidad posible, aquellos chicos o docentes que son factores de riesgo o que conviven con alguien que lo sea, tenemos organizado mantener la educaci\u00f3n en forma virtual\u201d, enfatiz\u00f3. <\/p>\n\n\n\n<p>Explic\u00f3 que tienen el plan \u201cPrimero la escuela\u201d, el cual consta de cuatro pilares. \u201cPrimero, ratificar que la educaci\u00f3n es una actividad esencial. Esto quiere decir dos cosas: que para la Ciudad de Buenos Aires es una prioridad el futuro de nuestros chicos, y que vamos a poner todos los recursos necesarios del Gobierno en funci\u00f3n de cumplir este objetivo que tenemos\u201d, afirm\u00f3.\u00a0<\/p>\n\n\n\n<figure class=\"wp-block-image size-large\"><img decoding=\"async\" src=\"https:\/\/bucket3.glanacion.com\/anexos\/fotos\/59\/3562459w740.jpg\" alt=\"\"\/><\/figure>\n\n\n\n<p>Al respecto, se prorrogar\u00e1 el decreto 147 que define y jerarquiza socialmente el car\u00e1cter de la Educaci\u00f3n y la declara como \u201cactividad esencial\u201d. La decisi\u00f3n marca la prioridad que tiene para el Gobierno de la Ciudad el futuro de los chicos y, tal como lo indic\u00f3 UNICEF, destaca la importancia de mantener abiertas las escuelas en cualquier momento de la pandemia.<\/p>\n\n\n\n<p><br>\u201cEl segundo pilar son los protocolos, la readecuaci\u00f3n que hay que hacer en las escuelas para garantizar las clases de manera cuidada. El tercer pilar es poner todos los recursos de la Ciudad en funci\u00f3n de la educaci\u00f3n y desde el Ministerio de Salud vamos a garantizar el testeo de todos los docentes de la Ciudad cada 15 d\u00edas\u201d, agreg\u00f3.<\/p>\n\n\n\n<p><br>\u201cY el cuarto pilar es la participaci\u00f3n ciudadana. A lo largo del a\u00f1o pasado hubo foros y encuentros virtuales donde participaron docentes, alumnos, directivos, padres, expertos, organizaciones educativas, para ir mejorando el proceso de virtualidad y la vuelta a la presencialidad. Nos acercaron much\u00edsimas ideas e iniciativas que ayudaron mucho, por eso queremos reforzarlo. Invitamos a todos los vecinos de la Ciudad, sean o no de la comunidad educativa, a que nos ayuden y nos acerquen ideas de c\u00f3mo podemos mejorar\u201d, complet\u00f3.<\/p>\n\n\n\n<blockquote class=\"wp-block-quote td_quote_box td_box_center is-layout-flow wp-block-quote-is-layout-flow\"><p>\u201chay cerca de 9 mil chicos que no pudieron aprender lo m\u00ednimo esperado\u201d durante el a\u00f1o pasado\u201d. \u201cLa mitad de ellos del nivel secundario no aprobaron entre 8 y 11 asignaturas, cuatro de cada diez chicos de secundaria hubiesen repetido y en el nivel primario se duplic\u00f3 la cantidad de chicos que promocionaron de forma acompa\u00f1ada\u201d, Soledad Acu\u00f1a, Ministra de Educaci\u00f3n CABA<\/p><cite>H<\/cite><\/blockquote>\n\n\n\n<p>Acu\u00f1a expres\u00f3 que \u201cqueremos tratar de alcanzar la m\u00e1xima presencialidad posible, que todos los chicos todos los d\u00edas puedan ir a la escuela al menos en una jornada simple\u201d.&nbsp;<\/p>\n\n\n\n<p><br>\u201cPara esto hay dos criterios de organizaci\u00f3n que tienen que ver con el distanciamiento y con la ventilaci\u00f3n: vamos a empezar priorizando a los chicos que tienen menos autonom\u00eda, que cambian de nivel, que son los que necesitan mayor ayuda para poder aprender y son los que no se pueden quedar solos en casa cuando la familia tiene que salir a trabajar para garantizar la econom\u00eda dom\u00e9stica\u201d, dijo.<\/p>\n\n\n\n<p>Tal como sucedi\u00f3 en octubre se va a entregar en todas las escuelas el kit de limpieza, una gu\u00eda de cuidados y los docentes de escuelas p\u00fablicas recibir\u00e1n adem\u00e1s barbijos quir\u00fargicos.<\/p>\n\n\n\n<p>Aquellos docentes que pertenezcan a grupos de riesgo quedan exceptuados de la vuelta a la presencialidad.<\/p>\n\n\n\n<p><br>\u201cLo que tiene que quedar claro es que la regla es la presencialidad. La virtualidad es un complemento y una excepci\u00f3n. La regla en la Ciudad es que las aulas est\u00e9n abiertas\u201d, concluy\u00f3 la ministra.<\/p>\n\n\n\n<figure class=\"wp-block-image size-large\"><img decoding=\"async\" src=\"https:\/\/ci6.googleusercontent.com\/proxy\/f-zEPR99QIc-mU2IrHZ1ehGQPsCxLpjKxmNr28jUDjTuUbZuXk8HxrCwM5n-jVQTUXLEPbF3lHiOGBiHV4H7mKfuR_AVuIxLpp0Kc22gWRo1cfjNERWJ6hP32HhZFLlzXIzQo5ZC8KHaafQkEann318X=s0-d-e1-ft#https:\/\/app2.dopplerfiles.com\/Users\/160762\/Campaigns\/11448353\/Conferencia_de_prensa_21-1-21.jpg\" alt=\"\"\/><\/figure>\n\n\n\n<p><strong><span style=\"background-color:#9a1b22\" class=\"td_text_highlight_marker\">Prioridad en el transporte p\u00fablico<\/span><\/strong><\/p>\n\n\n\n<p>El secretario de Transporte y Obras P\u00fablicas, Juan Jos\u00e9 M\u00e9ndez, anunci\u00f3 que \u201cvamos a declarar la prioridad en el transporte p\u00fablico de docentes y estudiantes. Esta prioridad requiere del compromiso ciudadano, que nosotros, cuando estamos utilizando el transporte p\u00fablico y en los espacios de espera, reconozcamos en los horarios de ingreso y egreso a los estudiantes y docentes y les permitamos subir primero\u201d.<\/p>\n\n\n\n<p><br>\u201cTambi\u00e9n vamos a trabajar con el Gobierno nacional y el Gobierno de la provincia de Buenos Aires para aumentar la oferta de transporte p\u00fablico en el horario pico\u201d, se\u00f1al\u00f3.<\/p>\n\n\n\n<p><br>Con respecto a los viajes en transporte escolar, anunci\u00f3 que \u201chemos dise\u00f1ado nuevos protocolos de seguridad y de higiene, que adem\u00e1s de requerir que todos los pasajeros viajen sentados, se va a sumar la necesidad de utilizar el tapabocas, aislar al conductor, y garantizar nuevos circuitos de limpieza de las unidades\u201d.<\/p>\n\n\n\n<p><br>Adem\u00e1s, comunic\u00f3 que \u201cjunto al Banco Ciudad vamos a ampliar las 24 cuotas a 36 cuotas durante los meses de febrero y marzo para poder facilitar el acceso a la primera bicicleta, tanto para los estudiantes, sus familiares, y los docentes\u201d.&nbsp;<\/p>\n\n\n\n<p><\/p>\n","protected":false},"excerpt":{"rendered":"<p>Ser\u00e1 de manera escalonada. Testear\u00e1n a todos los docentes cada 15 d\u00edas<\/p>\n","protected":false},"author":2,"featured_media":3597,"comment_status":"open","ping_status":"open","sticky":false,"template":"","format":"standard","meta":{"jnews-multi-image_gallery":[],"jnews_single_post":[],"jnews_primary_category":[],"jnews_social_meta":[],"jnews_review":[],"enable_review":"","type":"","name":"","summary":"","brand":"","sku":"","good":[],"bad":[],"score_override":"","override_value":"","rating":[],"price":[],"jnews_override_counter":[],"jnews_post_split":[],"footnotes":""},"categories":[43,58],"tags":[124,45,81],"class_list":["post-3596","post","type-post","status-publish","format-standard","has-post-thumbnail","hentry","category-actualidad","category-argentina","tag-buenos-aires","tag-noticias","tag-regreso-a-clases"],"_links":{"self":[{"href":"https:\/\/esreviral.com\/index.php?rest_route=\/wp\/v2\/posts\/3596","targetHints":{"allow":["GET"]}}],"collection":[{"href":"https:\/\/esreviral.com\/index.php?rest_route=\/wp\/v2\/posts"}],"about":[{"href":"https:\/\/esreviral.com\/index.php?rest_route=\/wp\/v2\/types\/post"}],"author":[{"embeddable":true,"href":"https:\/\/esreviral.com\/index.php?rest_route=\/wp\/v2\/users\/2"}],"replies":[{"embeddable":true,"href":"https:\/\/esreviral.com\/index.php?rest_route=%2Fwp%2Fv2%2Fcomments&post=3596"}],"version-history":[{"count":0,"href":"https:\/\/esreviral.com\/index.php?rest_route=\/wp\/v2\/posts\/3596\/revisions"}],"wp:featuredmedia":[{"embeddable":true,"href":"https:\/\/esreviral.com\/index.php?rest_route=\/"}],"wp:attachment":[{"href":"https:\/\/esreviral.com\/index.php?rest_route=%2Fwp%2Fv2%2Fmedia&parent=3596"}],"wp:term":[{"taxonomy":"category","embeddable":true,"href":"https:\/\/esreviral.com\/index.php?rest_route=%2Fwp%2Fv2%2Fcategories&post=3596"},{"taxonomy":"post_tag","embeddable":true,"href":"https:\/\/esreviral.com\/index.php?rest_route=%2Fwp%2Fv2%2Ftags&post=3596"}],"curies":[{"name":"wp","href":"https:\/\/api.w.org\/{rel}","templated":true}]}}