{"id":35891,"date":"2023-05-12T14:42:20","date_gmt":"2023-05-12T19:42:20","guid":{"rendered":"https:\/\/esreviral.com\/?p=35891"},"modified":"2023-05-12T14:43:03","modified_gmt":"2023-05-12T19:43:03","slug":"la-inflacion-de-abril-fue-de-84-segun-el-indec","status":"publish","type":"post","link":"https:\/\/esreviral.com\/?p=35891","title":{"rendered":"La inflaci\u00f3n de abril fue de 8,4 % seg\u00fan el INDEC"},"content":{"rendered":"\n<p><strong>El Instituto Nacional de Estad\u00edstica y Censos (Indec) dio a conocer la variaci\u00f3n del \u00cdndice de Precios al Consumidor\u00a0<\/strong>(IPC-Costo de Vida) correspondiente al mes de abril, que trep\u00f3 al 8,4%. En el primer cuatrimestre la inflaci\u00f3n lleg\u00f3 al 32% y la interanual se ubica en el 108,8%.<\/p>\n\n\n\n<p>El dato supera todas las proyecciones realizadas por las consultoras privadas y es la m\u00e1xima cifra desde igual mes de 2002, cuando se dispar\u00f3 a 10,4%.<\/p>\n\n\n\n<p>La divisi\u00f3n de mayor aumento en el mes fue<strong>&nbsp;Prendas de vestir y Calzado (10,8%)<\/strong>, por cambios de temporada.<\/p>\n\n\n\n<p>Le sigui\u00f3&nbsp;<strong>Alimentos y bebidas no alcoh\u00f3licas (10,1%)<\/strong>, con los incrementos m\u00e1s altos en verduras, tub\u00e9rculos y legumbres; leche, productos l\u00e1cteos y huevos; az\u00facar, dulces, chocolates, golosinas, etc. y carnes y derivados.<\/p>\n\n\n\n<p>Tambi\u00e9n se destacaron las subas de las divisiones<strong>&nbsp;Restaurantes y hoteles (9,9%)<\/strong>; y&nbsp;<strong>Equipamiento y mantenimiento del hogar (8,6%).<\/strong><\/p>\n\n\n\n<p>El aumento de Alimentos y bebidas no alcoh\u00f3licas (10,1%) fue el que m\u00e1s incidi\u00f3 en todas las regiones. Al interior de la divisi\u00f3n, impact\u00f3 la suba de Carnes y derivados, y de Verduras, tub\u00e9rculos y legumbres, seguidas por Leche, productos l\u00e1cteos y huevos; y finalmente Pan y Cereales.<\/p>\n\n\n\n<p>Por el otro lado, las dos divisiones de menor variaci\u00f3n en abril fueron<strong>\u00a0Educaci\u00f3n (5%)<\/strong>\u00a0y\u00a0<strong>Bebidas alcoh\u00f3licas y tabaco (3,8%).<\/strong><\/p>\n\n\n\n<figure class=\"wp-block-embed is-type-rich is-provider-twitter wp-block-embed-twitter\"><div class=\"wp-block-embed__wrapper\">\n<blockquote class=\"twitter-tweet\" data-width=\"500\" data-dnt=\"true\"><p lang=\"es\" dir=\"ltr\"><a href=\"https:\/\/twitter.com\/hashtag\/DatoINDEC?src=hash&amp;ref_src=twsrc%5Etfw\">#DatoINDEC<\/a><br>Los precios al consumidor (<a href=\"https:\/\/twitter.com\/hashtag\/IPC?src=hash&amp;ref_src=twsrc%5Etfw\">#IPC<\/a>) aumentaron 8,4% en abril de 2023 respecto de marzo y 108,8% interanual. Acumularon un alza de 32% en el primer cuatrimestre <a href=\"https:\/\/t.co\/8cmauqFqmf\">https:\/\/t.co\/8cmauqFqmf<\/a> <a href=\"https:\/\/t.co\/gv9uYAy2Sv\">pic.twitter.com\/gv9uYAy2Sv<\/a><\/p>&mdash; INDEC Argentina (@INDECArgentina) <a href=\"https:\/\/twitter.com\/INDECArgentina\/status\/1657098365937541131?ref_src=twsrc%5Etfw\">May 12, 2023<\/a><\/blockquote><script async src=\"https:\/\/platform.twitter.com\/widgets.js\" charset=\"utf-8\"><\/script>\n<\/div><\/figure>\n\n\n\n<p><\/p>\n\n\n\n<figure class=\"wp-block-embed is-type-rich is-provider-twitter wp-block-embed-twitter\"><div class=\"wp-block-embed__wrapper\">\n<blockquote class=\"twitter-tweet\" data-width=\"500\" data-dnt=\"true\"><p lang=\"es\" dir=\"ltr\"><a href=\"https:\/\/twitter.com\/hashtag\/DatoINDEC?src=hash&amp;ref_src=twsrc%5Etfw\">#DatoINDEC<\/a><a href=\"https:\/\/twitter.com\/hashtag\/IPC?src=hash&amp;ref_src=twsrc%5Etfw\">#IPC<\/a>: la divisi\u00f3n con mayor alza mensual en abril de 2023 fue Prendas de vestir y calzado (10,8%); y la de menor, Bebidas alcoh\u00f3licas y tabaco (3,8%) <a href=\"https:\/\/t.co\/8cmauqFqmf\">https:\/\/t.co\/8cmauqFqmf<\/a> <a href=\"https:\/\/t.co\/rik7udpSpN\">pic.twitter.com\/rik7udpSpN<\/a><\/p>&mdash; INDEC Argentina (@INDECArgentina) <a href=\"https:\/\/twitter.com\/INDECArgentina\/status\/1657098674197913608?ref_src=twsrc%5Etfw\">May 12, 2023<\/a><\/blockquote><script async src=\"https:\/\/platform.twitter.com\/widgets.js\" charset=\"utf-8\"><\/script>\n<\/div><\/figure>\n\n\n\n<p class=\"has-text-align-right\"><strong><em>c5n.com.-<\/em><\/strong><\/p>\n","protected":false},"excerpt":{"rendered":"<p>En lo que va del 2023, el \u00cdndice de Precios al Consumidor (IPC) acumula una suba de 32 por ciento. \u00abEl dato de la inflaci\u00f3n no es el que queremos\u00bb, hab\u00eda anticipado el presidente Alberto Fern\u00e1ndez.<\/p>\n","protected":false},"author":3,"featured_media":35892,"comment_status":"open","ping_status":"closed","sticky":false,"template":"","format":"standard","meta":{"jnews-multi-image_gallery":[],"jnews_single_post":{"subtitle":"","format":"standard","video":"","gallery":"","source_name":"","source_url":"","via_name":"","via_url":"","override_template":"0","override":[{"template":"4","single_blog_custom":"","parallax":"1","fullscreen":"1","layout":"right-sidebar","sidebar":"default-sidebar","second_sidebar":"default-sidebar","sticky_sidebar":"1","share_position":"top","share_float_style":"share-monocrhome","show_share_counter":"1","show_view_counter":"1","show_featured":"1","show_post_meta":"1","show_post_author":"1","show_post_author_image":"1","show_post_date":"1","post_date_format":"default","post_date_format_custom":"Y\/m\/d","show_post_category":"1","show_post_reading_time":"1","post_reading_time_wpm":"300","show_zoom_button":"1","zoom_button_out_step":"2","zoom_button_in_step":"3","show_post_tag":"1","show_prev_next_post":"1","show_popup_post":"1","number_popup_post":"1","show_author_box":"1","show_post_related":"1","show_inline_post_related":"0"}],"override_image_size":"0","image_override":[{"single_post_thumbnail_size":"crop-500","single_post_gallery_size":"crop-500"}],"trending_post":"0","trending_post_position":"meta","trending_post_label":"Trending","sponsored_post":"0","sponsored_post_label":"Sponsored by","sponsored_post_name":"","sponsored_post_url":"","sponsored_post_logo_enable":"0","sponsored_post_logo":"","sponsored_post_desc":"","disable_ad":"0"},"jnews_primary_category":{"id":"","hide":""},"jnews_social_meta":{"fb_title":"","fb_description":"","fb_image":"","twitter_title":"","twitter_description":"","twitter_image":""},"jnews_review":[],"enable_review":"0","type":"percentage","name":"","summary":"","brand":"","sku":"","good":[{"good_text":""}],"bad":[{"bad_text":""}],"score_override":"","override_value":"","rating":[{"rating_text":"","rating_number":"10"}],"price":[{"shop":"","price":"","link":"","icon":""}],"jnews_override_counter":{"override_view_counter":"0","view_counter_number":"0","override_share_counter":"0","share_counter_number":"0","override_like_counter":"0","like_counter_number":"0","override_dislike_counter":"0","dislike_counter_number":"0"},"jnews_post_split":{"enable_post_split":"0","post_split":[{"template":"1","tag":"h2","numbering":"asc","mode":"normal","first":"0","enable_toc":"0","toc_type":"normal"}]},"footnotes":""},"categories":[58,61],"tags":[44,9467,2054,268,2604,9466,45],"class_list":["post-35891","post","type-post","status-publish","format-standard","has-post-thumbnail","hentry","category-argentina","category-economia","tag-argentina","tag-gobierno-de-alberto-fernandez-2","tag-indec","tag-inflacion","tag-inflacion-y-precios","tag-instituto-nacional-de-estadistica-y-censos-indec","tag-noticias"],"amp_enabled":true,"_links":{"self":[{"href":"https:\/\/esreviral.com\/index.php?rest_route=\/wp\/v2\/posts\/35891"}],"collection":[{"href":"https:\/\/esreviral.com\/index.php?rest_route=\/wp\/v2\/posts"}],"about":[{"href":"https:\/\/esreviral.com\/index.php?rest_route=\/wp\/v2\/types\/post"}],"author":[{"embeddable":true,"href":"https:\/\/esreviral.com\/index.php?rest_route=\/wp\/v2\/users\/3"}],"replies":[{"embeddable":true,"href":"https:\/\/esreviral.com\/index.php?rest_route=%2Fwp%2Fv2%2Fcomments&post=35891"}],"version-history":[{"count":0,"href":"https:\/\/esreviral.com\/index.php?rest_route=\/wp\/v2\/posts\/35891\/revisions"}],"wp:featuredmedia":[{"embeddable":true,"href":"https:\/\/esreviral.com\/index.php?rest_route=\/wp\/v2\/media\/35892"}],"wp:attachment":[{"href":"https:\/\/esreviral.com\/index.php?rest_route=%2Fwp%2Fv2%2Fmedia&parent=35891"}],"wp:term":[{"taxonomy":"category","embeddable":true,"href":"https:\/\/esreviral.com\/index.php?rest_route=%2Fwp%2Fv2%2Fcategories&post=35891"},{"taxonomy":"post_tag","embeddable":true,"href":"https:\/\/esreviral.com\/index.php?rest_route=%2Fwp%2Fv2%2Ftags&post=35891"}],"curies":[{"name":"wp","href":"https:\/\/api.w.org\/{rel}","templated":true}]}}