{"id":35650,"date":"2023-05-03T06:48:03","date_gmt":"2023-05-03T11:48:03","guid":{"rendered":"https:\/\/esreviral.com\/?p=35650"},"modified":"2023-05-03T06:48:03","modified_gmt":"2023-05-03T11:48:03","slug":"serbia-nueve-muertos-por-disparos-de-un-alumno-en-una-escuela-de-belgrado","status":"publish","type":"post","link":"https:\/\/esreviral.com\/?p=35650","title":{"rendered":"Serbia: Nueve muertos por disparos de un alumno en una escuela de Belgrado"},"content":{"rendered":"\n<p>Nueve personas han muerto, entre ellas ocho menores de edad, y varias resultaron heridas en una escuela de Belgrado cuando un joven de 14 a\u00f1os de edad, alumno de esa instituci\u00f3n, dispar\u00f3 esta ma\u00f1ana con una pistola contra sus compa\u00f1eros y el personal docente y de seguridad.<\/p>\n\n\n\n<p>El&nbsp;Ministerio del Interior de Serbia&nbsp;inform\u00f3 en un comunicado que el noveno fallecido es un miembro del equipo de seguridad de la instituci\u00f3n.<\/p>\n\n\n\n<p>La nota indic\u00f3 que seis alumnos y una docente resultaron heridos y son atendidos en dos hospitales de Belgrado.<\/p>\n\n\n\n<figure class=\"wp-block-image size-full\"><img fetchpriority=\"high\" decoding=\"async\" width=\"600\" height=\"426\" src=\"https:\/\/esreviral.com\/wp-content\/uploads\/2023\/05\/AnyConv.com__4436dd52afb88a463522798573607133b3dc61a3m.webp\" alt=\"\" class=\"wp-image-35651\" srcset=\"https:\/\/esreviral.com\/wp-content\/uploads\/2023\/05\/AnyConv.com__4436dd52afb88a463522798573607133b3dc61a3m.webp 600w, https:\/\/esreviral.com\/wp-content\/uploads\/2023\/05\/AnyConv.com__4436dd52afb88a463522798573607133b3dc61a3m-300x213.webp 300w, https:\/\/esreviral.com\/wp-content\/uploads\/2023\/05\/AnyConv.com__4436dd52afb88a463522798573607133b3dc61a3m-120x86.webp 120w, https:\/\/esreviral.com\/wp-content\/uploads\/2023\/05\/AnyConv.com__4436dd52afb88a463522798573607133b3dc61a3m-350x250.webp 350w\" sizes=\"(max-width: 600px) 100vw, 600px\" \/><\/figure>\n\n\n\n<p><\/p>\n\n\n\n<p>El joven sospechoso de haber perpetrado el crimen fue encontrado y detenido en el patio de la escuela primaria \u00abVladislav Ribnikar\u00bb, situada cerca del centro de Belgrado.<\/p>\n\n\n\n<p>El alumno del s\u00e9ptimo curso dispar\u00f3 con una pistola, supuestamente propiedad de su padre, contra varios alumnos y miembros del equipo de seguridad de la escuela.<\/p>\n\n\n\n<p>Numerosas patrullas policiales con equipos de intervenci\u00f3n especial est\u00e1n desplegados en la zona de la escuela, cerca del centro de Belgrado, y trabajan para establecer los hechos y las circunstancias que llevaron a la tragedia.<\/p>\n\n\n\n<p>Sinisa Ducic, director del hospital de Tirsova, una de las cl\u00ednicas a las que fueron enviados los heridos, declar\u00f3 a las televisiones locales que tres ni\u00f1os fueron ingresados, uno de ellos una ni\u00f1a con heridas graves en la cabeza.<\/p>\n\n\n\n<p class=\"has-text-align-right\"><strong><em>ElNacional.-<\/em><\/strong><\/p>\n","protected":false},"excerpt":{"rendered":"<p>El joven sospechoso de haber perpetrado el crimen fue encontrado y detenido en el patio de la escuela primaria \u00abVladislav Ribnikar\u00bb, situada cerca del centro de Belgrado<\/p>\n","protected":false},"author":3,"featured_media":35652,"comment_status":"open","ping_status":"closed","sticky":false,"template":"","format":"standard","meta":{"jnews-multi-image_gallery":[],"jnews_single_post":{"subtitle":"","format":"standard","video":"","gallery":"","source_name":"","source_url":"","via_name":"","via_url":"","override_template":"0","override":[{"template":"4","single_blog_custom":"","parallax":"1","fullscreen":"1","layout":"right-sidebar","sidebar":"default-sidebar","second_sidebar":"default-sidebar","sticky_sidebar":"1","share_position":"top","share_float_style":"share-monocrhome","show_share_counter":"1","show_view_counter":"1","show_featured":"1","show_post_meta":"1","show_post_author":"1","show_post_author_image":"1","show_post_date":"1","post_date_format":"default","post_date_format_custom":"Y\/m\/d","show_post_category":"1","show_post_reading_time":"1","post_reading_time_wpm":"300","show_zoom_button":"1","zoom_button_out_step":"2","zoom_button_in_step":"3","show_post_tag":"1","show_prev_next_post":"1","show_popup_post":"1","number_popup_post":"1","show_author_box":"1","show_post_related":"1","show_inline_post_related":"0"}],"override_image_size":"0","image_override":[{"single_post_thumbnail_size":"crop-500","single_post_gallery_size":"crop-500"}],"trending_post":"0","trending_post_position":"meta","trending_post_label":"Trending","sponsored_post":"0","sponsored_post_label":"Sponsored by","sponsored_post_name":"","sponsored_post_url":"","sponsored_post_logo_enable":"0","sponsored_post_logo":"","sponsored_post_desc":"","disable_ad":"0"},"jnews_primary_category":{"id":"","hide":""},"jnews_social_meta":{"fb_title":"","fb_description":"","fb_image":"","twitter_title":"","twitter_description":"","twitter_image":""},"jnews_review":[],"enable_review":"0","type":"percentage","name":"","summary":"","brand":"","sku":"","good":[{"good_text":""}],"bad":[{"bad_text":""}],"score_override":"","override_value":"","rating":[{"rating_text":"","rating_number":"10"}],"price":[{"shop":"","price":"","link":"","icon":""}],"jnews_override_counter":{"override_view_counter":"0","view_counter_number":"0","override_share_counter":"0","share_counter_number":"0","override_like_counter":"0","like_counter_number":"0","override_dislike_counter":"0","dislike_counter_number":"0"},"jnews_post_split":{"enable_post_split":"0","post_split":[{"template":"1","tag":"h2","numbering":"asc","mode":"normal","first":"0","enable_toc":"0","toc_type":"normal"}]},"footnotes":""},"categories":[64],"tags":[9324,9325,9322,45,9326,9323],"class_list":["post-35650","post","type-post","status-publish","format-standard","has-post-thumbnail","hentry","category-sucesos","tag-belgrado","tag-escuela-de-belgrado","tag-ministerio-del-interior-de-serbia","tag-noticias","tag-pistola","tag-serbia"],"_links":{"self":[{"href":"https:\/\/esreviral.com\/index.php?rest_route=\/wp\/v2\/posts\/35650","targetHints":{"allow":["GET"]}}],"collection":[{"href":"https:\/\/esreviral.com\/index.php?rest_route=\/wp\/v2\/posts"}],"about":[{"href":"https:\/\/esreviral.com\/index.php?rest_route=\/wp\/v2\/types\/post"}],"author":[{"embeddable":true,"href":"https:\/\/esreviral.com\/index.php?rest_route=\/wp\/v2\/users\/3"}],"replies":[{"embeddable":true,"href":"https:\/\/esreviral.com\/index.php?rest_route=%2Fwp%2Fv2%2Fcomments&post=35650"}],"version-history":[{"count":0,"href":"https:\/\/esreviral.com\/index.php?rest_route=\/wp\/v2\/posts\/35650\/revisions"}],"wp:featuredmedia":[{"embeddable":true,"href":"https:\/\/esreviral.com\/index.php?rest_route=\/wp\/v2\/media\/35652"}],"wp:attachment":[{"href":"https:\/\/esreviral.com\/index.php?rest_route=%2Fwp%2Fv2%2Fmedia&parent=35650"}],"wp:term":[{"taxonomy":"category","embeddable":true,"href":"https:\/\/esreviral.com\/index.php?rest_route=%2Fwp%2Fv2%2Fcategories&post=35650"},{"taxonomy":"post_tag","embeddable":true,"href":"https:\/\/esreviral.com\/index.php?rest_route=%2Fwp%2Fv2%2Ftags&post=35650"}],"curies":[{"name":"wp","href":"https:\/\/api.w.org\/{rel}","templated":true}]}}