{"id":35530,"date":"2023-05-01T10:23:14","date_gmt":"2023-05-01T15:23:14","guid":{"rendered":"https:\/\/esreviral.com\/?p=35530"},"modified":"2023-05-01T10:49:47","modified_gmt":"2023-05-01T15:49:47","slug":"venezolano-fue-atropellado-y-le-amputaron-el-pie-derecho","status":"publish","type":"post","link":"https:\/\/esreviral.com\/?p=35530","title":{"rendered":"Venezolano fue atropellado y le amputaron el pie derecho"},"content":{"rendered":"\n<p>C\u00e9sar Zamora Saab se dirig\u00eda el pasado 20 de abril por la calle San Lorenzo de San Miguel, sentido Jos\u00e9 C. Paz hacia Bella Vista, provincia de Buenos Aires, cuando <strong>fue interceptado por la parte trasera por un veh\u00edculo Chevrolet Corsa, de color gris,  el cual lo abati\u00f3, dej\u00e1ndole una fractura en la tibia y el peron\u00e9, multiples politraumatismos pero adem\u00e1s le tuvieron que amputar los dedos del pie derecho.<\/strong><\/p>\n\n\n\n<p>D\u00edas despu\u00e9s la pierna derecha del joven de tan s\u00f3lo 22 a\u00f1os de edad, <strong>comenz\u00f3 una necrosis por lo cual le amputaron <\/strong>el pie derecho.<\/p>\n\n\n\n<p>El sujeto que lo atropell\u00f3 no se dio a la fuga pero <strong>goza de libertad y no se ha hecho responsable, econ\u00f3micamente de lo ocurrido<\/strong>, por lo cual ahora la familia de Zamora Saab debe correr con los gastos de la operaci\u00f3n que requiere. <\/p>\n\n\n\n<figure class=\"wp-block-image size-large\"><img fetchpriority=\"high\" decoding=\"async\" width=\"514\" height=\"1024\" src=\"https:\/\/esreviral.com\/wp-content\/uploads\/2023\/05\/atsapp-image-2023-04-27-at-12-08-12-514x1024.webp\" alt=\"\" class=\"wp-image-35533\" srcset=\"https:\/\/esreviral.com\/wp-content\/uploads\/2023\/05\/atsapp-image-2023-04-27-at-12-08-12-514x1024.webp 514w, https:\/\/esreviral.com\/wp-content\/uploads\/2023\/05\/atsapp-image-2023-04-27-at-12-08-12-151x300.webp 151w, https:\/\/esreviral.com\/wp-content\/uploads\/2023\/05\/atsapp-image-2023-04-27-at-12-08-12.webp 540w\" sizes=\"(max-width: 514px) 100vw, 514px\" \/><\/figure>\n\n\n\n<p>Desde el Hospital de San Miguel donde fue atendido tras el accidente, le pidieron clavos y otros implementos para repararle la tibia y el peron\u00e9 pero<strong> no cuentan con el dinero necesario para la adquisici\u00f3n<\/strong>, ya que el muchacho est\u00e1 desde agosto del a\u00f1o pasado en Argentina y apenas estaba comenzando a recuperarse por los gastos del traslado. <\/p>\n\n\n\n<p><strong>As\u00ed que quienes puedan colaborar para unir los casi 200 mil pesos que necesita, pueden hacerlo a la cuenta de BruBank:<\/strong><\/p>\n\n\n\n<p><strong>CBU:<\/strong> 1430001713031596290010<br><strong>ALIAS:<\/strong> cesarsaab.27<\/p>\n\n\n\n<p>Tambi\u00e9n sus allegados organizaron una rifa y pueden comprarla comunic\u00e1ndose al 3884800273<\/p>\n\n\n\n<figure class=\"wp-block-image size-large\"><img decoding=\"async\" width=\"720\" height=\"1024\" src=\"https:\/\/esreviral.com\/wp-content\/uploads\/2023\/05\/atsapp-image-2023-04-27-at-12-09-50-720x1024.webp\" alt=\"\" class=\"wp-image-35534\" srcset=\"https:\/\/esreviral.com\/wp-content\/uploads\/2023\/05\/atsapp-image-2023-04-27-at-12-09-50-720x1024.webp 720w, https:\/\/esreviral.com\/wp-content\/uploads\/2023\/05\/atsapp-image-2023-04-27-at-12-09-50-211x300.webp 211w, https:\/\/esreviral.com\/wp-content\/uploads\/2023\/05\/atsapp-image-2023-04-27-at-12-09-50-768x1092.webp 768w, https:\/\/esreviral.com\/wp-content\/uploads\/2023\/05\/atsapp-image-2023-04-27-at-12-09-50-1080x1536.webp 1080w, https:\/\/esreviral.com\/wp-content\/uploads\/2023\/05\/atsapp-image-2023-04-27-at-12-09-50-750x1067.webp 750w, https:\/\/esreviral.com\/wp-content\/uploads\/2023\/05\/atsapp-image-2023-04-27-at-12-09-50.webp 1125w\" sizes=\"(max-width: 720px) 100vw, 720px\" \/><\/figure>\n","protected":false},"excerpt":{"rendered":"<p>C\u00e9sar Zamora Saab se dirig\u00eda el pasado 20 de abril por la calle San Lorenzo de San Miguel, sentido Jos\u00e9 C. Paz hacia Bella Vista, provincia de Buenos Aires, cuando fue interceptado por la parte trasera por un veh\u00edculo Chevrolet Corsa, de color gris, el cual lo abati\u00f3, dej\u00e1ndole una fractura en la tibia y [&hellip;]<\/p>\n","protected":false},"author":2,"featured_media":35531,"comment_status":"open","ping_status":"closed","sticky":false,"template":"","format":"standard","meta":{"jnews-multi-image_gallery":[],"jnews_single_post":{"subtitle":"","format":"standard","video":"","gallery":"","source_name":"","source_url":"","via_name":"","via_url":"","override_template":"0","override":[{"template":"4","single_blog_custom":"","parallax":"1","fullscreen":"1","layout":"right-sidebar","sidebar":"default-sidebar","second_sidebar":"default-sidebar","sticky_sidebar":"1","share_position":"top","share_float_style":"share-monocrhome","show_share_counter":"1","show_view_counter":"1","show_featured":"1","show_post_meta":"1","show_post_author":"1","show_post_author_image":"1","show_post_date":"1","post_date_format":"default","post_date_format_custom":"Y\/m\/d","show_post_category":"1","show_post_reading_time":"1","post_reading_time_wpm":"300","show_zoom_button":"1","zoom_button_out_step":"2","zoom_button_in_step":"3","show_post_tag":"1","show_prev_next_post":"1","show_popup_post":"1","number_popup_post":"1","show_author_box":"1","show_post_related":"1","show_inline_post_related":"0"}],"override_image_size":"0","image_override":[{"single_post_thumbnail_size":"crop-500","single_post_gallery_size":"crop-500"}],"trending_post":"0","trending_post_position":"meta","trending_post_label":"Trending","sponsored_post":"0","sponsored_post_label":"Sponsored by","sponsored_post_name":"","sponsored_post_url":"","sponsored_post_logo_enable":"0","sponsored_post_logo":"","sponsored_post_desc":"","disable_ad":"0"},"jnews_primary_category":{"id":"","hide":""},"jnews_social_meta":{"fb_title":"","fb_description":"","fb_image":"","twitter_title":"","twitter_description":"","twitter_image":""},"jnews_review":[],"enable_review":"0","type":"percentage","name":"","summary":"","brand":"","sku":"","good":[{"good_text":""}],"bad":[{"bad_text":""}],"score_override":"","override_value":"","rating":[{"rating_text":"","rating_number":"10"}],"price":[{"shop":"","price":"","link":"","icon":""}],"jnews_override_counter":{"override_view_counter":"0","view_counter_number":"0","override_share_counter":"0","share_counter_number":"0","override_like_counter":"0","like_counter_number":"0","override_dislike_counter":"0","dislike_counter_number":"0"},"jnews_post_split":{"enable_post_split":"0","post_split":[{"template":"1","tag":"h2","numbering":"asc","mode":"normal","first":"0","enable_toc":"0","toc_type":"normal"}]},"footnotes":""},"categories":[5892],"tags":[44,45,67],"class_list":["post-35530","post","type-post","status-publish","format-standard","has-post-thumbnail","hentry","category-venezolanos-en-argentina","tag-argentina","tag-noticias","tag-venezolanos-en-argentina"],"amp_enabled":true,"_links":{"self":[{"href":"https:\/\/esreviral.com\/index.php?rest_route=\/wp\/v2\/posts\/35530"}],"collection":[{"href":"https:\/\/esreviral.com\/index.php?rest_route=\/wp\/v2\/posts"}],"about":[{"href":"https:\/\/esreviral.com\/index.php?rest_route=\/wp\/v2\/types\/post"}],"author":[{"embeddable":true,"href":"https:\/\/esreviral.com\/index.php?rest_route=\/wp\/v2\/users\/2"}],"replies":[{"embeddable":true,"href":"https:\/\/esreviral.com\/index.php?rest_route=%2Fwp%2Fv2%2Fcomments&post=35530"}],"version-history":[{"count":0,"href":"https:\/\/esreviral.com\/index.php?rest_route=\/wp\/v2\/posts\/35530\/revisions"}],"wp:featuredmedia":[{"embeddable":true,"href":"https:\/\/esreviral.com\/index.php?rest_route=\/wp\/v2\/media\/35531"}],"wp:attachment":[{"href":"https:\/\/esreviral.com\/index.php?rest_route=%2Fwp%2Fv2%2Fmedia&parent=35530"}],"wp:term":[{"taxonomy":"category","embeddable":true,"href":"https:\/\/esreviral.com\/index.php?rest_route=%2Fwp%2Fv2%2Fcategories&post=35530"},{"taxonomy":"post_tag","embeddable":true,"href":"https:\/\/esreviral.com\/index.php?rest_route=%2Fwp%2Fv2%2Ftags&post=35530"}],"curies":[{"name":"wp","href":"https:\/\/api.w.org\/{rel}","templated":true}]}}