{"id":35527,"date":"2023-05-01T09:36:43","date_gmt":"2023-05-01T14:36:43","guid":{"rendered":"https:\/\/esreviral.com\/?p=35527"},"modified":"2023-05-01T09:36:44","modified_gmt":"2023-05-01T14:36:44","slug":"venezuela-anuncio-aviones-para-repatriar-a-compatriotas","status":"publish","type":"post","link":"https:\/\/esreviral.com\/?p=35527","title":{"rendered":"Venezuela anunci\u00f3 aviones para repatriar a compatriotas"},"content":{"rendered":"\n<p>El ministro de Relaciones Exteriores de Venezuela,&nbsp;<strong>Yvan Gil,<\/strong>&nbsp;comunic\u00f3 a trav\u00e9s de Twitter que pondr\u00e1 aviones a disposici\u00f3n para garantizar el retorno de sus compatriotas que est\u00e1n en la frontera de Chile y Per\u00fa y tambi\u00e9n solicitar las garant\u00edas que aviones de Conviasa aterricen en la zona para llevar a su pa\u00eds a quienes est\u00e1n varados.<\/p>\n\n\n\n<p>Cabe se\u00f1alar que cientos de migrantes -principalmente venezolanos- se encuentran varados en el paso de Chacalluta, en la comuna de Arica, al no poder ingresar a Tacna por no tener su documentaci\u00f3n al d\u00eda.<\/p>\n\n\n\n<p>Debido a esta situaci\u00f3n, el canciller venezolano anunci\u00f3 que \u201c<strong>hemos solicitado garant\u00edas para que nuestros aviones (L\u00ednea A\u00e9rea Conviasa) puedan aterrizar y despegar en la zona,<\/strong>&nbsp;as\u00ed como abastecer combustible en un eventual operativo de nuestro Plan Vuelta a la Patria que nos permita regresar sanos y seguros a nuestros compatriotas\u201d.<\/p>\n\n\n\n<p>Adem\u00e1s, se\u00f1al\u00f3 que ha estado en contacto con autoridades de ambos pa\u00edses involucrados en estos hechos. \u201cEn relaci\u00f3n con la situaci\u00f3n de migrantes venezolanos bloqueados en la frontera entre Chile y Per\u00fa, hemos estado en contacto con ambas canciller\u00edas y solicitado plenas garant\u00edas y respeto a los DD. HH de nuestros compatriota\u201d, asegur\u00f3.<\/p>\n\n\n\n<p>Durante el viernes Per\u00fa dispuso de 390 agentes de la Polic\u00eda Nacional y 196 militares, tras el anuncio del estado de emergencia en las zonas fronterizas del pa\u00eds quienes fueron ubicados a lo largo de 12,5 kil\u00f3metros de la frontera para apoyar a los agentes policiales en 12 puntos cr\u00edticos de la zona.<\/p>\n\n\n\n<p>En tanto, ministro del Interior peruano, Vicente Romero, coment\u00f3 a R<em>adio RPP<\/em>\u00a0que s\u00f3lo se permite el paso de migrantes que tienen visado, pasaporte y carn\u00e9 de extranjer\u00eda, pero insisti\u00f3 en que \u201csi no tienen documentaci\u00f3n, no pueden ingresar a Per\u00fa\u201d.<\/p>\n\n\n\n<p class=\"has-text-align-right\"><strong><em>radio.uchile.cl.-<\/em><\/strong><\/p>\n","protected":false},"excerpt":{"rendered":"<p>La informaci\u00f3n fue comunicada por el ministro de Relaciones Exteriores, Yvan Gil, quien, adem\u00e1s, solicit\u00f3 a autoridades chilenas y peruanas respetar los derechos humanos de las personas varadas en la frontera.<\/p>\n","protected":false},"author":3,"featured_media":35528,"comment_status":"open","ping_status":"closed","sticky":false,"template":"","format":"standard","meta":{"jnews-multi-image_gallery":[],"jnews_single_post":{"subtitle":"","format":"standard","video":"","gallery":"","source_name":"","source_url":"","via_name":"","via_url":"","override_template":"0","override":[{"template":"4","single_blog_custom":"","parallax":"1","fullscreen":"1","layout":"right-sidebar","sidebar":"default-sidebar","second_sidebar":"default-sidebar","sticky_sidebar":"1","share_position":"top","share_float_style":"share-monocrhome","show_share_counter":"1","show_view_counter":"1","show_featured":"1","show_post_meta":"1","show_post_author":"1","show_post_author_image":"1","show_post_date":"1","post_date_format":"default","post_date_format_custom":"Y\/m\/d","show_post_category":"1","show_post_reading_time":"1","post_reading_time_wpm":"300","show_zoom_button":"1","zoom_button_out_step":"2","zoom_button_in_step":"3","show_post_tag":"1","show_prev_next_post":"1","show_popup_post":"1","number_popup_post":"1","show_author_box":"1","show_post_related":"1","show_inline_post_related":"0"}],"override_image_size":"0","image_override":[{"single_post_thumbnail_size":"crop-500","single_post_gallery_size":"crop-500"}],"trending_post":"0","trending_post_position":"meta","trending_post_label":"Trending","sponsored_post":"0","sponsored_post_label":"Sponsored by","sponsored_post_name":"","sponsored_post_url":"","sponsored_post_logo_enable":"0","sponsored_post_logo":"","sponsored_post_desc":"","disable_ad":"0"},"jnews_primary_category":{"id":"","hide":""},"jnews_social_meta":{"fb_title":"","fb_description":"","fb_image":"","twitter_title":"","twitter_description":"","twitter_image":""},"jnews_review":[],"enable_review":"0","type":"percentage","name":"","summary":"","brand":"","sku":"","good":[{"good_text":""}],"bad":[{"bad_text":""}],"score_override":"","override_value":"","rating":[{"rating_text":"","rating_number":"10"}],"price":[{"shop":"","price":"","link":"","icon":""}],"jnews_override_counter":{"override_view_counter":"0","view_counter_number":"0","override_share_counter":"0","share_counter_number":"0","override_like_counter":"0","like_counter_number":"0","override_dislike_counter":"0","dislike_counter_number":"0"},"jnews_post_split":{"enable_post_split":"0","post_split":[{"template":"1","tag":"h2","numbering":"asc","mode":"normal","first":"0","enable_toc":"0","toc_type":"normal"}]},"footnotes":""},"categories":[54],"tags":[5467,386,854,3003,315,2052,9272,45,232,56,9271],"class_list":["post-35527","post","type-post","status-publish","format-standard","has-post-thumbnail","hentry","category-inmigracion","tag-aviones","tag-chile","tag-derechos-humanos","tag-frontera","tag-migrantes","tag-migrantes-venezolanos","tag-ministro-de-relaciones-exteriores-de-venezuela","tag-noticias","tag-peru","tag-venezuela","tag-yvan-gil-2"],"amp_enabled":true,"_links":{"self":[{"href":"https:\/\/esreviral.com\/index.php?rest_route=\/wp\/v2\/posts\/35527"}],"collection":[{"href":"https:\/\/esreviral.com\/index.php?rest_route=\/wp\/v2\/posts"}],"about":[{"href":"https:\/\/esreviral.com\/index.php?rest_route=\/wp\/v2\/types\/post"}],"author":[{"embeddable":true,"href":"https:\/\/esreviral.com\/index.php?rest_route=\/wp\/v2\/users\/3"}],"replies":[{"embeddable":true,"href":"https:\/\/esreviral.com\/index.php?rest_route=%2Fwp%2Fv2%2Fcomments&post=35527"}],"version-history":[{"count":0,"href":"https:\/\/esreviral.com\/index.php?rest_route=\/wp\/v2\/posts\/35527\/revisions"}],"wp:featuredmedia":[{"embeddable":true,"href":"https:\/\/esreviral.com\/index.php?rest_route=\/wp\/v2\/media\/35528"}],"wp:attachment":[{"href":"https:\/\/esreviral.com\/index.php?rest_route=%2Fwp%2Fv2%2Fmedia&parent=35527"}],"wp:term":[{"taxonomy":"category","embeddable":true,"href":"https:\/\/esreviral.com\/index.php?rest_route=%2Fwp%2Fv2%2Fcategories&post=35527"},{"taxonomy":"post_tag","embeddable":true,"href":"https:\/\/esreviral.com\/index.php?rest_route=%2Fwp%2Fv2%2Ftags&post=35527"}],"curies":[{"name":"wp","href":"https:\/\/api.w.org\/{rel}","templated":true}]}}