{"id":35523,"date":"2023-05-01T09:26:33","date_gmt":"2023-05-01T14:26:33","guid":{"rendered":"https:\/\/esreviral.com\/?p=35523"},"modified":"2023-05-01T09:26:33","modified_gmt":"2023-05-01T14:26:33","slug":"desde-hoy-aumentan-los-colectivos-en-el-amba-cuanto-cuestan-los-boletos","status":"publish","type":"post","link":"https:\/\/esreviral.com\/?p=35523","title":{"rendered":"Desde hoy aumentan los colectivos en el AMBA: \u00bfcu\u00e1nto cuestan los boletos?"},"content":{"rendered":"\n<p>Este feriado del 1\u00b0 de mayo trajo consigo un nuevo golpe al bolsillo de\u00a0los usuarios del transporte p\u00fablico en la zona del Area Metropolitana de Buenos Aires (AMBA):\u00a0un\u00a0<strong>nuevo aumento en las tarifas de los colectivos y trenes<\/strong>.<\/p>\n\n\n\n<p><strong><em>Lea Tambi\u00e9n: <mark style=\"background-color:rgba(0, 0, 0, 0)\" class=\"has-inline-color has-vivid-red-color\"><\/mark><\/em><\/strong><\/p>\n\n\n\n<p>S\u00ed, desde este lunes,&nbsp;<strong>el boleto m\u00ednimo de colectivo pasa&nbsp;a costar $42,67<\/strong>. El incremento, el tercero en base a la f\u00f3rmula de actualizaci\u00f3n mensual se ajusta sobre la base del \u00edndice de inflaci\u00f3n del Gran Buenos Aires que publica el Indec, que en marzo pasado fue de&nbsp;<strong>7,8%<\/strong>. Adem\u00e1s, resta un nuevo aumento para el mes que viene, junio.&nbsp;<\/p>\n\n\n\n<p>La nueva escala tarifaria para los colectivos de la Ciudad y el conurbano bonaerense es: el boleto m\u00ednimo (entre 0 y 3 kil\u00f3metros) pas\u00f3 de $ 39,59 a&nbsp;<strong>$ 42,67<\/strong>; desde hoy, para el tramo de 3 a 6 km es de&nbsp;<strong>$ 47,55<\/strong>; de 6 a 12 kil\u00f3metros,&nbsp;<strong>$ 51,20<\/strong>; y los viajes de 12 a 27 kil\u00f3metros tendr\u00e1n un valor de&nbsp;<strong>$ 54,87<\/strong>.<\/p>\n\n\n\n<p>En todos los casos contin\u00faa vigente el descuento del 55% para los beneficiarios de la&nbsp;<strong>Tarifa Social&nbsp;<\/strong>de la tarjeta SUBE, es decir, que el boleto m\u00ednimo pasa a $ 19,20.<\/p>\n\n\n\n<p>Para los que tienen la Tarifa Social, el cuadro tarifario desde este lunes es: boleto m\u00ednimo (entre 0 y 3 kil\u00f3metros):\u00a0<strong>$ 19,20<\/strong>; tramo de 3 a 6 km:\u00a0<strong>$ 21,40<\/strong>; de 6 a 12 km:\u00a0<strong>$ 23,04<\/strong>; de 12 a 27 km:\u00a0<strong>$ 24,69<\/strong>, y viajes de m\u00e1s de 27 km:\u00a0<strong>$ 26,33.<\/strong><\/p>\n\n\n\n<p><strong><em><mark style=\"background-color:rgba(0, 0, 0, 0)\" class=\"has-inline-color has-vivid-red-color\">Lea Tambi\u00e9n: <\/mark><\/em><\/strong><\/p>\n\n\n\n<p><strong><mark style=\"background-color:rgba(0, 0, 0, 0)\" class=\"has-inline-color has-vivid-red-color\">Los trenes tambi\u00e9n con aumento<\/mark><\/strong><\/p>\n\n\n\n<p>En lo que hace a los trenes, los m\u00ednimos quedaron bajo el siguiente cuadro tarifario: l\u00edneas Mitre, Sarmiento y San Mart\u00edn el m\u00ednimo cuesta desde&nbsp;este lunes&nbsp;<strong>$ 26,82<\/strong>. Mismo valor para el Tren de la Costa, $26,82.&nbsp;<\/p>\n\n\n\n<p>En tanto, en las l\u00edneas Roca, Belgrano Sur, Belgrano Norte y Urquiza el m\u00ednimo es de<strong>&nbsp;$ 20,72<\/strong>.<\/p>\n\n\n\n<p><strong><mark style=\"background-color:rgba(0, 0, 0, 0)\" class=\"has-inline-color has-vivid-red-color\">Extensi\u00f3n en las tarjetas SUBE<\/mark><\/strong><\/p>\n\n\n\n<figure class=\"wp-block-image size-full\"><img fetchpriority=\"high\" decoding=\"async\" width=\"720\" height=\"480\" src=\"https:\/\/esreviral.com\/wp-content\/uploads\/2023\/05\/AnyConv.com__AnyConv.com__2oTv1Ex33_720x0__1.webp\" alt=\"\" class=\"wp-image-35524\" srcset=\"https:\/\/esreviral.com\/wp-content\/uploads\/2023\/05\/AnyConv.com__AnyConv.com__2oTv1Ex33_720x0__1.webp 720w, https:\/\/esreviral.com\/wp-content\/uploads\/2023\/05\/AnyConv.com__AnyConv.com__2oTv1Ex33_720x0__1-300x200.webp 300w\" sizes=\"(max-width: 720px) 100vw, 720px\" \/><\/figure>\n\n\n\n<p><\/p>\n\n\n\n<p>Con este nuevo aumento en las tarifas, se incrementa tambi\u00e9n el saldo negativo que se puede tener en la Tarjeta SUBE. Desde hoy, el m\u00e1ximo permitido ser\u00e1 de&nbsp;<strong>$ -170,72<\/strong>, lo que equivale a cuatro boletos m\u00ednimos.<\/p>\n\n\n\n<p>Tambi\u00e9n se ampl\u00eda el acumulado, es decir el m\u00e1ximo de carga de una SUBE: es de hasta<strong>&nbsp;$ 4.800<\/strong>, lo que equivale a 112 viajes con el boleto m\u00ednimo.<\/p>\n\n\n\n<p>La p\u00e9rdida o extrav\u00edo de la SUBE tambi\u00e9n implica un aumento. Ahora, el costo del pl\u00e1stico ser\u00e1 de\u00a0<strong>$ 490<\/strong>\u00a0y se puede adquirir en los punto de venta habilitados o de manera online a trav\u00e9s del sitio oficial.<\/p>\n\n\n\n<p class=\"has-text-align-right\"><strong><em>Clarin.-<\/em><\/strong><\/p>\n","protected":false},"excerpt":{"rendered":"<p>Por tercer mes consecutivo, la suba se establece por el \u00edndice de inflaci\u00f3n oficial, que en marzo fue del 7,8%<\/p>\n","protected":false},"author":3,"featured_media":35525,"comment_status":"open","ping_status":"closed","sticky":false,"template":"","format":"standard","meta":{"jnews-multi-image_gallery":[],"jnews_single_post":{"subtitle":"","format":"standard","video":"","gallery":"","source_name":"","source_url":"","via_name":"","via_url":"","override_template":"0","override":[{"template":"4","single_blog_custom":"","parallax":"1","fullscreen":"1","layout":"right-sidebar","sidebar":"default-sidebar","second_sidebar":"default-sidebar","sticky_sidebar":"1","share_position":"top","share_float_style":"share-monocrhome","show_share_counter":"1","show_view_counter":"1","show_featured":"1","show_post_meta":"1","show_post_author":"1","show_post_author_image":"1","show_post_date":"1","post_date_format":"default","post_date_format_custom":"Y\/m\/d","show_post_category":"1","show_post_reading_time":"1","post_reading_time_wpm":"300","show_zoom_button":"1","zoom_button_out_step":"2","zoom_button_in_step":"3","show_post_tag":"1","show_prev_next_post":"1","show_popup_post":"1","number_popup_post":"1","show_author_box":"1","show_post_related":"1","show_inline_post_related":"0"}],"override_image_size":"0","image_override":[{"single_post_thumbnail_size":"crop-500","single_post_gallery_size":"crop-500"}],"trending_post":"0","trending_post_position":"meta","trending_post_label":"Trending","sponsored_post":"0","sponsored_post_label":"Sponsored by","sponsored_post_name":"","sponsored_post_url":"","sponsored_post_logo_enable":"0","sponsored_post_logo":"","sponsored_post_desc":"","disable_ad":"0"},"jnews_primary_category":{"id":"","hide":""},"jnews_social_meta":{"fb_title":"","fb_description":"","fb_image":"","twitter_title":"","twitter_description":"","twitter_image":""},"jnews_review":[],"enable_review":"0","type":"percentage","name":"","summary":"","brand":"","sku":"","good":[{"good_text":""}],"bad":[{"bad_text":""}],"score_override":"","override_value":"","rating":[{"rating_text":"","rating_number":"10"}],"price":[{"shop":"","price":"","link":"","icon":""}],"jnews_override_counter":{"override_view_counter":"0","view_counter_number":"0","override_share_counter":"0","share_counter_number":"0","override_like_counter":"0","like_counter_number":"0","override_dislike_counter":"0","dislike_counter_number":"0"},"jnews_post_split":{"enable_post_split":"0","post_split":[{"template":"1","tag":"h2","numbering":"asc","mode":"normal","first":"0","enable_toc":"0","toc_type":"normal"}]},"footnotes":""},"categories":[58,61],"tags":[44,2914,894,2143,45,363,2125],"class_list":["post-35523","post","type-post","status-publish","format-standard","has-post-thumbnail","hentry","category-argentina","category-economia","tag-argentina","tag-aumento-de-tarifas","tag-ciudad-de-buenos-aires","tag-colectivos","tag-noticias","tag-provincia-de-buenos-aires","tag-trenes"],"amp_enabled":true,"_links":{"self":[{"href":"https:\/\/esreviral.com\/index.php?rest_route=\/wp\/v2\/posts\/35523"}],"collection":[{"href":"https:\/\/esreviral.com\/index.php?rest_route=\/wp\/v2\/posts"}],"about":[{"href":"https:\/\/esreviral.com\/index.php?rest_route=\/wp\/v2\/types\/post"}],"author":[{"embeddable":true,"href":"https:\/\/esreviral.com\/index.php?rest_route=\/wp\/v2\/users\/3"}],"replies":[{"embeddable":true,"href":"https:\/\/esreviral.com\/index.php?rest_route=%2Fwp%2Fv2%2Fcomments&post=35523"}],"version-history":[{"count":0,"href":"https:\/\/esreviral.com\/index.php?rest_route=\/wp\/v2\/posts\/35523\/revisions"}],"wp:featuredmedia":[{"embeddable":true,"href":"https:\/\/esreviral.com\/index.php?rest_route=\/wp\/v2\/media\/35525"}],"wp:attachment":[{"href":"https:\/\/esreviral.com\/index.php?rest_route=%2Fwp%2Fv2%2Fmedia&parent=35523"}],"wp:term":[{"taxonomy":"category","embeddable":true,"href":"https:\/\/esreviral.com\/index.php?rest_route=%2Fwp%2Fv2%2Fcategories&post=35523"},{"taxonomy":"post_tag","embeddable":true,"href":"https:\/\/esreviral.com\/index.php?rest_route=%2Fwp%2Fv2%2Ftags&post=35523"}],"curies":[{"name":"wp","href":"https:\/\/api.w.org\/{rel}","templated":true}]}}