{"id":35510,"date":"2023-05-01T08:53:09","date_gmt":"2023-05-01T13:53:09","guid":{"rendered":"https:\/\/esreviral.com\/?p=35510"},"modified":"2023-05-01T08:53:10","modified_gmt":"2023-05-01T13:53:10","slug":"fotos-rodriguez-larreta-visito-la-feria-del-libro","status":"publish","type":"post","link":"https:\/\/esreviral.com\/?p=35510","title":{"rendered":"+FOTOS: Rodr\u00edguez Larreta visit\u00f3 la Feria del Libro"},"content":{"rendered":"\n<p>Horacio Rodr\u00edguez Larreta recorri\u00f3 hoy la Feria Internacional del Libro que se desarrolla en el predio de La Rural, donde dialog\u00f3 con representantes de las editoriales y con el p\u00fablico presente que se acerc\u00f3 a conocer las novedades de este tradicional evento de la ciudad de Buenos Aires.<\/p>\n\n\n\n<p>\u00abLa Feria del Libro es la movida cultural m\u00e1s importante del a\u00f1o en la ciudad de Buenos Aires. Est\u00e1 llena de gente de todo el pa\u00eds. Eso me encant\u00f3 y es algo que nos da mucho entusiasmo\u00bb, dijo el Jefe de Gobierno, quien estuvo acompa\u00f1ado por el ministro de Cultura, Enrique Avogadro.<\/p>\n\n\n\n<p>La Feria Internacional del Libro de Buenos Aires es la m\u00e1s concurrida en el mundo de habla hispana y durante sus casi tres semanas de duraci\u00f3n la visitan m\u00e1s de un mill\u00f3n de lectores.<\/p>\n\n\n\n<figure class=\"wp-block-image size-large\"><img fetchpriority=\"high\" decoding=\"async\" width=\"1024\" height=\"682\" src=\"https:\/\/esreviral.com\/wp-content\/uploads\/2023\/05\/AnyConv.com__HRL_en_Feria_del_Libro_3-1024x682.webp\" alt=\"\" class=\"wp-image-35513\" srcset=\"https:\/\/esreviral.com\/wp-content\/uploads\/2023\/05\/AnyConv.com__HRL_en_Feria_del_Libro_3-1024x682.webp 1024w, https:\/\/esreviral.com\/wp-content\/uploads\/2023\/05\/AnyConv.com__HRL_en_Feria_del_Libro_3-300x200.webp 300w, https:\/\/esreviral.com\/wp-content\/uploads\/2023\/05\/AnyConv.com__HRL_en_Feria_del_Libro_3-768x512.webp 768w, https:\/\/esreviral.com\/wp-content\/uploads\/2023\/05\/AnyConv.com__HRL_en_Feria_del_Libro_3-1536x1023.webp 1536w, https:\/\/esreviral.com\/wp-content\/uploads\/2023\/05\/AnyConv.com__HRL_en_Feria_del_Libro_3-750x500.webp 750w, https:\/\/esreviral.com\/wp-content\/uploads\/2023\/05\/AnyConv.com__HRL_en_Feria_del_Libro_3-1140x760.webp 1140w, https:\/\/esreviral.com\/wp-content\/uploads\/2023\/05\/AnyConv.com__HRL_en_Feria_del_Libro_3.webp 1600w\" sizes=\"(max-width: 1024px) 100vw, 1024px\" \/><\/figure>\n\n\n\n<p>La presente edici\u00f3n, que es la n\u00famero 47, fue inaugurada oficialmente el pasado jueves 27 de abril y se extender\u00e1 hasta el pr\u00f3ximo 15 de mayo con la participaci\u00f3n de destacados autores y de todos los profesionales que dan vida a la industria editorial.<\/p>\n\n\n\n<p>Es organizada por la Fundaci\u00f3n El Libro, una entidad sin fines de lucro cuya misi\u00f3n es la promoci\u00f3n del libro y los h\u00e1bitos de la lectura. Realizada por primera vez en 1975, se ha consolidado a trav\u00e9s de los a\u00f1os y hoy en d\u00eda es uno de los eventos culturales m\u00e1s importantes del mundo.<\/p>\n\n\n\n<figure class=\"wp-block-image size-large\"><img decoding=\"async\" width=\"1024\" height=\"682\" src=\"https:\/\/esreviral.com\/wp-content\/uploads\/2023\/05\/AnyConv.com__HRL_en_Feria_del_Libro_5-1024x682.webp\" alt=\"\" class=\"wp-image-35512\" srcset=\"https:\/\/esreviral.com\/wp-content\/uploads\/2023\/05\/AnyConv.com__HRL_en_Feria_del_Libro_5-1024x682.webp 1024w, https:\/\/esreviral.com\/wp-content\/uploads\/2023\/05\/AnyConv.com__HRL_en_Feria_del_Libro_5-300x200.webp 300w, https:\/\/esreviral.com\/wp-content\/uploads\/2023\/05\/AnyConv.com__HRL_en_Feria_del_Libro_5-768x512.webp 768w, https:\/\/esreviral.com\/wp-content\/uploads\/2023\/05\/AnyConv.com__HRL_en_Feria_del_Libro_5-1536x1023.webp 1536w, https:\/\/esreviral.com\/wp-content\/uploads\/2023\/05\/AnyConv.com__HRL_en_Feria_del_Libro_5-750x500.webp 750w, https:\/\/esreviral.com\/wp-content\/uploads\/2023\/05\/AnyConv.com__HRL_en_Feria_del_Libro_5-1140x760.webp 1140w, https:\/\/esreviral.com\/wp-content\/uploads\/2023\/05\/AnyConv.com__HRL_en_Feria_del_Libro_5.webp 1600w\" sizes=\"(max-width: 1024px) 100vw, 1024px\" \/><\/figure>\n\n\n\n<p><\/p>\n\n\n\n<p><\/p>\n\n\n\n<figure class=\"wp-block-image size-large\"><img decoding=\"async\" width=\"1024\" height=\"731\" src=\"https:\/\/esreviral.com\/wp-content\/uploads\/2023\/05\/AnyConv.com__HRL_en_Feria_del_Libro_2-1024x731.webp\" alt=\"\" class=\"wp-image-35514\" srcset=\"https:\/\/esreviral.com\/wp-content\/uploads\/2023\/05\/AnyConv.com__HRL_en_Feria_del_Libro_2-1024x731.webp 1024w, https:\/\/esreviral.com\/wp-content\/uploads\/2023\/05\/AnyConv.com__HRL_en_Feria_del_Libro_2-300x214.webp 300w, https:\/\/esreviral.com\/wp-content\/uploads\/2023\/05\/AnyConv.com__HRL_en_Feria_del_Libro_2-768x548.webp 768w, https:\/\/esreviral.com\/wp-content\/uploads\/2023\/05\/AnyConv.com__HRL_en_Feria_del_Libro_2-1536x1096.webp 1536w, https:\/\/esreviral.com\/wp-content\/uploads\/2023\/05\/AnyConv.com__HRL_en_Feria_del_Libro_2-120x86.webp 120w, https:\/\/esreviral.com\/wp-content\/uploads\/2023\/05\/AnyConv.com__HRL_en_Feria_del_Libro_2-350x250.webp 350w, https:\/\/esreviral.com\/wp-content\/uploads\/2023\/05\/AnyConv.com__HRL_en_Feria_del_Libro_2-750x535.webp 750w, https:\/\/esreviral.com\/wp-content\/uploads\/2023\/05\/AnyConv.com__HRL_en_Feria_del_Libro_2-1140x814.webp 1140w, https:\/\/esreviral.com\/wp-content\/uploads\/2023\/05\/AnyConv.com__HRL_en_Feria_del_Libro_2.webp 1600w\" sizes=\"(max-width: 1024px) 100vw, 1024px\" \/><\/figure>\n\n\n\n<p class=\"has-text-align-right\"><em><strong>Prensa GCBA<\/strong>.-<\/em><\/p>\n","protected":false},"excerpt":{"rendered":"<p>El jefe de Gobierno porte\u00f1o ingres\u00f3 al predio por el pabell\u00f3n amarillo donde se encuentra el stand de la Ciudad. El p\u00fablico lo recibi\u00f3 bien y muchos quisieron tomarse fotos con \u00e9l<\/p>\n","protected":false},"author":3,"featured_media":35511,"comment_status":"open","ping_status":"closed","sticky":false,"template":"","format":"standard","meta":{"jnews-multi-image_gallery":[],"jnews_single_post":{"subtitle":"","format":"standard","video":"","gallery":"","source_name":"","source_url":"","via_name":"","via_url":"","override_template":"0","override":[{"template":"4","single_blog_custom":"","parallax":"1","fullscreen":"1","layout":"right-sidebar","sidebar":"default-sidebar","second_sidebar":"default-sidebar","sticky_sidebar":"1","share_position":"top","share_float_style":"share-monocrhome","show_share_counter":"1","show_view_counter":"1","show_featured":"1","show_post_meta":"1","show_post_author":"1","show_post_author_image":"1","show_post_date":"1","post_date_format":"default","post_date_format_custom":"Y\/m\/d","show_post_category":"1","show_post_reading_time":"1","post_reading_time_wpm":"300","show_zoom_button":"1","zoom_button_out_step":"2","zoom_button_in_step":"3","show_post_tag":"1","show_prev_next_post":"1","show_popup_post":"1","number_popup_post":"1","show_author_box":"1","show_post_related":"1","show_inline_post_related":"0"}],"override_image_size":"0","image_override":[{"single_post_thumbnail_size":"crop-500","single_post_gallery_size":"crop-500"}],"trending_post":"0","trending_post_position":"meta","trending_post_label":"Trending","sponsored_post":"0","sponsored_post_label":"Sponsored by","sponsored_post_name":"","sponsored_post_url":"","sponsored_post_logo_enable":"0","sponsored_post_logo":"","sponsored_post_desc":"","disable_ad":"0"},"jnews_primary_category":{"id":"","hide":""},"jnews_social_meta":{"fb_title":"","fb_description":"","fb_image":"","twitter_title":"","twitter_description":"","twitter_image":""},"jnews_review":[],"enable_review":"0","type":"percentage","name":"","summary":"","brand":"","sku":"","good":[{"good_text":""}],"bad":[{"bad_text":""}],"score_override":"","override_value":"","rating":[{"rating_text":"","rating_number":"10"}],"price":[{"shop":"","price":"","link":"","icon":""}],"jnews_override_counter":{"override_view_counter":"0","view_counter_number":"0","override_share_counter":"0","share_counter_number":"0","override_like_counter":"0","like_counter_number":"0","override_dislike_counter":"0","dislike_counter_number":"0"},"jnews_post_split":{"enable_post_split":"0","post_split":[{"template":"1","tag":"h2","numbering":"asc","mode":"normal","first":"0","enable_toc":"0","toc_type":"normal"}]},"footnotes":""},"categories":[58,59],"tags":[44,894,1802,9175,478,3166,2720,45],"class_list":["post-35510","post","type-post","status-publish","format-standard","has-post-thumbnail","hentry","category-argentina","category-politica","tag-argentina","tag-ciudad-de-buenos-aires","tag-feria-del-libro","tag-feria-internacional-del-libro","tag-horacio-rodriguez-larreta","tag-jefe-de-gobierno-porteno","tag-la-rural","tag-noticias"],"amp_enabled":true,"_links":{"self":[{"href":"https:\/\/esreviral.com\/index.php?rest_route=\/wp\/v2\/posts\/35510"}],"collection":[{"href":"https:\/\/esreviral.com\/index.php?rest_route=\/wp\/v2\/posts"}],"about":[{"href":"https:\/\/esreviral.com\/index.php?rest_route=\/wp\/v2\/types\/post"}],"author":[{"embeddable":true,"href":"https:\/\/esreviral.com\/index.php?rest_route=\/wp\/v2\/users\/3"}],"replies":[{"embeddable":true,"href":"https:\/\/esreviral.com\/index.php?rest_route=%2Fwp%2Fv2%2Fcomments&post=35510"}],"version-history":[{"count":0,"href":"https:\/\/esreviral.com\/index.php?rest_route=\/wp\/v2\/posts\/35510\/revisions"}],"wp:featuredmedia":[{"embeddable":true,"href":"https:\/\/esreviral.com\/index.php?rest_route=\/wp\/v2\/media\/35511"}],"wp:attachment":[{"href":"https:\/\/esreviral.com\/index.php?rest_route=%2Fwp%2Fv2%2Fmedia&parent=35510"}],"wp:term":[{"taxonomy":"category","embeddable":true,"href":"https:\/\/esreviral.com\/index.php?rest_route=%2Fwp%2Fv2%2Fcategories&post=35510"},{"taxonomy":"post_tag","embeddable":true,"href":"https:\/\/esreviral.com\/index.php?rest_route=%2Fwp%2Fv2%2Ftags&post=35510"}],"curies":[{"name":"wp","href":"https:\/\/api.w.org\/{rel}","templated":true}]}}