{"id":35503,"date":"2023-05-01T07:31:51","date_gmt":"2023-05-01T12:31:51","guid":{"rendered":"https:\/\/esreviral.com\/?p=35503"},"modified":"2023-05-01T07:31:52","modified_gmt":"2023-05-01T12:31:52","slug":"como-funcionaran-los-servicios-publicos-en-la-ciudad-por-el-feriado-del-1o-de-mayo","status":"publish","type":"post","link":"https:\/\/esreviral.com\/?p=35503","title":{"rendered":"C\u00f3mo funcionar\u00e1n los servicios p\u00fablicos en la Ciudad por el feriado del 1\u00ba de mayo"},"content":{"rendered":"\n<p>Con motivo del D\u00eda Internacional del Trabajador, este&nbsp;<strong>1\u00b0 de Mayo<\/strong>&nbsp;de 2023 el transporte p\u00fablico funcionar\u00e1 en el \u00c1rea Metropolitana de Buenos Aires (AMBA) con un cronograma especial, que se sumar\u00e1 a una serie de limitaciones por obras.&nbsp;<strong>Subtes, trenes y colectivos circular\u00e1n, pero con horarios limitados<\/strong>.<\/p>\n\n\n\n<p>Seg\u00fan informaron desde la Secretar\u00eda de Transporte y Obras P\u00fablicas del Gobierno de la Ciudad de Buenos Aires, el servicio de\u00a0<strong>subtes\u00a0<\/strong>y<strong>\u00a0premetro<\/strong>\u00a0funcionar\u00e1\u00a0<strong>de 8 a 22<\/strong>, seg\u00fan corresponda el horario del \u00faltimo tren de cada l\u00ednea. Las estaciones\u00a0<strong>Acoyte\u00a0<\/strong>y<strong>\u00a0Castro Barros<\/strong>\u00a0(L\u00ednea A);\u00a0<strong>San Mart\u00edn<\/strong>\u00a0(L\u00ednea C);\u00a0<strong>Bulnes<\/strong>\u00a0(L\u00ednea D) y\u00a0<strong>Jujuy<\/strong>\u00a0(L\u00ednea E) permanecen\u00a0cerradas por obras.<\/p>\n\n\n\n<p>Los\u00a0<strong>colectivos<\/strong>\u00a0y los\u00a0<strong>trenes<\/strong>\u00a0tambi\u00e9n circular\u00e1n conforme al cronograma de\u00a0<strong>domingos y feriados<\/strong>, entre las 6 y las 22. Adem\u00e1s, como parte la actualizaci\u00f3n mensual prevista a principios de cada mes, el Ministerio de Transporte inform\u00f3 que, a partir del 1\u00b0 de Mayo,\u00a0<strong>la tarjeta SUBE actualizar\u00e1 el saldo de emergencia<\/strong>: ser\u00e1 de\u00a0<strong>$170,72<\/strong>, el equivalente a\u00a0<strong>4 boletos m\u00ednimos<\/strong>.<\/p>\n\n\n\n<p><strong><em><mark style=\"background-color:rgba(0, 0, 0, 0)\" class=\"has-inline-color has-vivid-red-color\">Lea Tambi\u00e9n:<\/mark><\/em><\/strong><\/p>\n\n\n\n<p>\u201cPara quienes viajen en el AMBA seguir\u00e1 vigente el beneficio del sistema de Red SUBE, que abarca hasta 5 combinaciones en el transporte p\u00fablico durante 2 horas y aplica un descuento del 50% en el segundo viaje y un 75% a partir del tercero\u201d, detallaron.<\/p>\n\n\n\n<figure class=\"wp-block-image size-full\"><img fetchpriority=\"high\" decoding=\"async\" width=\"768\" height=\"768\" src=\"https:\/\/esreviral.com\/wp-content\/uploads\/2023\/05\/AnyConv.com__2AUJQDLHRFHE3HWDMSVYWPBMAM.webp\" alt=\"\" class=\"wp-image-35504\" srcset=\"https:\/\/esreviral.com\/wp-content\/uploads\/2023\/05\/AnyConv.com__2AUJQDLHRFHE3HWDMSVYWPBMAM.webp 768w, https:\/\/esreviral.com\/wp-content\/uploads\/2023\/05\/AnyConv.com__2AUJQDLHRFHE3HWDMSVYWPBMAM-300x300.webp 300w, https:\/\/esreviral.com\/wp-content\/uploads\/2023\/05\/AnyConv.com__2AUJQDLHRFHE3HWDMSVYWPBMAM-150x150.webp 150w, https:\/\/esreviral.com\/wp-content\/uploads\/2023\/05\/AnyConv.com__2AUJQDLHRFHE3HWDMSVYWPBMAM-75x75.webp 75w, https:\/\/esreviral.com\/wp-content\/uploads\/2023\/05\/AnyConv.com__2AUJQDLHRFHE3HWDMSVYWPBMAM-350x350.webp 350w, https:\/\/esreviral.com\/wp-content\/uploads\/2023\/05\/AnyConv.com__2AUJQDLHRFHE3HWDMSVYWPBMAM-750x750.webp 750w\" sizes=\"(max-width: 768px) 100vw, 768px\" \/><\/figure>\n\n\n\n<p><\/p>\n\n\n\n<p><strong><mark style=\"background-color:rgba(0, 0, 0, 0)\" class=\"has-inline-color has-vivid-red-color\">Estacionamientos, peajes, hospitales y m\u00e1s<\/mark><\/strong><\/p>\n\n\n\n<p><strong>Estacionamiento<\/strong>: estar\u00e1 permitido estacionar sobre las avenidas y calles donde est\u00e1 prohibido los d\u00edas h\u00e1biles de 7 a 21. En tanto,&nbsp;<strong>el estacionamiento medido no tendr\u00e1 vigencia<\/strong>. \u201cTodas las excepciones est\u00e1n se\u00f1alizadas con carteler\u00eda, ya sea porque se puede estacionar donde la norma dice que est\u00e1 prohibido o viceversa\u201d, apuntaron desde la Ciudad. En tanto, en pasajes, arterias que cuenten con&nbsp;<strong>Metrobus<\/strong>, calles de convivencia y en el espacio paralelo a las ciclov\u00edas est\u00e1&nbsp;<strong>prohibido las 24 horas<\/strong>. Adem\u00e1s, no habr\u00e1 restricci\u00f3n de ingreso a Centro y Tribunales peatonal.<\/p>\n\n\n\n<p><strong>Peajes<\/strong>: funcionar\u00e1n con normalidad, tomando como hora pico el horario de fin de semana, es decir, de 11 a 15 en sentido a la provincia de Buenos Aires, y de 17 a 21, sentido al Centro.<\/p>\n\n\n\n<p><strong>Hospitales:<\/strong>&nbsp;funcionar\u00e1n las guardias, el Sistema de Atenci\u00f3n M\u00e9dica de Emergencias (SAME) y las Unidades Febriles de Urgencia. A su vez, los vacunatorios COVID-19 estar\u00e1n cerrados.<\/p>\n\n\n\n<p>Polic\u00eda y Bomberos de la Ciudad + Emergencias L\u00ednea 911; Log\u00edstica, Defensa Civil, Guardia de Auxilio y Emergencias + L\u00ednea 103:<strong>&nbsp;guardias activas las 24 horas.<\/strong><\/p>\n\n\n\n<p><strong>Recolecci\u00f3n de residuos<\/strong>: el servicio funcionar\u00e1 de manera habitual.<\/p>\n\n\n\n<p><strong>Cementerios:<\/strong>&nbsp;las inhumaciones en los Cementerios de Chacarita, Flores, Recoleta y el ingreso de los fallecidos al Crematorio de la Ciudad Aut\u00f3noma de Buenos Aires se realizar\u00e1n en el horario de 9 a 12 a dep\u00f3sito.<\/p>\n\n\n\n<p><strong>Escuelas<\/strong>: cerradas.<\/p>\n\n\n\n<p><strong>Administraci\u00f3n Gubernamental de Ingresos P\u00fablicos y Direcci\u00f3n General de Rentas<\/strong>: cerradas.<\/p>\n\n\n\n<p><strong>Sedes Comunales<\/strong>: cerradas.<\/p>\n\n\n\n<p><strong>Registro Civil<\/strong>: permanecer\u00e1 cerrado. Funcionar\u00e1 s\u00f3lo la guardia de defunciones de 8 a 12.30.<\/p>\n\n\n\n<p><strong>Registro de licencias para conducir, sede Roca<\/strong>: cerrada.<\/p>\n\n\n\n<p><strong>Pista de aprendizaje<\/strong>: cerrada.<\/p>\n\n\n\n<p><strong>Verificaci\u00f3n T\u00e9cnica Vehicular<\/strong>: las siete plantas permanecer\u00e1n cerradas.<\/p>\n\n\n\n<p><strong>Direcci\u00f3n General de Infracciones<\/strong>: cerrada.<\/p>\n\n\n\n<p><strong>Parques<\/strong>: permanecer\u00e1n cerrados al p\u00fablico el Jard\u00edn Bot\u00e1nico Carlos Thays; el Ecoparque; y las reservas ecol\u00f3gicas Costanera Sur y Ciudad Universitaria Costanera Norte.<\/p>\n\n\n\n<p><strong>Museos y bibliotecas p\u00fablicas<\/strong>: cerrados.<\/p>\n\n\n\n<p><strong>Teatros<\/strong>: el Complejo Teatral de Buenos Aires; Centro Cultural San Mart\u00edn; Centro Cultural 25 de Mayo; Centro Cultural Recoleta; Teatro Col\u00f3n y Col\u00f3n F\u00e1brica; Usina del Arte,\u00a0<strong>tambi\u00e9n estar\u00e1n cerrados<\/strong>.<\/p>\n\n\n\n<p class=\"has-text-align-right\"><strong><em>Infobae.-<\/em><\/strong><\/p>\n","protected":false},"excerpt":{"rendered":"<p>Subtes, trenes y colectivos circular\u00e1n conforme al cronograma de domingos. Adem\u00e1s, cu\u00e1les ser\u00e1n los espacios que permanecer\u00e1n cerrados<\/p>\n","protected":false},"author":3,"featured_media":35505,"comment_status":"open","ping_status":"closed","sticky":false,"template":"","format":"standard","meta":{"jnews-multi-image_gallery":[],"jnews_single_post":{"subtitle":"","format":"standard","video":"","gallery":"","source_name":"","source_url":"","via_name":"","via_url":"","override_template":"0","override":[{"template":"4","single_blog_custom":"","parallax":"1","fullscreen":"1","layout":"right-sidebar","sidebar":"default-sidebar","second_sidebar":"default-sidebar","sticky_sidebar":"1","share_position":"top","share_float_style":"share-monocrhome","show_share_counter":"1","show_view_counter":"1","show_featured":"1","show_post_meta":"1","show_post_author":"1","show_post_author_image":"1","show_post_date":"1","post_date_format":"default","post_date_format_custom":"Y\/m\/d","show_post_category":"1","show_post_reading_time":"1","post_reading_time_wpm":"300","show_zoom_button":"1","zoom_button_out_step":"2","zoom_button_in_step":"3","show_post_tag":"1","show_prev_next_post":"1","show_popup_post":"1","number_popup_post":"1","show_author_box":"1","show_post_related":"1","show_inline_post_related":"0"}],"override_image_size":"0","image_override":[{"single_post_thumbnail_size":"crop-500","single_post_gallery_size":"crop-500"}],"trending_post":"0","trending_post_position":"meta","trending_post_label":"Trending","sponsored_post":"0","sponsored_post_label":"Sponsored by","sponsored_post_name":"","sponsored_post_url":"","sponsored_post_logo_enable":"0","sponsored_post_logo":"","sponsored_post_desc":"","disable_ad":"0"},"jnews_primary_category":{"id":"","hide":""},"jnews_social_meta":{"fb_title":"","fb_description":"","fb_image":"","twitter_title":"","twitter_description":"","twitter_image":""},"jnews_review":[],"enable_review":"0","type":"percentage","name":"","summary":"","brand":"","sku":"","good":[{"good_text":""}],"bad":[{"bad_text":""}],"score_override":"","override_value":"","rating":[{"rating_text":"","rating_number":"10"}],"price":[{"shop":"","price":"","link":"","icon":""}],"jnews_override_counter":{"override_view_counter":"0","view_counter_number":"0","override_share_counter":"0","share_counter_number":"0","override_like_counter":"0","like_counter_number":"0","override_dislike_counter":"0","dislike_counter_number":"0"},"jnews_post_split":{"enable_post_split":"0","post_split":[{"template":"1","tag":"h2","numbering":"asc","mode":"normal","first":"0","enable_toc":"0","toc_type":"normal"}]},"footnotes":""},"categories":[43,58],"tags":[44,894,2143,9262,836,45,2695,1866,2125],"class_list":["post-35503","post","type-post","status-publish","format-standard","has-post-thumbnail","hentry","category-actualidad","category-argentina","tag-argentina","tag-ciudad-de-buenos-aires","tag-colectivos","tag-dia-del-trabajador-2","tag-feriado","tag-noticias","tag-servicios-publicos","tag-subtes","tag-trenes"],"amp_enabled":true,"_links":{"self":[{"href":"https:\/\/esreviral.com\/index.php?rest_route=\/wp\/v2\/posts\/35503"}],"collection":[{"href":"https:\/\/esreviral.com\/index.php?rest_route=\/wp\/v2\/posts"}],"about":[{"href":"https:\/\/esreviral.com\/index.php?rest_route=\/wp\/v2\/types\/post"}],"author":[{"embeddable":true,"href":"https:\/\/esreviral.com\/index.php?rest_route=\/wp\/v2\/users\/3"}],"replies":[{"embeddable":true,"href":"https:\/\/esreviral.com\/index.php?rest_route=%2Fwp%2Fv2%2Fcomments&post=35503"}],"version-history":[{"count":0,"href":"https:\/\/esreviral.com\/index.php?rest_route=\/wp\/v2\/posts\/35503\/revisions"}],"wp:featuredmedia":[{"embeddable":true,"href":"https:\/\/esreviral.com\/index.php?rest_route=\/wp\/v2\/media\/35505"}],"wp:attachment":[{"href":"https:\/\/esreviral.com\/index.php?rest_route=%2Fwp%2Fv2%2Fmedia&parent=35503"}],"wp:term":[{"taxonomy":"category","embeddable":true,"href":"https:\/\/esreviral.com\/index.php?rest_route=%2Fwp%2Fv2%2Fcategories&post=35503"},{"taxonomy":"post_tag","embeddable":true,"href":"https:\/\/esreviral.com\/index.php?rest_route=%2Fwp%2Fv2%2Ftags&post=35503"}],"curies":[{"name":"wp","href":"https:\/\/api.w.org\/{rel}","templated":true}]}}