{"id":35434,"date":"2023-04-28T09:44:04","date_gmt":"2023-04-28T14:44:04","guid":{"rendered":"https:\/\/esreviral.com\/?p=35434"},"modified":"2023-04-28T09:44:04","modified_gmt":"2023-04-28T14:44:04","slug":"renuncio-el-presidente-de-la-bbc-envuelto-en-un-escandalo-con-boris-johnson","status":"publish","type":"post","link":"https:\/\/esreviral.com\/?p=35434","title":{"rendered":"Renunci\u00f3 el presidente de la BBC, envuelto en un esc\u00e1ndalo con Boris Johnson"},"content":{"rendered":"\n<p>El presidente de la radiotelevisi\u00f3n p\u00fablica brit\u00e1nica BBC,\u00a0<strong>Richard Sharp<\/strong>, present\u00f3 este viernes su renuncia, acorralado por un conflicto de intereses tras hacerse p\u00fablico\u00a0<strong>que facilit\u00f3 un pr\u00e9stamo\u00a0<\/strong>al ex primer ministro,<strong>\u00a0<\/strong>Boris Johnson, antes de que este lo nombrara en el cargo.<\/p>\n\n\n\n<p>Sharp,&nbsp;<strong>exempleado de las entidades financieras<\/strong>&nbsp;JP Morgan y Goldman Sachs, reconoci\u00f3 que facilit\u00f3 el pr\u00e9stamo por un valor de 800.000 libras (unos&nbsp;<strong>900.000 euros<\/strong>) a Johnson, lo que constituy\u00f3 una violaci\u00f3n a priori -e \u00abinvoluntaria\u00bb, seg\u00fan sus palabras- del c\u00f3digo de conducta de la BBC.<\/p>\n\n\n\n<p>Un informe de conducta sobre Sharp revel\u00f3 concretamente dos conflictos de intereses: primero, que\u00a0<strong>Sharp inform\u00f3 a Johnson que quer\u00eda el cargo\u00a0<\/strong>antes de presentar oficialmente en noviembre de 2020 su candidatura y, en segundo lugar, que present\u00f3 al millonario canadiense Sam Blyth al entonces secretario del gabinete de Gobierno, Simon Case, para\u00a0<strong>\u00abayudar (a Johnson) en sus finanzas personales\u00bb.<\/strong><\/p>\n\n\n\n<figure class=\"wp-block-image size-full\"><img fetchpriority=\"high\" decoding=\"async\" width=\"720\" height=\"402\" src=\"https:\/\/esreviral.com\/wp-content\/uploads\/2023\/04\/AnyConv.com__AnyConv.com__TJKZyBrRI_720x0__1.webp\" alt=\"\" class=\"wp-image-35435\" srcset=\"https:\/\/esreviral.com\/wp-content\/uploads\/2023\/04\/AnyConv.com__AnyConv.com__TJKZyBrRI_720x0__1.webp 720w, https:\/\/esreviral.com\/wp-content\/uploads\/2023\/04\/AnyConv.com__AnyConv.com__TJKZyBrRI_720x0__1-300x168.webp 300w\" sizes=\"(max-width: 720px) 100vw, 720px\" \/><\/figure>\n\n\n\n<p><\/p>\n\n\n\n<p>\u00abEn retrospectiva, ojal\u00e1 se me hubiera ocurrido mencionar este posible conflicto de intereses\u00bb, declar\u00f3 Sharp en una entrevista concedida a la propia BBC.&nbsp;<strong>\u00abMe gustar\u00eda pedir disculpas por este desliz<\/strong>, por involuntario que fuera, y por la distracci\u00f3n causada\u00bb, agreg\u00f3.<\/p>\n\n\n\n<p>En lo que se refiere al pr\u00e9stamo, Sharp reiter\u00f3 que&nbsp;<strong>actu\u00f3 de \u00abbuena fe\u00bb<\/strong>&nbsp;y que record\u00f3 al secretario del gabinete las normas de nombramientos en todo momento.<\/p>\n\n\n\n<p><strong><mark style=\"background-color:rgba(0, 0, 0, 0)\" class=\"has-inline-color has-vivid-red-color\">Una \u00abpersona \u00edntegra\u00bb<\/mark><\/strong><\/p>\n\n\n\n<p>La junta de la radiotelevisi\u00f3n p\u00fablica brit\u00e1nica por su parte, en un comunicado oficial, confirm\u00f3 que acept\u00f3 la dimisi\u00f3n de Sharp, a quien describen de todas maneras como una \u00abpersona \u00edntegra\u00bb que ha cumplido las funciones de su mandato, como supervisor del medio y garante de su independencia.<\/p>\n\n\n\n<p>\u00abHa sido un verdadero defensor de la BBC y de su misi\u00f3n, y del porqu\u00e9 esta corporaci\u00f3n en un activo que no tiene precio para el pa\u00eds, tanto dentro como fuera de sus fronteras\u00bb, a\u00f1adi\u00f3 la nota.<\/p>\n\n\n\n<p>Sharp permanecer\u00e1 en su cargo de forma interina hasta que su renuncia&nbsp;<strong>se haga efectiva en junio.<\/strong><\/p>\n\n\n\n<p>La ministra de Cultura, Lucy Fraser, dijo \u00abentender y respetar\u00bb su decisi\u00f3n y en una carta le agradeci\u00f3 su trabajo como presidente de la BBC.<\/p>\n\n\n\n<p>El presentador\u00a0Gary Lineker, que recientemente protagoniz\u00f3 una pol\u00e9mica al haber sido suspendido del ente por comparar la ret\u00f3rica del gobierno brit\u00e1nico con la de 1930, consider\u00f3 que el presidente de la BBC no deber\u00eda ser elegido por el gobierno<strong>. \u00abNi ahora ni nunca\u00bb<\/strong>, tuite\u00f3.<\/p>\n\n\n\n<p><strong><mark style=\"background-color:rgba(0, 0, 0, 0)\" class=\"has-inline-color has-vivid-red-color\">Qu\u00e9 es la BBC<\/mark><\/strong><\/p>\n\n\n\n<p>La BBC&nbsp;<strong>es el servicio p\u00fablico de radio, televisi\u00f3n e internet del Reino Unido,<\/strong>&nbsp;financiado principalmente a trav\u00e9s de un impuesto televisivo que pagan quienes tengan un receptor de TV en el pa\u00eds, adem\u00e1s de una subvenci\u00f3n parlamentaria administrada por la canciller\u00eda brit\u00e1nica.<\/p>\n\n\n\n<p>Esta cadena ineludible del paisaje audiovisual brit\u00e1nico celebr\u00f3 su centenario en el oto\u00f1o boreal,<strong>&nbsp;azotada por la competencia de las plataformas de pago<\/strong>&nbsp;y las amenazas que planean sobre su financiaci\u00f3n p\u00fablica.<\/p>\n\n\n\n<p>La BBC tambi\u00e9n se ha sido criticada en los \u00faltimos a\u00f1os por los los conservadores, en el poder, que la acusan de realizar\u00a0<strong>una cobertura sesgada<\/strong>\u00a0-especialmente respecto al Brexit- y de centrarse en las preocupaciones de las \u00e9lites urbanas en lugar de en las inquietudes de las clases populares.<\/p>\n\n\n\n<p class=\"has-text-align-right\"><strong><em>Clarin.-<\/em><\/strong><\/p>\n","protected":false},"excerpt":{"rendered":"<p>Es Richard Sharp. El ex premier lo nombr\u00f3 al frente de la cadena luego de que el empresario le facilitara un jugoso pr\u00e9stamo.<\/p>\n","protected":false},"author":3,"featured_media":35436,"comment_status":"open","ping_status":"closed","sticky":false,"template":"","format":"standard","meta":{"jnews-multi-image_gallery":[],"jnews_single_post":{"subtitle":"","format":"standard","video":"","gallery":"","source_name":"","source_url":"","via_name":"","via_url":"","override_template":"0","override":[{"template":"4","single_blog_custom":"","parallax":"1","fullscreen":"1","layout":"right-sidebar","sidebar":"default-sidebar","second_sidebar":"default-sidebar","sticky_sidebar":"1","share_position":"top","share_float_style":"share-monocrhome","show_share_counter":"1","show_view_counter":"1","show_featured":"1","show_post_meta":"1","show_post_author":"1","show_post_author_image":"1","show_post_date":"1","post_date_format":"default","post_date_format_custom":"Y\/m\/d","show_post_category":"1","show_post_reading_time":"1","post_reading_time_wpm":"300","show_zoom_button":"1","zoom_button_out_step":"2","zoom_button_in_step":"3","show_post_tag":"1","show_prev_next_post":"1","show_popup_post":"1","number_popup_post":"1","show_author_box":"1","show_post_related":"1","show_inline_post_related":"0"}],"override_image_size":"0","image_override":[{"single_post_thumbnail_size":"crop-500","single_post_gallery_size":"crop-500"}],"trending_post":"0","trending_post_position":"meta","trending_post_label":"Trending","sponsored_post":"0","sponsored_post_label":"Sponsored by","sponsored_post_name":"","sponsored_post_url":"","sponsored_post_logo_enable":"0","sponsored_post_logo":"","sponsored_post_desc":"","disable_ad":"0"},"jnews_primary_category":{"id":"","hide":""},"jnews_social_meta":{"fb_title":"","fb_description":"","fb_image":"","twitter_title":"","twitter_description":"","twitter_image":""},"jnews_review":[],"enable_review":"0","type":"percentage","name":"","summary":"","brand":"","sku":"","good":[{"good_text":""}],"bad":[{"bad_text":""}],"score_override":"","override_value":"","rating":[{"rating_text":"","rating_number":"10"}],"price":[{"shop":"","price":"","link":"","icon":""}],"jnews_override_counter":{"override_view_counter":"0","view_counter_number":"0","override_share_counter":"0","share_counter_number":"0","override_like_counter":"0","like_counter_number":"0","override_dislike_counter":"0","dislike_counter_number":"0"},"jnews_post_split":{"enable_post_split":"0","post_split":[{"template":"1","tag":"h2","numbering":"asc","mode":"normal","first":"0","enable_toc":"0","toc_type":"normal"}]},"footnotes":""},"categories":[88],"tags":[4184,1774,9234,45,9232,2844,9233,9235],"class_list":["post-35434","post","type-post","status-publish","format-standard","has-post-thumbnail","hentry","category-internacionales","tag-bbc","tag-boris-johnson","tag-ex-primer-ministro","tag-noticias","tag-presidente-de-la-bbc","tag-reino-unido","tag-renuncio-el-presidente-de-la-bbc","tag-richard-sharp"],"_links":{"self":[{"href":"https:\/\/esreviral.com\/index.php?rest_route=\/wp\/v2\/posts\/35434","targetHints":{"allow":["GET"]}}],"collection":[{"href":"https:\/\/esreviral.com\/index.php?rest_route=\/wp\/v2\/posts"}],"about":[{"href":"https:\/\/esreviral.com\/index.php?rest_route=\/wp\/v2\/types\/post"}],"author":[{"embeddable":true,"href":"https:\/\/esreviral.com\/index.php?rest_route=\/wp\/v2\/users\/3"}],"replies":[{"embeddable":true,"href":"https:\/\/esreviral.com\/index.php?rest_route=%2Fwp%2Fv2%2Fcomments&post=35434"}],"version-history":[{"count":0,"href":"https:\/\/esreviral.com\/index.php?rest_route=\/wp\/v2\/posts\/35434\/revisions"}],"wp:featuredmedia":[{"embeddable":true,"href":"https:\/\/esreviral.com\/index.php?rest_route=\/wp\/v2\/media\/35436"}],"wp:attachment":[{"href":"https:\/\/esreviral.com\/index.php?rest_route=%2Fwp%2Fv2%2Fmedia&parent=35434"}],"wp:term":[{"taxonomy":"category","embeddable":true,"href":"https:\/\/esreviral.com\/index.php?rest_route=%2Fwp%2Fv2%2Fcategories&post=35434"},{"taxonomy":"post_tag","embeddable":true,"href":"https:\/\/esreviral.com\/index.php?rest_route=%2Fwp%2Fv2%2Ftags&post=35434"}],"curies":[{"name":"wp","href":"https:\/\/api.w.org\/{rel}","templated":true}]}}