{"id":35341,"date":"2023-04-27T07:24:23","date_gmt":"2023-04-27T12:24:23","guid":{"rendered":"https:\/\/esreviral.com\/?p=35341"},"modified":"2023-04-27T07:24:24","modified_gmt":"2023-04-27T12:24:24","slug":"todo-lo-que-hay-que-ver-en-la-47-edicion-de-la-feria-internacional-del-libro-de-buenos-aires","status":"publish","type":"post","link":"https:\/\/esreviral.com\/?p=35341","title":{"rendered":"Todo lo que hay que ver en la 47\u00b0 edici\u00f3n de la Feria Internacional del Libro de Buenos Aires"},"content":{"rendered":"\n<p><br>Las expectativas son como ramas del futuro deseado que se proyectan sobre el contorno de un presente econ\u00f3mico incierto. \u00bfPor qu\u00e9 si hay un d\u00f3lar soja no puede haber un d\u00f3lar libro o d\u00f3lar book para incentivar la exportaci\u00f3n en la industria editorial, como piden algunos editores independientes?\u00a0<strong>La 47\u00b0 Feria Internacional del Libro de Buenos Aires<\/strong>, que comenzar\u00e1 este jueves con el discurso del escritor<strong>\u00a0Mart\u00edn Kohan<\/strong>\u00a0y se extender\u00e1 hasta el lunes 15 de mayo en el predio de La Rural, desplegar\u00e1 m\u00e1s de 2 mil actividades en una edici\u00f3n que contar\u00e1 con Santiago de Chile como ciudad invitada de honor.\u00a0<\/p>\n\n\n\n<figure class=\"wp-block-image size-full\"><img fetchpriority=\"high\" decoding=\"async\" width=\"960\" height=\"640\" src=\"https:\/\/esreviral.com\/wp-content\/uploads\/2023\/04\/AnyConv.com__720269-mart-c3-adn-20kohan-20rafael-20yohai.webp\" alt=\"\" class=\"wp-image-35343\" srcset=\"https:\/\/esreviral.com\/wp-content\/uploads\/2023\/04\/AnyConv.com__720269-mart-c3-adn-20kohan-20rafael-20yohai.webp 960w, https:\/\/esreviral.com\/wp-content\/uploads\/2023\/04\/AnyConv.com__720269-mart-c3-adn-20kohan-20rafael-20yohai-300x200.webp 300w, https:\/\/esreviral.com\/wp-content\/uploads\/2023\/04\/AnyConv.com__720269-mart-c3-adn-20kohan-20rafael-20yohai-768x512.webp 768w, https:\/\/esreviral.com\/wp-content\/uploads\/2023\/04\/AnyConv.com__720269-mart-c3-adn-20kohan-20rafael-20yohai-750x500.webp 750w\" sizes=\"(max-width: 960px) 100vw, 960px\" \/><\/figure>\n\n\n\n<p><\/p>\n\n\n\n<p>El men\u00fa de escritoras y escritores internacionales incluir\u00e1 a la poeta uruguaya\u00a0<strong>Ida Vitale<\/strong>\u00a0(que el 2 de noviembre celebrar\u00e1 sus cien a\u00f1os), el franc\u00e9s \u00c9ric Sadin, los espa\u00f1oles Irene Vallejo, Fernando Aramburu, Arturo P\u00e9rez-Reverte y Andr\u00e9s Barba, la alemana Antje R\u00e1vik Strubel, el peruano Jaime Bayly y los chilenos Ra\u00fal Zurita, Nona Fern\u00e1ndez, Alejandra Costamagna y Alberto Fuguet, entre otros.\u00a0<strong>El centenario de\u00a0<em>Fervor de Buenos Aires<\/em>, el primer libro de poemas de Jorge Luis Borges, y las cuatro d\u00e9cadas de democracia, ser\u00e1n dos de los ejes principales de la programaci\u00f3n de esta edici\u00f3n\u00a0<\/strong>en la que\u00a0<strong>el expresidente de Espa\u00f1a,\u00a0Jos\u00e9 Luis Rodr\u00edguez Zapatero<\/strong>, presentar\u00e1\u00a0<em>No voy a traicionar a Borges<\/em>, reeditado por la\u00a0<strong>editorial Octubre<\/strong>.<\/p>\n\n\n\n<p><\/p>\n\n\n\n<figure class=\"wp-block-image size-full\"><img decoding=\"async\" width=\"960\" height=\"638\" src=\"https:\/\/esreviral.com\/wp-content\/uploads\/2023\/04\/AnyConv.com__720269-irene-20vallejo.webp\" alt=\"\" class=\"wp-image-35344\" srcset=\"https:\/\/esreviral.com\/wp-content\/uploads\/2023\/04\/AnyConv.com__720269-irene-20vallejo.webp 960w, https:\/\/esreviral.com\/wp-content\/uploads\/2023\/04\/AnyConv.com__720269-irene-20vallejo-300x199.webp 300w, https:\/\/esreviral.com\/wp-content\/uploads\/2023\/04\/AnyConv.com__720269-irene-20vallejo-768x510.webp 768w, https:\/\/esreviral.com\/wp-content\/uploads\/2023\/04\/AnyConv.com__720269-irene-20vallejo-750x498.webp 750w\" sizes=\"(max-width: 960px) 100vw, 960px\" \/><\/figure>\n\n\n\n<p><br><\/p>\n\n\n\n<p><strong>Kohan suceder\u00e1 en la apertura de la Feria a Guillermo Saccomanno<\/strong>. El escritor y columnista de&nbsp;<strong>P\u00e1gina\/12&nbsp;<\/strong>inaugur\u00f3 la edici\u00f3n pasada con un discurso tan contundente como pol\u00e9mico en el que resalt\u00f3 la necesidad de revalorizar el trabajo intelectual (fue el primer escritor que cobr\u00f3 por dar el discurso), denunci\u00f3 el oligopolio de la industria papelera local y reflexion\u00f3 sobre la compleja relaci\u00f3n de los autores con los editores. \u201cTal como ocurri\u00f3 con Saccomanno, a Mart\u00edn Kohan tambi\u00e9n le dijimos que ten\u00eda total libertad para escribir su discurso sin ning\u00fan tipo de tem\u00e1tica o condicionamiento. Es m\u00e1s, nos vamos a enterar de sus ejes o contenidos el mismo d\u00eda de la inauguraci\u00f3n de la Feria del Libro, como todo el mundo\u201d, revela Ezequiel Mart\u00ednez, director general de la Fundaci\u00f3n El Libro, la entidad que organiza la Feria en el predio de La Rural. \u201cLa mayor expectativa que tengo es que se ejerza esa libertad y al igual que el a\u00f1o pasado, sea el disparador de un intercambio de ideas inteligente, respetuoso y seguramente enriquecedor\u201d, sugiere Mart\u00ednez.<\/p>\n\n\n\n<p><strong><mark style=\"background-color:rgba(0, 0, 0, 0)\" class=\"has-inline-color has-vivid-red-color\">Canto a su amor desaparecido<\/mark><\/strong><\/p>\n\n\n\n<p>En el Pabell\u00f3n Amarillo, Santiago de Chile, la ciudad invitada, reunir\u00e1 a m\u00e1s de 60 escritoras y escritores, con un programa de actividades conectadas por la memoria, la disidencia y los derechos humanos en el a\u00f1o que se conmemoran los&nbsp;<strong>50 a\u00f1os del golpe de Estado a Salvador Allende<\/strong>. La marat\u00f3n de lectura que organiza la Fundaci\u00f3n El Libro estar\u00e1 dedicada a la poeta chilena&nbsp;<strong>Gabriela Mistral, la \u00fanica escritora Premio Nobel de Literatura de Am\u00e9rica Latina<\/strong>. Ra\u00fal Zurita leer\u00e1&nbsp;<em>Canto a su amor desaparecido<\/em>, un libro que public\u00f3 en 1985 durante la dictadura pinochetista. Las heridas abiertas el 11 de septiembre de 1973 a\u00fan son dolorosas cicatrices. Se presentar\u00e1 un libro con testimonios por el medio siglo del golpe y habr\u00e1 intercambios como el di\u00e1logo \u201c40 &amp; 50\u201d entre Carlos Pe\u00f1a y Beatriz Sarlo, quienes conversar\u00e1n sobre los 40 a\u00f1os de recuperaci\u00f3n de la democracia en Argentina y los 50 del golpe militar en Chile.<\/p>\n\n\n\n<p>Alberto Fuguet dar\u00e1 una charla magistral: \u201cUna ciudad no solo se construye, se escribe (y se filma): recuerdos de Santiago, mi ciudad adoptiva\u201d. Para la Noche de la Feria, el s\u00e1bado 29, se realizar\u00e1 un espect\u00e1culo en la sala Jos\u00e9 Hern\u00e1ndez que reunir\u00e1 a artistas argentinos y chilenos como&nbsp;<strong>Javiera Parra, Camila Moreno, Nano Stern, Benjam\u00edn Walker, Le\u00f3n Gieco, Sandra Mihanovich, Hilda Lizarazu, Paula Maffia y Juan Carlos Baglietto<\/strong>.<\/p>\n\n\n\n<p><strong><mark style=\"background-color:rgba(0, 0, 0, 0)\" class=\"has-inline-color has-vivid-red-color\">Fervor por Borges<\/mark><\/strong><\/p>\n\n\n\n<p><strong>En el hall central de la Feria se inaugurar\u00e1 la exposici\u00f3n&nbsp;<em>Cien a\u00f1os de Fervor de Buenos Aires.&nbsp;<\/em><\/strong>El primer poemario de Borges, un libro autoeditado cuya primera edici\u00f3n tuvo una tirada de 300 ejemplares, fue pagado por el padre del escritor. Muchos de los objetos que se exhibir\u00e1n pertenecen a la colecci\u00f3n privada del escritor y bi\u00f3grafo Alejandro Vaccaro, presidente de la Fundaci\u00f3n El Libro, como la edici\u00f3n facsimilar de&nbsp;<em>Fervor de Buenos Aires<\/em>&nbsp;y revistas literarias previas a 1923.&nbsp;<\/p>\n\n\n\n<p>De la celebraci\u00f3n de este aniversario participar\u00e1n tambi\u00e9n&nbsp;<strong>Razu Alauddin<\/strong>, poeta, ensayista y traductor de Borges al bengal\u00ed, y la profesora en la Universidad de Franche-Comt\u00e9 (Francia), la argentina residente en Par\u00eds Annick Louis, quien realiz\u00f3 su tesis doctoral sobre&nbsp;<em>Historia Universal de la Infamia<\/em>&nbsp;y actualmente est\u00e1 terminando un libro sobre la figura de autor construida por Borges bajo la \u00faltima dictadura y en el comienzo de la democracia.<\/p>\n\n\n\n<p><strong><mark style=\"background-color:rgba(0, 0, 0, 0)\" class=\"has-inline-color has-vivid-red-color\">\u201cM\u00e1s bibliotecas, m\u00e1s democracia\u201d<\/mark><\/strong><\/p>\n\n\n\n<p>Uno de los momentos m\u00e1s esperados, un cl\u00e1sico de la Feria, es la llegada de los bibliotecarios de todo el pa\u00eds a La Rural. La 18\u00b0 edici\u00f3n del&nbsp;<strong>Programa Libro % de la Comisi\u00f3n Nacional de Bibliotecas Populares (Conabip) entregar\u00e1 un subsidio de 356.529.000 millones de pesos para que 983 Bibliotecas Populares de todo el pa\u00eds puedan comprar libros<\/strong>&nbsp;y actualizar sus fondos bibliogr\u00e1ficos del 5 al 7 de mayo. La distinci\u00f3n Amiga de las Bibliotecas Populares la recibir\u00e1 la entra\u00f1able y reconocida escritora de literatura infantil y juvenil&nbsp;<strong>Laura Devetach<\/strong>.&nbsp;<\/p>\n\n\n\n<p>La charla inaugural del Encuentro Nacional de Bibliotecas Populares, que este a\u00f1o lleva como lema \u201cArgentina lee la Democracia, 40 a\u00f1os\u201d, estar\u00e1 a cargo del&nbsp;<strong>fil\u00f3sofo y soci\u00f3logo italiano residente en Par\u00eds, Maurizio Lazzarato<\/strong>, quien conversar\u00e1 con Mar\u00eda P\u00eda L\u00f3pez, bajo la consigna: \u201cM\u00e1s bibliotecas, m\u00e1s democracia: Desaf\u00edos para un nuevo humanismo y una nueva construcci\u00f3n de lo com\u00fan. Una reflexi\u00f3n sobre los compromisos que requieren nuestros tiempos\u201d.<\/p>\n\n\n\n<p><strong><mark style=\"background-color:rgba(0, 0, 0, 0)\" class=\"has-inline-color has-vivid-red-color\">Alquilar o leer<\/mark><\/strong><\/p>\n\n\n\n<p>Los grandes grupos editoriales, que suelen estar en el Pabell\u00f3n Verde, ocupan los mejores stands en el predio de La Rural. Los sellos medianos y m\u00e1s peque\u00f1os, el diverso mundo conocido como la edici\u00f3n independiente, se agrupan en stands colectivos para compartir gastos y participar de esa vidriera ineludible que es la Feria.&nbsp;<\/p>\n\n\n\n<p>Por octavo a\u00f1o consecutivo (exceptuando las dos ediciones suspendidas por la pandemia), en el stand 1916 del gentrificado Pabell\u00f3n Amarillo est\u00e1 el stand&nbsp;<strong>\u201cTodo libro es pol\u00edtico\u201d, que aglutina a los sellos La Cebra, Tinta Lim\u00f3n, Milena Caserola, Hekht, El cuenco de Plata y DocumentA\/Esc\u00e9nicas<\/strong>, entre otros. El lema que eligieron para debatir y reflexionar este a\u00f1o es \u201cAlquilar o leer\u201d. \u201c\u00bfCu\u00e1nto vale el metro cuadrado de tus lecturas y el desalojo de tu tiempo de ocio? \u00bfPodremos construir nuevas casas con ladrillos de libros o es m\u00e1s caro el papel que el cemento? \u00bfLos amenities incluyen bibliotecas de usos m\u00faltiples?<\/p>\n\n\n\n<p>Vivir en ciudades con las plataformas cada vez m\u00e1s presentes en nuestros consumos nos pone al borde de tener que repensar las pr\u00e1cticas habituales, de comprar libros, ir a ferias, vivir en casas\u201d, advierten los editores agrupados en \u201cTodo libro es pol\u00edtico\u201d. \u201cLa pregunta \u00bfAlquil\u00e1s o le\u00e9s? surge de la experiencia de nuestras lecturas y editoriales, donde vemos el vertiginoso modo en que las ciudades son excluyentes. Cada vez hay menos propiedades en alquiler para vivienda y m\u00e1s en alquiler temporario\u201d, describen los editores y precisan que este tema es el puntapi\u00e9 para una indagaci\u00f3n colectiva en la que se proponen imaginar modelos de ciudades alejadas de las precariedades creadas por la globalizaci\u00f3n y el capitalismo de plataformas.<\/p>\n\n\n\n<p>\u201cHay tres grandes cosas que est\u00e1n sosteniendo a gran parte del mundo editorial argentino\u201d, cuenta&nbsp;<strong>Mat\u00edas Reck, editor de Milena Caserola<\/strong>. Ese tr\u00edpode est\u00e1 integrado por las exportaciones (aunque no sean grandes vol\u00famenes), las compras del Estado (tanto provincia de Buenos Aires, como Naci\u00f3n y la Ciudad) y los cr\u00e9ditos o los plazos de pago en las imprentas. \u201c<strong>A pesar de la crisis econ\u00f3mica&nbsp;<\/strong>que podemos decir que es terminal,&nbsp;<strong>los stands desbordan de libros y se espera que un mill\u00f3n quinientas mil personas comprar\u00e1n libros<\/strong>, no s\u00f3lo de afuera con d\u00f3lares muy beneficiosos, sino gente de ac\u00e1. Si bien el salario est\u00e1 hiperdeprimido, el libro sigue siendo una mercanc\u00eda extremadamente econ\u00f3mica. Hoy por 2.000, 3.000, 4.000, 5.000, 6.000 pesos no hay nada, y un libro cuesta eso\u201d, plantea Reck con una mirada que \u00e9l mismo define como \u201coptimista\u201d.<\/p>\n\n\n\n<p><strong><mark style=\"background-color:rgba(0, 0, 0, 0)\" class=\"has-inline-color has-vivid-red-color\">D\u00f3lar book<\/mark><\/strong><\/p>\n\n\n\n<p>La editora de Hekht, Marilina Winik, se refiere a las expectativas. En las jornadas profesionales, que se realizaron del martes al mismo jueves que se inaugura la Feria, las librer\u00edas y los distribuidores de Am\u00e9rica Latina compraron libros porque \u201cles cuesta muy barato\u201d. Pero despu\u00e9s de la Feria las editoras y editores tendr\u00e1n que volver a las imprentas a imprimir y ah\u00ed volver\u00e1n a la realidad m\u00e1s dura: el papel aumenta en d\u00f3lares y no hay pol\u00edticas p\u00fablicas para el sector. \u201cNecesitamos un d\u00f3lar libro, alg\u00fan tipo de beneficio para nuestro sector\u201d, propone la editora. \u201cLa industria del libro en las ferias internacionales mueve much\u00edsimo p\u00fablico, much\u00edsimos profesionales, much\u00edsima industria y concretamente no hay ning\u00fan tipo de apoyo a la edici\u00f3n. Las editoriales tenemos que exportar porque con lo que ganamos ac\u00e1 y los precios del papel en d\u00f3lares no hay forma de que podamos subsistir\u201d, reconoce Winik. \u201cComo trabajamos mucho con la exportaci\u00f3n, justamente nos parece que un d\u00f3lar libro o un d\u00f3lar&nbsp;<em>book<\/em>, lo que podr\u00eda llegar a producir es que tengamos un precio un poco m\u00e1s amigable para que incentive a la industria editorial. El problema que tenemos es que si nosotros recibimos d\u00f3lar oficial no nos incentiva en absoluto\u201d.<\/p>\n\n\n\n<p><strong><mark style=\"background-color:rgba(0, 0, 0, 0)\" class=\"has-inline-color has-vivid-red-color\">Controlar la ganancia empresaria<\/mark><\/strong><\/p>\n\n\n\n<p>Julio Patricio Rovelli L\u00f3pez, editor de El cuenco de plata, se muestra preocupado, como muchos otros editores, por la reciente estampida del d\u00f3lar blue. \u201cCuando hoy en sectores de la derecha hablan de dolarizar, hay que ser claros: es urgente controlar la ganancia empresaria.&nbsp;<strong>Las dos empresas que producen papel para libros en Argentina no tienen gastos en d\u00f3lares, pagan sueldos en pesos y ponen precios dolarizados<\/strong>. Este gobierno nunca control\u00f3 lo que ganan los grandes grupos monop\u00f3licos. Hoy imprimir un libro sale el 170% m\u00e1s de lo que val\u00eda el a\u00f1o pasado. El ecosistema de la edici\u00f3n independiente tiene como fin hacer buenos libros, no la ganancia, esa es nuestra fortaleza; pero no hay ninguna regulaci\u00f3n estatal que nos proteja\u201d, explica Rovelli L\u00f3pez y agrega que se nota \u201cuna retracci\u00f3n en el consumo desde hace varios meses\u201d y cree que la Feria no ser\u00e1 la excepci\u00f3n. \u201cLos lectores van a ser muy cautelosos con la corrida en curso. Aunque la verdad los libros van a estar accesibles con relaci\u00f3n a los aumentos que se vienen\u201d.<\/p>\n\n\n\n<p><strong><mark style=\"background-color:rgba(0, 0, 0, 0)\" class=\"has-inline-color has-vivid-red-color\">El grupo Octubre en la Feria<\/mark><\/strong><\/p>\n\n\n\n<p>El\u00a0<strong>grupo Octubre<\/strong>\u00a0participar\u00e1 de la 47\u00b0 Feria Internacional del Libro de Buenos Aires. La programaci\u00f3n incluir\u00e1 presentaciones de libros, charlas y debates en el stand 705 del Pabell\u00f3n Azul, pero tambi\u00e9n en diversas salas del Predio de la Rural. La primera actividad ser\u00e1 el domingo 30 a las 19 en el stand con la presentaci\u00f3n de\u00a0<strong><em>La mano de Diego<\/em>, de Micaela Dom\u00ednguez Prost<\/strong>. Gran expectativa genera la presentaci\u00f3n del libro de\u00a0<strong>Jos\u00e9 Luis Rodr\u00edguez Zapatero,\u00a0<em>No voy a traicionar a Borges<\/em><\/strong>, editado en Argentina por Octubre, el pr\u00f3ximo lunes 1\u00b0 de mayo en la sala Carlos Gorostiza. Daniel Santoro y Javier Romero hablar\u00e1n sobre el trabajo de la artista pl\u00e1stica Marina Olmi,\u00a0<em>El amor vence<\/em>, el martes 2 a las 19 en el stand. En la sala Horacio Gonz\u00e1lez, el mi\u00e9rcoles 3 a las 19, la charla versar\u00e1 sobre\u00a0<strong><em>El manuscrito Bonaparte<\/em>, de Luis Bruschtein, con Stella Calloni, Rudy y Alejandro Sanz.<\/strong><\/p>\n\n\n\n<figure class=\"wp-block-image size-full\"><img decoding=\"async\" width=\"960\" height=\"640\" src=\"https:\/\/esreviral.com\/wp-content\/uploads\/2023\/04\/AnyConv.com__720269-rodr-c3-adguez-20zapatero-20efe.webp\" alt=\"\" class=\"wp-image-35345\" srcset=\"https:\/\/esreviral.com\/wp-content\/uploads\/2023\/04\/AnyConv.com__720269-rodr-c3-adguez-20zapatero-20efe.webp 960w, https:\/\/esreviral.com\/wp-content\/uploads\/2023\/04\/AnyConv.com__720269-rodr-c3-adguez-20zapatero-20efe-300x200.webp 300w, https:\/\/esreviral.com\/wp-content\/uploads\/2023\/04\/AnyConv.com__720269-rodr-c3-adguez-20zapatero-20efe-768x512.webp 768w, https:\/\/esreviral.com\/wp-content\/uploads\/2023\/04\/AnyConv.com__720269-rodr-c3-adguez-20zapatero-20efe-750x500.webp 750w\" sizes=\"(max-width: 960px) 100vw, 960px\" \/><\/figure>\n\n\n\n<p><\/p>\n\n\n\n<p>Como todos los a\u00f1os la poes\u00eda tendr\u00e1 un espacio para poder escuchar las voces de los poetas. En el encuentro po\u00e9tico de esta edici\u00f3n leer\u00e1n sus poemas C\u00e9sar Gonz\u00e1lez, Ema Vilches, Martha Megan, Dolo Trenzadora, Gabriela Franco y Unai Rivas Campos, moderados por Carla Lorenzo y C\u00e9sar Saravia, el jueves 4 a las 19 en el stand.\u00a0<strong><em>Qatar, diario de un viaje alucinante<\/em>, de Juan Jos\u00e9 Panno, un libro sobre la experiencia mundialista<\/strong>, se presentar\u00e1 el viernes 5 a las 20.30 en la sala Rodolfo Walsh. Otro libro que alentar\u00e1 el debate es\u00a0<em>Las parturientas. Historias de gestaciones y abismos<\/em>, de Agustina Kamper, que se presentar\u00e1 el domingo a las 19 en la sala Victoria Ocampo. En el stand, el lunes 8 a las 19, Jorge Cholvis reflexionar\u00e1 sobre su libro\u00a0<em>La Constituci\u00f3n del 49<\/em>.<\/p>\n\n\n\n<p>Uno de los platos fuertes del men\u00fa ser\u00e1 el octavo tomo de\u00a0<em>Tapas que hacen historia<\/em>, el segundo gobierno de Cristina Fern\u00e1ndez (2011-2015), las tapas de\u00a0<strong>P\u00e1gina\/12<\/strong>, que se presentar\u00e1 en la sala Jos\u00e9 Hern\u00e1ndez, el martes 9 a las 19.30. Ulises Gorini, el autor de\u00a0<em>Hebe Bonafini. Los caminos de la vida<\/em>, conversar\u00e1 con Alejandra Bonafini en un homenaje a Hebe que se realizar\u00e1 en el stand, el jueves 11 a las 19. El cierre llegar\u00e1 el domingo 14 a las 20.30 en la sala Jos\u00e9 Hern\u00e1ndez con\u00a0<strong><em>Las cartas del Capit\u00e1n<\/em>, de Hugo Soriani, libro prologado por Mariana Enriquez que se presentar\u00e1 con el autor acompa\u00f1ado por Taty Almeida, autora del ep\u00edlogo, Eduardo Aliverti, Nora Veiras, V\u00edctor Hugo Morales y Rep<\/strong>, que dibujar\u00e1 en vivo.<\/p>\n\n\n\n<figure class=\"wp-block-image size-full\"><img loading=\"lazy\" decoding=\"async\" width=\"960\" height=\"640\" src=\"https:\/\/esreviral.com\/wp-content\/uploads\/2023\/04\/AnyConv.com__720269-las-20cartas-20del-20capit-c3-a1n.webp\" alt=\"\" class=\"wp-image-35346\" srcset=\"https:\/\/esreviral.com\/wp-content\/uploads\/2023\/04\/AnyConv.com__720269-las-20cartas-20del-20capit-c3-a1n.webp 960w, https:\/\/esreviral.com\/wp-content\/uploads\/2023\/04\/AnyConv.com__720269-las-20cartas-20del-20capit-c3-a1n-300x200.webp 300w, https:\/\/esreviral.com\/wp-content\/uploads\/2023\/04\/AnyConv.com__720269-las-20cartas-20del-20capit-c3-a1n-768x512.webp 768w, https:\/\/esreviral.com\/wp-content\/uploads\/2023\/04\/AnyConv.com__720269-las-20cartas-20del-20capit-c3-a1n-750x500.webp 750w\" sizes=\"(max-width: 960px) 100vw, 960px\" \/><\/figure>\n\n\n\n<p><\/p>\n\n\n\n<p class=\"has-text-align-right\"><strong><em>pagina12.com.ar.-<\/em><\/strong><\/p>\n","protected":false},"excerpt":{"rendered":"<p>El encuentro, que comenzar\u00e1 con un discurso del escritor Mart\u00edn Kohan, se extender\u00e1 hasta el 15 de mayo en el predio de La Rural. Desplegar\u00e1 m\u00e1s de 2 mil actividades en una edici\u00f3n que contar\u00e1 con Santiago de Chile como ciudad invitada de honor. El men\u00fa de visitas internacionales incluir\u00e1 a la uruguaya Ida Vitale, el franc\u00e9s \u00c9ric Sadin, los espa\u00f1oles Irene Vallejo, Fernando Aramburu, Arturo P\u00e9rez-Reverte y Andr\u00e9s Barba, la alemana Antje R\u00e1vik Strubel, el peruano Jaime Bayly y los chilenos Ra\u00fal Zurita, Nona Fern\u00e1ndez, Alejandra Costamagna y Alberto Fuguet. El centenario de Fervor de Buenos Aires, el primer libro de poemas Jorge Luis Borges, y las cuatro d\u00e9cadas de democracia, ser\u00e1n dos de los ejes principales de la programaci\u00f3n.<\/p>\n","protected":false},"author":3,"featured_media":35342,"comment_status":"open","ping_status":"closed","sticky":false,"template":"","format":"standard","meta":{"jnews-multi-image_gallery":[],"jnews_single_post":{"subtitle":"","format":"standard","video":"","gallery":"","source_name":"","source_url":"","via_name":"","via_url":"","override_template":"0","override":[{"template":"4","single_blog_custom":"","parallax":"1","fullscreen":"1","layout":"right-sidebar","sidebar":"default-sidebar","second_sidebar":"default-sidebar","sticky_sidebar":"1","share_position":"top","share_float_style":"share-monocrhome","show_share_counter":"1","show_view_counter":"1","show_featured":"1","show_post_meta":"1","show_post_author":"1","show_post_author_image":"1","show_post_date":"1","post_date_format":"default","post_date_format_custom":"Y\/m\/d","show_post_category":"1","show_post_reading_time":"1","post_reading_time_wpm":"300","show_zoom_button":"1","zoom_button_out_step":"2","zoom_button_in_step":"3","show_post_tag":"1","show_prev_next_post":"1","show_popup_post":"1","number_popup_post":"1","show_author_box":"1","show_post_related":"1","show_inline_post_related":"0"}],"override_image_size":"0","image_override":[{"single_post_thumbnail_size":"crop-500","single_post_gallery_size":"crop-500"}],"trending_post":"0","trending_post_position":"meta","trending_post_label":"Trending","sponsored_post":"0","sponsored_post_label":"Sponsored by","sponsored_post_name":"","sponsored_post_url":"","sponsored_post_logo_enable":"0","sponsored_post_logo":"","sponsored_post_desc":"","disable_ad":"0"},"jnews_primary_category":{"id":"","hide":""},"jnews_social_meta":{"fb_title":"","fb_description":"","fb_image":"","twitter_title":"","twitter_description":"","twitter_image":""},"jnews_review":[],"enable_review":"0","type":"percentage","name":"","summary":"","brand":"","sku":"","good":[{"good_text":""}],"bad":[{"bad_text":""}],"score_override":"","override_value":"","rating":[{"rating_text":"","rating_number":"10"}],"price":[{"shop":"","price":"","link":"","icon":""}],"jnews_override_counter":{"override_view_counter":"0","view_counter_number":"0","override_share_counter":"0","share_counter_number":"0","override_like_counter":"0","like_counter_number":"0","override_dislike_counter":"0","dislike_counter_number":"0"},"jnews_post_split":{"enable_post_split":"0","post_split":[{"template":"1","tag":"h2","numbering":"asc","mode":"normal","first":"0","enable_toc":"0","toc_type":"normal"}]},"footnotes":""},"categories":[43,58],"tags":[44,124,9175,8837,45],"class_list":["post-35341","post","type-post","status-publish","format-standard","has-post-thumbnail","hentry","category-actualidad","category-argentina","tag-argentina","tag-buenos-aires","tag-feria-internacional-del-libro","tag-libros","tag-noticias"],"amp_enabled":true,"_links":{"self":[{"href":"https:\/\/esreviral.com\/index.php?rest_route=\/wp\/v2\/posts\/35341"}],"collection":[{"href":"https:\/\/esreviral.com\/index.php?rest_route=\/wp\/v2\/posts"}],"about":[{"href":"https:\/\/esreviral.com\/index.php?rest_route=\/wp\/v2\/types\/post"}],"author":[{"embeddable":true,"href":"https:\/\/esreviral.com\/index.php?rest_route=\/wp\/v2\/users\/3"}],"replies":[{"embeddable":true,"href":"https:\/\/esreviral.com\/index.php?rest_route=%2Fwp%2Fv2%2Fcomments&post=35341"}],"version-history":[{"count":0,"href":"https:\/\/esreviral.com\/index.php?rest_route=\/wp\/v2\/posts\/35341\/revisions"}],"wp:featuredmedia":[{"embeddable":true,"href":"https:\/\/esreviral.com\/index.php?rest_route=\/wp\/v2\/media\/35342"}],"wp:attachment":[{"href":"https:\/\/esreviral.com\/index.php?rest_route=%2Fwp%2Fv2%2Fmedia&parent=35341"}],"wp:term":[{"taxonomy":"category","embeddable":true,"href":"https:\/\/esreviral.com\/index.php?rest_route=%2Fwp%2Fv2%2Fcategories&post=35341"},{"taxonomy":"post_tag","embeddable":true,"href":"https:\/\/esreviral.com\/index.php?rest_route=%2Fwp%2Fv2%2Ftags&post=35341"}],"curies":[{"name":"wp","href":"https:\/\/api.w.org\/{rel}","templated":true}]}}