{"id":3508,"date":"2021-01-19T20:03:34","date_gmt":"2021-01-19T20:03:34","guid":{"rendered":"http:\/\/esreviral.com\/?p=3508"},"modified":"2021-01-19T20:03:34","modified_gmt":"2021-01-19T20:03:34","slug":"el-presidente-recorrio-en-san-juan-las-zonas-afectadas-por-el-violento-sismo-que-sacudio-a-la-provincia","status":"publish","type":"post","link":"https:\/\/esreviral.com\/?p=3508","title":{"rendered":"El Presidente recorri\u00f3 en San Juan las zonas afectadas por el violento sismo que sacudi\u00f3 a la provincia"},"content":{"rendered":"\n<p>El presidente Alberto Fern\u00e1ndez recorri\u00f3 esta tarde en San Juan parte de las zonas afectadas por el violento sismo que sacudi\u00f3 anoche a la provincia. Acompa\u00f1ado del gobernador Sergio U\u00f1ac, el mandatario nacional tom\u00f3 contacto con varias familias del asentamiento Pellegrini, en el departamento Rivadavia, que sufrieron el derrumbe de sus viviendas.<\/p>\n\n\n\n<p>En los asentamientos Pellegrini y La Paz, habitan m\u00e1s de 240 familias. El sismo de 6.4 grados de magnitud provoc\u00f3 el derrumbe del 40 por ciento de las viviendas.<\/p>\n\n\n\n<p>En este sentido, el Presidente anunci\u00f3 la construcci\u00f3n de 1.800 viviendas en la provincia cuyana con un aporte del Estado nacional, a trav\u00e9s del Programa Casa Propia-Construir Futuro, de 7.100 millones de pesos.<\/p>\n\n\n\n<p>Adem\u00e1s, se firmar\u00e1 un convenio para promover y materializar el Acceso a la Vivienda y a un H\u00e1bitat adecuado por otros 186 millones de pesos.<\/p>\n\n\n\n<figure class=\"wp-block-image size-large\"><img decoding=\"async\" src=\"http:\/\/esreviral.com\/wp-content\/uploads\/2021\/01\/ECO_6075-1024x683.jpg\" alt=\"\" class=\"wp-image-3509\"\/><\/figure>\n","protected":false},"excerpt":{"rendered":"<p>el Presidente anunci\u00f3 la construcci\u00f3n de 1.800 viviendas en la provincia cuyana con un aporte del Estado nacional, a trav\u00e9s del Programa Casa Propia-Construir Futuro, de 7.100 millones de pesos.<\/p>\n","protected":false},"author":2,"featured_media":3510,"comment_status":"open","ping_status":"open","sticky":false,"template":"","format":"standard","meta":{"jnews-multi-image_gallery":[],"jnews_single_post":[],"jnews_primary_category":[],"jnews_social_meta":[],"jnews_review":[],"enable_review":"","type":"","name":"","summary":"","brand":"","sku":"","good":[],"bad":[],"score_override":"","override_value":"","rating":[],"price":[],"jnews_override_counter":[],"jnews_post_split":[],"footnotes":""},"categories":[58],"tags":[44,497,498,172],"class_list":["post-3508","post","type-post","status-publish","format-standard","has-post-thumbnail","hentry","category-argentina","tag-argentina","tag-san-juan","tag-sismo","tag-terremoto"],"amp_enabled":true,"_links":{"self":[{"href":"https:\/\/esreviral.com\/index.php?rest_route=\/wp\/v2\/posts\/3508"}],"collection":[{"href":"https:\/\/esreviral.com\/index.php?rest_route=\/wp\/v2\/posts"}],"about":[{"href":"https:\/\/esreviral.com\/index.php?rest_route=\/wp\/v2\/types\/post"}],"author":[{"embeddable":true,"href":"https:\/\/esreviral.com\/index.php?rest_route=\/wp\/v2\/users\/2"}],"replies":[{"embeddable":true,"href":"https:\/\/esreviral.com\/index.php?rest_route=%2Fwp%2Fv2%2Fcomments&post=3508"}],"version-history":[{"count":0,"href":"https:\/\/esreviral.com\/index.php?rest_route=\/wp\/v2\/posts\/3508\/revisions"}],"wp:featuredmedia":[{"embeddable":true,"href":"https:\/\/esreviral.com\/index.php?rest_route=\/"}],"wp:attachment":[{"href":"https:\/\/esreviral.com\/index.php?rest_route=%2Fwp%2Fv2%2Fmedia&parent=3508"}],"wp:term":[{"taxonomy":"category","embeddable":true,"href":"https:\/\/esreviral.com\/index.php?rest_route=%2Fwp%2Fv2%2Fcategories&post=3508"},{"taxonomy":"post_tag","embeddable":true,"href":"https:\/\/esreviral.com\/index.php?rest_route=%2Fwp%2Fv2%2Ftags&post=3508"}],"curies":[{"name":"wp","href":"https:\/\/api.w.org\/{rel}","templated":true}]}}