{"id":35048,"date":"2023-04-18T15:59:33","date_gmt":"2023-04-18T20:59:33","guid":{"rendered":"https:\/\/esreviral.com\/?p=35048"},"modified":"2023-04-18T16:05:03","modified_gmt":"2023-04-18T21:05:03","slug":"los-ocho-acusados-por-la-muerte-de-diego-maradona-iran-a-juicio-por-homicidio","status":"publish","type":"post","link":"https:\/\/esreviral.com\/?p=35048","title":{"rendered":"Los ocho acusados por la muerte de Diego Maradona ir\u00e1n a juicio por homicidio"},"content":{"rendered":"\n<p>La C\u00e1mara de Apelaciones y Garant\u00edas de San Isidro confirm\u00f3 este martes que el neurocirujano <strong>Leopoldo Luque, la psiquiatra Agustina Cosachov y los otros seis profesionales<\/strong>&nbsp;de la salud imputados por&nbsp;<strong>la muerte de Diego Armando Maradona<\/strong>&nbsp;vayan a<strong>&nbsp;juicio oral&nbsp;<\/strong>acusados de haber cometido un \u201chomicidio simple con dolo eventual\u201d, tal como hab\u00edan dispuesto el a\u00f1o pasado los fiscales y el juez de la causa, informaron fuentes judiciales.<\/p>\n\n\n\n<p>La decisi\u00f3n fue adoptada en un fallo de la Sala III del mencionado tribunal de alzada, compuesta por los camaristas Carlos Fabi\u00e1n Blanco, Gustavo Adri\u00e1n Herbel y Ernesto Garc\u00eda Maa\u00f1\u00f3n.<\/p>\n\n\n\n<p>De esta manera, en un futuro juicio oral, los ocho acusados se enfrentar\u00e1n a un&nbsp;<strong>posible pedido de pena de entre 8 y 25 a\u00f1os de c\u00e1rcel<\/strong>.<\/p>\n\n\n\n<p>Al rechazar, entre otros puntos, la nulidad del requerimiento de elevaci\u00f3n a juicio, los camaristas resaltaron en su fallo de hoy: \u201cLa acusaci\u00f3n p\u00fablica efectu\u00f3 una completa descripci\u00f3n del Hecho 1 (el homicidio con dolo eventual de Maradona), enumerando las acciones u omisiones que consideraron reprochables a cada uno de los imputados y que, a su entender,&nbsp;<strong>habr\u00edan incidido en el fatal desenlace endilgado<\/strong>\u201d.<\/p>\n\n\n\n<p>\u201cLa fiscal\u00eda inicia su imputaci\u00f3n indicando quienes se encontraban a cargo de la atenci\u00f3n del paciente, ubicando en tiempo y lugar la situaci\u00f3n apuntada, para luego referirse espec\u00edficamente a c\u00f3mo fue el desempe\u00f1o de cada uno de ellos, seg\u00fan los roles asumidos, estableciendo de qu\u00e9 modo sus inconductas<strong>&nbsp;determinaron la muerte de Maradona<\/strong>\u201d, dice en su voto el juez Herbel.<\/p>\n\n\n\n<figure class=\"wp-block-image size-large\"><img fetchpriority=\"high\" decoding=\"async\" width=\"1024\" height=\"576\" src=\"https:\/\/esreviral.com\/wp-content\/uploads\/2023\/04\/AnyConv.com__XPFURAFD5JDWHEFVBIYPKZBPR4-1024x576.webp\" alt=\"\" class=\"wp-image-35051\" srcset=\"https:\/\/esreviral.com\/wp-content\/uploads\/2023\/04\/AnyConv.com__XPFURAFD5JDWHEFVBIYPKZBPR4-1024x576.webp 1024w, https:\/\/esreviral.com\/wp-content\/uploads\/2023\/04\/AnyConv.com__XPFURAFD5JDWHEFVBIYPKZBPR4-300x169.webp 300w, https:\/\/esreviral.com\/wp-content\/uploads\/2023\/04\/AnyConv.com__XPFURAFD5JDWHEFVBIYPKZBPR4-768x432.webp 768w, https:\/\/esreviral.com\/wp-content\/uploads\/2023\/04\/AnyConv.com__XPFURAFD5JDWHEFVBIYPKZBPR4-750x422.webp 750w, https:\/\/esreviral.com\/wp-content\/uploads\/2023\/04\/AnyConv.com__XPFURAFD5JDWHEFVBIYPKZBPR4-1140x641.webp 1140w, https:\/\/esreviral.com\/wp-content\/uploads\/2023\/04\/AnyConv.com__XPFURAFD5JDWHEFVBIYPKZBPR4.webp 1440w\" sizes=\"(max-width: 1024px) 100vw, 1024px\" \/><\/figure>\n\n\n\n<p><\/p>\n\n\n\n<p>Los jueces de la C\u00e1mara tambi\u00e9n avalaron la Junta M\u00e9dica clave que complic\u00f3 a los ocho responsables de la salud imputados y&nbsp;<strong>rechaz\u00f3 los sobreseimientos y el cambio de calificaci\u00f3n<\/strong>&nbsp;que hab\u00edan propuesto varias de las defensas, entre ellas las de Luque y Cosachov, por la figura del ?homicidio culposo? (con una pena menor de 1 a 5 a\u00f1os de c\u00e1rcel).<\/p>\n\n\n\n<p>Lo \u00fanico en lo que s\u00ed los camaristas resolvieron a favor de las defensas fue en&nbsp;<strong>revocar parcialmente la elevaci\u00f3n a juicio en relaci\u00f3n a los denominados Hechos 2 y 3, imputados a Luque y Cosachov, referidos al \u201cuso de documento privado falso\u201d&nbsp;<\/strong>que le imputaban al neurocirujano por haber presuntamente usado una firma falsificada de Maradona para pedir una historia cl\u00ednica; y a la \u201cfalsedad ideol\u00f3gica\u201d por la que se acusaba a la psiquiatra por haber supuestamente confeccionado un certificado de aptitud mental de Diego sin ir a visitarlo.<\/p>\n\n\n\n<p>Maradona, una de las mayores figuras de la historia del f\u00fatbol mundial, muri\u00f3 a los 60 a\u00f1os de un edema pulmonar y una falla card\u00edaca el 25 de noviembre de 2020 en una casa del barrio privado San Andr\u00e9s, de Tigre, donde transitaba una cuestionada internaci\u00f3n domiciliaria por su adicci\u00f3n al alcohol y luego de haber sido sometido a una neurocirug\u00eda.<\/p>\n\n\n\n<p>La autopsia estableci\u00f3 que muri\u00f3 como consecuencia de un&nbsp;<strong>\u201cedema agudo de pulm\u00f3n secundario a una insuficiencia card\u00edaca cr\u00f3nica reagudizada\u201d<\/strong>&nbsp;y descubrieron en su coraz\u00f3n una \u201cmiocardiopat\u00eda dilatada\u201d.<\/p>\n\n\n\n<p><strong><mark style=\"background-color:rgba(0, 0, 0, 0)\" class=\"has-inline-color has-vivid-red-color\">\u00bfQui\u00e9nes son los ocho imputados por la muerte de Diego Maradona?<\/mark><\/strong><\/p>\n\n\n\n<ul class=\"wp-block-list\">\n<li>Leopoldo Luque: neurocirujano y m\u00e9dico personal de Maradona<\/li>\n\n\n\n<li>Agustina Cosachov: psiquiatra<\/li>\n\n\n\n<li>Ricardo Almir\u00f3n: enfermero<\/li>\n\n\n\n<li>Gisella Madrid: enfermera<\/li>\n\n\n\n<li>Nancy Forlini: m\u00e9dica de Swiss Medical<\/li>\n\n\n\n<li>Mariano Perroni: jefe de enfermeros<\/li>\n\n\n\n<li>Carlos D\u00edaz: psic\u00f3logo<\/li>\n\n\n\n<li>Pedro Di Spagna: m\u00e9dico cl\u00ednico.<\/li>\n<\/ul>\n\n\n\n<p class=\"has-text-align-right\"><strong><em>TN.-<\/em><\/strong><\/p>\n","protected":false},"excerpt":{"rendered":"<p>La C\u00e1mara Pena de San Isidro ratific\u00f3 que el caso debe pasar a juicio oral y p\u00fablico por la car\u00e1tula de homicidio simple con dolo eventual, delito que tiene una pena de hasta 25 a\u00f1os<\/p>\n","protected":false},"author":3,"featured_media":35050,"comment_status":"open","ping_status":"closed","sticky":false,"template":"","format":"standard","meta":{"jnews-multi-image_gallery":[],"jnews_single_post":{"subtitle":"","format":"standard","video":"","gallery":"","source_name":"","source_url":"","via_name":"","via_url":"","override_template":"0","override":[{"template":"4","single_blog_custom":"","parallax":"1","fullscreen":"1","layout":"right-sidebar","sidebar":"default-sidebar","second_sidebar":"default-sidebar","sticky_sidebar":"1","share_position":"top","share_float_style":"share-monocrhome","show_share_counter":"1","show_view_counter":"1","show_featured":"1","show_post_meta":"1","show_post_author":"1","show_post_author_image":"1","show_post_date":"1","post_date_format":"default","post_date_format_custom":"Y\/m\/d","show_post_category":"1","show_post_reading_time":"1","post_reading_time_wpm":"300","show_zoom_button":"1","zoom_button_out_step":"2","zoom_button_in_step":"3","show_post_tag":"1","show_prev_next_post":"1","show_popup_post":"1","number_popup_post":"1","show_author_box":"1","show_post_related":"1","show_inline_post_related":"0"}],"override_image_size":"0","image_override":[{"single_post_thumbnail_size":"crop-500","single_post_gallery_size":"crop-500"}],"trending_post":"0","trending_post_position":"meta","trending_post_label":"Trending","sponsored_post":"0","sponsored_post_label":"Sponsored by","sponsored_post_name":"","sponsored_post_url":"","sponsored_post_logo_enable":"0","sponsored_post_logo":"","sponsored_post_desc":"","disable_ad":"0"},"jnews_primary_category":{"id":"","hide":""},"jnews_social_meta":{"fb_title":"","fb_description":"","fb_image":"","twitter_title":"","twitter_description":"","twitter_image":""},"jnews_review":[],"enable_review":"0","type":"percentage","name":"","summary":"","brand":"","sku":"","good":[{"good_text":""}],"bad":[{"bad_text":""}],"score_override":"","override_value":"","rating":[{"rating_text":"","rating_number":"10"}],"price":[{"shop":"","price":"","link":"","icon":""}],"jnews_override_counter":{"override_view_counter":"0","view_counter_number":"0","override_share_counter":"0","share_counter_number":"0","override_like_counter":"0","like_counter_number":"0","override_dislike_counter":"0","dislike_counter_number":"0"},"jnews_post_split":{"enable_post_split":"0","post_split":[{"template":"1","tag":"h2","numbering":"asc","mode":"normal","first":"0","enable_toc":"0","toc_type":"normal"}]},"footnotes":""},"categories":[48,64],"tags":[44,206,90,282,6048,9020,9021,45,7799],"class_list":["post-35048","post","type-post","status-publish","format-standard","has-post-thumbnail","hentry","category-deportes","category-sucesos","tag-argentina","tag-diego-maradona","tag-futbol","tag-homicidio","tag-juicio-oral","tag-la-muerte-de-diego-armando-maradona","tag-leopoldo-luque","tag-noticias","tag-san-isidro-2"],"amp_enabled":true,"_links":{"self":[{"href":"https:\/\/esreviral.com\/index.php?rest_route=\/wp\/v2\/posts\/35048"}],"collection":[{"href":"https:\/\/esreviral.com\/index.php?rest_route=\/wp\/v2\/posts"}],"about":[{"href":"https:\/\/esreviral.com\/index.php?rest_route=\/wp\/v2\/types\/post"}],"author":[{"embeddable":true,"href":"https:\/\/esreviral.com\/index.php?rest_route=\/wp\/v2\/users\/3"}],"replies":[{"embeddable":true,"href":"https:\/\/esreviral.com\/index.php?rest_route=%2Fwp%2Fv2%2Fcomments&post=35048"}],"version-history":[{"count":0,"href":"https:\/\/esreviral.com\/index.php?rest_route=\/wp\/v2\/posts\/35048\/revisions"}],"wp:featuredmedia":[{"embeddable":true,"href":"https:\/\/esreviral.com\/index.php?rest_route=\/wp\/v2\/media\/35050"}],"wp:attachment":[{"href":"https:\/\/esreviral.com\/index.php?rest_route=%2Fwp%2Fv2%2Fmedia&parent=35048"}],"wp:term":[{"taxonomy":"category","embeddable":true,"href":"https:\/\/esreviral.com\/index.php?rest_route=%2Fwp%2Fv2%2Fcategories&post=35048"},{"taxonomy":"post_tag","embeddable":true,"href":"https:\/\/esreviral.com\/index.php?rest_route=%2Fwp%2Fv2%2Ftags&post=35048"}],"curies":[{"name":"wp","href":"https:\/\/api.w.org\/{rel}","templated":true}]}}