{"id":3504,"date":"2021-01-19T15:54:59","date_gmt":"2021-01-19T15:54:59","guid":{"rendered":"http:\/\/esreviral.com\/?p=3504"},"modified":"2021-01-19T15:54:59","modified_gmt":"2021-01-19T15:54:59","slug":"enfotos-terremoto-de-san-juan-sin-muertos-cuatro-heridos-y-cientos-de-casas-afectadas","status":"publish","type":"post","link":"https:\/\/esreviral.com\/?p=3504","title":{"rendered":"#EnFotos Terremoto de San Juan: Sin muertos, cuatro heridos y cientos de casas afectadas"},"content":{"rendered":"\n<p><strong><em>CIS.- <\/em><\/strong>Doce horas despu\u00e9s del terremoto de 6.4 en la escala de Richter que se registr\u00f3 a las 11:46 pm., de este lunes, el gobernador de la provincia de San Juan, donde fue el epicentro, Sergio U\u00f1ac, quien inform\u00f3 que afortunadamente no hubo fallecidos. <\/p>\n\n\n\n<p>\u00abNo reportamos da\u00f1os personales fuertes, s\u00f3lo dos chicos con traumatismos mayores y dos mayores con traumatismos de mayor significaci\u00f3n, los cuatro superando la situaci\u00f3n\u00bb, confirm\u00f3 U\u00f1ac.<\/p>\n\n\n\n<figure class=\"wp-block-image size-large\"><img decoding=\"async\" src=\"https:\/\/pxb.cdn.diariohuarpe.com\/huarpe\/012021\/1611066487785.jpg?&amp;cw=1170\" alt=\"\"\/><figcaption>Hubo 35 r\u00e9plicas, seg\u00fan las autoridades y las calles se vieron afectadas<\/figcaption><\/figure>\n\n\n\n<p>Record\u00f3 que en 1944, hubo un terremoto de 6.9, \u00aben aquel momento dej\u00f3 10 mil muertos y acab\u00f3 con el 80 % de la estructura de San Juan; en 1977 hubo otro de 7.4 125 v\u00edctimas y destruy\u00f3 casas y edificios, en ese momento hab\u00edan 460 mil habitantes. Anoche hubo una intensidad 6.4 con 830 mil habitantes y no han habido v\u00edctimas fatales tienen un c\u00f3digo de construcci\u00f3n preventivo, hemos tenido un terremoto con calles abiertas y casas destruidas que no fueron construidas con estructura resistentes\u00bb. <\/p>\n\n\n\n<figure class=\"wp-block-image size-large\"><img decoding=\"async\" src=\"http:\/\/esreviral.com\/wp-content\/uploads\/2021\/01\/1611031078799-1024x576.jpg\" alt=\"\" class=\"wp-image-3506\"\/><\/figure>\n\n\n\n<p>Sin embargo, entre los municipios de la provincia, hubo cientos de casas comercios afectados, en algunos cay\u00f3 la mercader\u00eda de las g\u00f3ndolas. <\/p>\n\n\n\n<p>El gobernador dispuso de una inversi\u00f3n de m\u00e1s de 100 millones de pesos que ser\u00e1n repartidos entre los 19 departamentos de la provincia para la recuperaci\u00f3n. <\/p>\n\n\n\n<p>Se espera que en horas de la tarde el presidente Alberto Fern\u00e1ndez visite la provincia por lo ocurrido. <\/p>\n\n\n\n<figure class=\"wp-block-image size-large\"><img decoding=\"async\" src=\"https:\/\/pxb.cdn.diariohuarpe.com\/huarpe\/012021\/1611069109129.jpg?&amp;cw=1170\" alt=\"\"\/><\/figure>\n\n\n\n<figure class=\"wp-block-image size-large\"><img decoding=\"async\" src=\"https:\/\/pxb.cdn.diariohuarpe.com\/huarpe\/012021\/1611069113326.jpg\" alt=\"\"\/><\/figure>\n","protected":false},"excerpt":{"rendered":"<p>CIS.- Doce horas despu\u00e9s del terremoto de 6.4 en la escala de Richter que se registr\u00f3 a las 11:46 pm., de este lunes, el gobernador de la provincia de San Juan, donde fue el epicentro, Sergio U\u00f1ac, quien inform\u00f3 que afortunadamente no hubo fallecidos. \u00abNo reportamos da\u00f1os personales fuertes, s\u00f3lo dos chicos con traumatismos mayores [&hellip;]<\/p>\n","protected":false},"author":2,"featured_media":3505,"comment_status":"open","ping_status":"open","sticky":false,"template":"","format":"standard","meta":{"jnews-multi-image_gallery":[],"jnews_single_post":[],"jnews_primary_category":[],"jnews_social_meta":[],"jnews_review":[],"enable_review":"","type":"","name":"","summary":"","brand":"","sku":"","good":[],"bad":[],"score_override":"","override_value":"","rating":[],"price":[],"jnews_override_counter":[],"jnews_post_split":[],"footnotes":""},"categories":[58],"tags":[44,497,498,499,172],"class_list":["post-3504","post","type-post","status-publish","format-standard","has-post-thumbnail","hentry","category-argentina","tag-argentina","tag-san-juan","tag-sismo","tag-temblor","tag-terremoto"],"amp_enabled":true,"_links":{"self":[{"href":"https:\/\/esreviral.com\/index.php?rest_route=\/wp\/v2\/posts\/3504"}],"collection":[{"href":"https:\/\/esreviral.com\/index.php?rest_route=\/wp\/v2\/posts"}],"about":[{"href":"https:\/\/esreviral.com\/index.php?rest_route=\/wp\/v2\/types\/post"}],"author":[{"embeddable":true,"href":"https:\/\/esreviral.com\/index.php?rest_route=\/wp\/v2\/users\/2"}],"replies":[{"embeddable":true,"href":"https:\/\/esreviral.com\/index.php?rest_route=%2Fwp%2Fv2%2Fcomments&post=3504"}],"version-history":[{"count":0,"href":"https:\/\/esreviral.com\/index.php?rest_route=\/wp\/v2\/posts\/3504\/revisions"}],"wp:featuredmedia":[{"embeddable":true,"href":"https:\/\/esreviral.com\/index.php?rest_route=\/"}],"wp:attachment":[{"href":"https:\/\/esreviral.com\/index.php?rest_route=%2Fwp%2Fv2%2Fmedia&parent=3504"}],"wp:term":[{"taxonomy":"category","embeddable":true,"href":"https:\/\/esreviral.com\/index.php?rest_route=%2Fwp%2Fv2%2Fcategories&post=3504"},{"taxonomy":"post_tag","embeddable":true,"href":"https:\/\/esreviral.com\/index.php?rest_route=%2Fwp%2Fv2%2Ftags&post=3504"}],"curies":[{"name":"wp","href":"https:\/\/api.w.org\/{rel}","templated":true}]}}