{"id":35026,"date":"2023-04-18T10:30:13","date_gmt":"2023-04-18T15:30:13","guid":{"rendered":"https:\/\/esreviral.com\/?p=35026"},"modified":"2023-04-18T10:34:08","modified_gmt":"2023-04-18T15:34:08","slug":"nuevo-paro-de-subte-a-que-lineas-afectas-y-cuando-comienza","status":"publish","type":"post","link":"https:\/\/esreviral.com\/?p=35026","title":{"rendered":"Nuevo paro de subte: a qu\u00e9 l\u00edneas afectas y cu\u00e1ndo comienza"},"content":{"rendered":"\n<p>La Asociaci\u00f3n Gremial de Trabajadores del Subterr\u00e1neo y Premetro (AGTSyP) volver\u00e1n a realizar este mi\u00e9rcoles un<strong>&nbsp;paro de subtes<\/strong>&nbsp;que afectar\u00e1 a las&nbsp;<strong>l\u00edneas D y E desde las 22hrs.<\/strong> Una hora antes, habr\u00e1 apertura de molinetes en las cabeceras de ambas l\u00edneas.&nbsp;<\/p>\n\n\n\n<p>Esta es la octava medida de fuerza consecutiva decidida por los trabajadores como parte del&nbsp;reclamo a la empresa de reducci\u00f3n de la jornada laboral a 30 horas semanales con dos francos, para reducir la exposici\u00f3n al asbesto.<\/p>\n\n\n\n<p>El comunicado, que lleva las firmas del secretario general Roberto Pianelli y el secretario adjunto N\u00e9stor Segovia, remarca que debido a \u00abla negativa por parte de Emova y Sbase a conceder nuestro reclamo llevamos adelante medidas de autodefensa\u00bb.<\/p>\n\n\n\n<p>La&nbsp;<strong>apertura de molinetes&nbsp;<\/strong>ser\u00e1 a partir de las 21 en las estaciones Catedral y Congreso de Tucum\u00e1n (L\u00ednea D), y Bol\u00edvar e Independencia (L\u00ednea E). Posteriormente, desde las 22 habr\u00e1 interrupci\u00f3n del servicio hasta su reinicio, al d\u00eda siguiente.<\/p>\n\n\n\n<p>Es la&nbsp;<strong>octava medida de fuerza<\/strong>&nbsp;en reclamo de la reducci\u00f3n de la jornada laboral y la desabestizaci\u00f3n. Ya van tres semanas de un conflicto que escala desde fines de marzo, cuando los paros de dos horas comenzaron a hacerse en el horario de inicio del servicio.<\/p>\n\n\n\n<p>\u200bLuego, la semana siguiente, los metrodelegados decidieron paralizar, con la misma metodolog\u00eda, dos l\u00edneas por d\u00eda, pero entre las 14 y las 16. Y desde este lunes las protestas, que incluyen liberar molinetes, se repetir\u00e1n, pero en el momento del cierre del servicio.<\/p>\n\n\n\n<figure class=\"wp-block-image size-large\"><img fetchpriority=\"high\" decoding=\"async\" width=\"710\" height=\"1024\" src=\"https:\/\/esreviral.com\/wp-content\/uploads\/2023\/04\/AnyConv.com__AnyConv.com__Fa6ZVfJ9w_720x0__1-710x1024.webp\" alt=\"\" class=\"wp-image-35027\" srcset=\"https:\/\/esreviral.com\/wp-content\/uploads\/2023\/04\/AnyConv.com__AnyConv.com__Fa6ZVfJ9w_720x0__1-710x1024.webp 710w, https:\/\/esreviral.com\/wp-content\/uploads\/2023\/04\/AnyConv.com__AnyConv.com__Fa6ZVfJ9w_720x0__1-208x300.webp 208w, https:\/\/esreviral.com\/wp-content\/uploads\/2023\/04\/AnyConv.com__AnyConv.com__Fa6ZVfJ9w_720x0__1.webp 720w\" sizes=\"(max-width: 710px) 100vw, 710px\" \/><\/figure>\n\n\n\n<p><\/p>\n\n\n\n<p>Respecto de la reducci\u00f3n de la jornada semanal de 36 a 30 horas, desde Emova dijeron que es&nbsp;<strong>\u00abinviable\u00bb&nbsp;<\/strong>porque \u00abno existe antecedente alguno en metros de Latinoam\u00e9rica y del mundo de una jornada semanal como la que est\u00e1 demandando el gremio\u00bb.<\/p>\n\n\n\n<p>Hace dos semanas se hicieron reuniones para intentar avanzar con el fin de destrabar el conflicto. Sin embargo, el acuerdo parece estar lejos de concretarse. Y seg\u00fan pudo saber&nbsp;al medio informativo <em>Clar\u00edn<\/em>&nbsp;de fuentes del sector, tanto desde la empresa, como desde Sbase, que depende del Gobierno porte\u00f1o, hay predisposici\u00f3n para negociar la reducci\u00f3n de seis a cinco d\u00edas, pero a cambio de que se mantengan las<strong>&nbsp;36 horas semanales.<\/strong><\/p>\n\n\n\n<p>Ante el reclamo, desde la empresa sostuvieron, en forma oficial, que&nbsp;<strong>\u00abno existe riesgo alguno para la salud de los trabajadores\u00bb<\/strong>, y que \u00abse realizan permanentes mediciones de calidad de aire en todos los \u00e1mbitos del subte\u00bb. Y recordaron que no hay \u00abdeclaraci\u00f3n de insalubridad\u201d, tal como lo determin\u00f3 la Sala II de la C\u00e1mara de Apelaciones del Trabajo\u00bb.<\/p>\n\n\n\n<p><strong><mark style=\"background-color:rgba(0, 0, 0, 0)\" class=\"has-inline-color has-vivid-red-color\">El inicio del conflicto<\/mark><\/strong><\/p>\n\n\n\n<p>El conflicto en el subte tuvo su&nbsp;<strong>inicio en marzo<\/strong>, cuando los metrodelegados tambi\u00e9n tomaron medidas de fuerza en reclamo de mayores medidas de seguridad, debido a diferentes episodios de violencia, puntualmente en la l\u00ednea C.<\/p>\n\n\n\n<p>El primero fue con un quite de colaboraci\u00f3n exigiendo m\u00e1s presencia de personal de seguridad, luego de un intento de robo en una boleter\u00eda.<\/p>\n\n\n\n<p>Luego ocurri\u00f3 el asesinato de la oficial de la polic\u00eda de la Ciudad<strong>&nbsp;Maribel Zalazar (35)<\/strong>, que fue a asistir a un pasajero descompuesto que le quit\u00f3 el arma reglamentaria y le dispar\u00f3. Sucedi\u00f3 en la estaci\u00f3n Retiro de la l\u00ednea C.<\/p>\n\n\n\n<p>Mas tarde, a fines de marzo, comenz\u00f3 el reclamo puntual por la reducci\u00f3n de la jornada laboral con las medidas de fuerza de&nbsp;<strong>dos horas por l\u00ednea.<\/strong><\/p>\n\n\n\n<p>\u00abSomos conscientes de que el asbesto mata. Ya se ha llevado la vida de tres trabajadores del subte y ha afectado a otros 84, entre ellos seis con c\u00e1ncer y una pasajera.&nbsp;<strong>Exigimos un resguardo para nuestra salud<\/strong>&nbsp;con mejores condiciones de vida\u00bb, repiten desde la Agtsyp en los comunicados que difunden cada semana.<\/p>\n\n\n\n<figure class=\"wp-block-image size-full\"><img decoding=\"async\" width=\"720\" height=\"481\" src=\"https:\/\/esreviral.com\/wp-content\/uploads\/2023\/04\/AnyConv.com__Hlb6rgnMK_720x0__1.webp\" alt=\"\" class=\"wp-image-35028\" srcset=\"https:\/\/esreviral.com\/wp-content\/uploads\/2023\/04\/AnyConv.com__Hlb6rgnMK_720x0__1.webp 720w, https:\/\/esreviral.com\/wp-content\/uploads\/2023\/04\/AnyConv.com__Hlb6rgnMK_720x0__1-300x200.webp 300w\" sizes=\"(max-width: 720px) 100vw, 720px\" \/><\/figure>\n\n\n\n<p><\/p>\n\n\n\n<p>Por su parte, desde Emova difundieron un comunicado, este lunes, en el que expresaron su postura.<\/p>\n\n\n\n<p>\u00abLa compa\u00f1\u00eda ha manifestado en reiteradas oportunidades su disposici\u00f3n al di\u00e1logo, pero la reducci\u00f3n de la jornada semanal resulta&nbsp;<strong>inviable sin afectar las actividades de operaci\u00f3n de la red de Subte.<\/strong>&nbsp;Es importante se\u00f1alar que no existe antecedente alguno en metros de Latinoam\u00e9rica y del mundo de una jornada semanal como la que est\u00e1 demandando el gremio\u00bb, remarcaron desde la empresa.<\/p>\n\n\n\n<p>Y agregaron: \u00abEn esta l\u00ednea, Emova ratifica que no existe en el Subte de Buenos Aires riesgo para la salud de los trabajadores y usuarios. Dando cumplimiento a las normativas vigentes, la empresa trabaja activamente en un\u00a0<strong>plan de desasbestizaci\u00f3n<\/strong>\u00a0en continuidad con el proceso iniciado hace m\u00e1s de 4 a\u00f1os. Este trabajo se realiza a trav\u00e9s de una mesa interdisciplinaria en la que participan tambi\u00e9n las entidades gremiales y que funciona en la Direcci\u00f3n de Protecci\u00f3n del Trabajo del Gobierno de la Ciudad de Buenos Aires\u00bb.<\/p>\n\n\n\n<p><strong><em><mark style=\"background-color:rgba(0, 0, 0, 0)\" class=\"has-inline-color has-vivid-red-color\">Lea Tambi\u00e9n: <\/mark><\/em><\/strong><\/p>\n\n\n\n<p class=\"has-text-align-right\"><strong><em>Clarin.-<\/em><\/strong><\/p>\n","protected":false},"excerpt":{"rendered":"<p>Desde las 21 habr\u00e1 apertura de molinetes en las cabeceras. Es la octava medida de fuerza en reclamo de la reducci\u00f3n de la jornada laboral y la desabestizaci\u00f3n.<\/p>\n","protected":false},"author":3,"featured_media":35029,"comment_status":"open","ping_status":"closed","sticky":false,"template":"","format":"standard","meta":{"jnews-multi-image_gallery":[],"jnews_single_post":{"subtitle":"","format":"standard","video":"","gallery":"","source_name":"","source_url":"","via_name":"","via_url":"","override_template":"0","override":[{"template":"4","single_blog_custom":"","parallax":"1","fullscreen":"1","layout":"right-sidebar","sidebar":"default-sidebar","second_sidebar":"default-sidebar","sticky_sidebar":"1","share_position":"top","share_float_style":"share-monocrhome","show_share_counter":"1","show_view_counter":"1","show_featured":"1","show_post_meta":"1","show_post_author":"1","show_post_author_image":"1","show_post_date":"1","post_date_format":"default","post_date_format_custom":"Y\/m\/d","show_post_category":"1","show_post_reading_time":"1","post_reading_time_wpm":"300","show_zoom_button":"1","zoom_button_out_step":"2","zoom_button_in_step":"3","show_post_tag":"1","show_prev_next_post":"1","show_popup_post":"1","number_popup_post":"1","show_author_box":"1","show_post_related":"1","show_inline_post_related":"0"}],"override_image_size":"0","image_override":[{"single_post_thumbnail_size":"crop-500","single_post_gallery_size":"crop-500"}],"trending_post":"0","trending_post_position":"meta","trending_post_label":"Trending","sponsored_post":"0","sponsored_post_label":"Sponsored by","sponsored_post_name":"","sponsored_post_url":"","sponsored_post_logo_enable":"0","sponsored_post_logo":"","sponsored_post_desc":"","disable_ad":"0"},"jnews_primary_category":{"id":"","hide":""},"jnews_social_meta":{"fb_title":"","fb_description":"","fb_image":"","twitter_title":"","twitter_description":"","twitter_image":""},"jnews_review":[],"enable_review":"0","type":"percentage","name":"","summary":"","brand":"","sku":"","good":[{"good_text":""}],"bad":[{"bad_text":""}],"score_override":"","override_value":"","rating":[{"rating_text":"","rating_number":"10"}],"price":[{"shop":"","price":"","link":"","icon":""}],"jnews_override_counter":{"override_view_counter":"0","view_counter_number":"0","override_share_counter":"0","share_counter_number":"0","override_like_counter":"0","like_counter_number":"0","override_dislike_counter":"0","dislike_counter_number":"0"},"jnews_post_split":{"enable_post_split":"0","post_split":[{"template":"1","tag":"h2","numbering":"asc","mode":"normal","first":"0","enable_toc":"0","toc_type":"normal"}]},"footnotes":""},"categories":[58],"tags":[44,894,9012,45,1896,290,5535,274],"class_list":["post-35026","post","type-post","status-publish","format-standard","has-post-thumbnail","hentry","category-argentina","tag-argentina","tag-ciudad-de-buenos-aires","tag-lineas-d-y-e","tag-noticias","tag-paro-de-subte","tag-subte","tag-subterraneos-de-buenos-aires","tag-transporte-publico"],"amp_enabled":true,"_links":{"self":[{"href":"https:\/\/esreviral.com\/index.php?rest_route=\/wp\/v2\/posts\/35026"}],"collection":[{"href":"https:\/\/esreviral.com\/index.php?rest_route=\/wp\/v2\/posts"}],"about":[{"href":"https:\/\/esreviral.com\/index.php?rest_route=\/wp\/v2\/types\/post"}],"author":[{"embeddable":true,"href":"https:\/\/esreviral.com\/index.php?rest_route=\/wp\/v2\/users\/3"}],"replies":[{"embeddable":true,"href":"https:\/\/esreviral.com\/index.php?rest_route=%2Fwp%2Fv2%2Fcomments&post=35026"}],"version-history":[{"count":0,"href":"https:\/\/esreviral.com\/index.php?rest_route=\/wp\/v2\/posts\/35026\/revisions"}],"wp:featuredmedia":[{"embeddable":true,"href":"https:\/\/esreviral.com\/index.php?rest_route=\/wp\/v2\/media\/35029"}],"wp:attachment":[{"href":"https:\/\/esreviral.com\/index.php?rest_route=%2Fwp%2Fv2%2Fmedia&parent=35026"}],"wp:term":[{"taxonomy":"category","embeddable":true,"href":"https:\/\/esreviral.com\/index.php?rest_route=%2Fwp%2Fv2%2Fcategories&post=35026"},{"taxonomy":"post_tag","embeddable":true,"href":"https:\/\/esreviral.com\/index.php?rest_route=%2Fwp%2Fv2%2Ftags&post=35026"}],"curies":[{"name":"wp","href":"https:\/\/api.w.org\/{rel}","templated":true}]}}