{"id":35017,"date":"2023-04-18T10:07:19","date_gmt":"2023-04-18T15:07:19","guid":{"rendered":"https:\/\/esreviral.com\/?p=35017"},"modified":"2023-04-18T10:07:20","modified_gmt":"2023-04-18T15:07:20","slug":"migrantes-venezolanos-repatriados-tras-incendio-en-ciudad-juarez-detalles-desgarradores","status":"publish","type":"post","link":"https:\/\/esreviral.com\/?p=35017","title":{"rendered":"Migrantes venezolanos repatriados tras incendio en Ciudad Ju\u00e1rez: detalles desgarradores"},"content":{"rendered":"\n<p>La asfixia por inhalaci\u00f3n de humo fue la causa de muerte de los&nbsp;<strong>siete venezolanos que estaban detenidos<\/strong>&nbsp;en un centro migratorio en Ciudad Ju\u00e1rez, en M\u00e9xico.<\/p>\n\n\n\n<p>Los cuerpos de las v\u00edctimas llegaron el domingo por la noche a Venezuela en un avi\u00f3n de la Fuerza A\u00e9rea mexicana, tras gesti\u00f3n de las&nbsp;embajadas de ambos pa\u00edses,&nbsp;y los<strong>&nbsp;trasladaron hasta la sede del Servicio Nacional de Medicina y Ciencias Forenses,<\/strong>&nbsp;conocido como la morgue de Bello Monte.<\/p>\n\n\n\n<p>El 27 de marzo se origin\u00f3&nbsp;<strong>un incendio que provoc\u00f3 el fallecimiento de 40 extranjeros,<\/strong>&nbsp;que esperaban llegar a Estados Unidos.<\/p>\n\n\n\n<p>En los momentos que crec\u00edan las llamas y se intensificaba el humo, no contaron con la ayuda de los custodios:<strong>&nbsp;los dejaron encerrados<\/strong>&nbsp;a pesar de que a\u00fan hab\u00eda tiempo para abrirles las rejas. As\u00ed se observa en un video captado por una c\u00e1mara de seguridad, cuya divulgaci\u00f3n en las redes sociales ayud\u00f3 a que se denunciara la omisi\u00f3n de las autoridades.<\/p>\n\n\n\n<p>Los familiares de las v\u00edctimas<strong>&nbsp;viajaron a M\u00e9xico el viernes 14 de abril<\/strong>&nbsp;para el reconocimiento de los cad\u00e1veres, con la cooperaci\u00f3n de las autoridades mexicanas y venezolanas.<\/p>\n\n\n\n<p><strong><em><mark style=\"background-color:rgba(0, 0, 0, 0)\" class=\"has-inline-color has-vivid-red-color\">Lea Tambi\u00e9n: <\/mark><\/em><\/strong><\/p>\n\n\n\n<p>Se reunieron con la Fiscal\u00eda y la Secretar\u00eda de Gobierno de M\u00e9xico para exigirles que se investigue el hecho y se establezcan las responsabilidades por lo ocurrido, de acuerdo con un reporte de&nbsp;Uni\u00f3n Radio.<\/p>\n\n\n\n<p>Otro de los detalles informados en la morgue de Bello Monte fue que los cuerpos de los migrantes&nbsp;<strong>no presentaron lesiones ocasionadas por las llamas.<\/strong><\/p>\n\n\n\n<p>A cada uno lo&nbsp;<strong>trasladaron hasta sus ciudades de origen<\/strong>&nbsp;para su sepultura, un proceso que se har\u00e1 con la ayuda econ\u00f3mica del gobierno de Andr\u00e9s Manuel L\u00f3pez Obrador, seg\u00fan el medio.<\/p>\n\n\n\n<figure class=\"wp-block-embed is-type-rich is-provider-twitter wp-block-embed-twitter\"><div class=\"wp-block-embed__wrapper\">\n<blockquote class=\"twitter-tweet\" data-width=\"500\" data-dnt=\"true\"><p lang=\"es\" dir=\"ltr\">Yordany Jos\u00e9 Colombo Ramirez hermano de unos de los heridos manifest\u00f3, &quot;Mi hermano ya est\u00e1 estable, est\u00e1 siendo atendido por las autoridades de Venezuela y M\u00e9xico,estoy aqu\u00ed para apoyar a mi hermano, seguiremos ac\u00e1 como se nos ha dicho hasta que este completamente recuperado&quot;. <a href=\"https:\/\/t.co\/qhiKigUYV6\">pic.twitter.com\/qhiKigUYV6<\/a><\/p>&mdash; Embajada de Venezuela en M\u00e9xico (@EmbaVenMexico) <a href=\"https:\/\/twitter.com\/EmbaVenMexico\/status\/1647299279508176896?ref_src=twsrc%5Etfw\">April 15, 2023<\/a><\/blockquote><script async src=\"https:\/\/platform.twitter.com\/widgets.js\" charset=\"utf-8\"><\/script>\n<\/div><\/figure>\n\n\n\n<p><a href=\"https:\/\/esreviral.com\/identifican-a-los-migrantes-venezolanos-muertos-por-incendio-en-mexico\/\" data-type=\"URL\" data-id=\"https:\/\/esreviral.com\/identifican-a-los-migrantes-venezolanos-muertos-por-incendio-en-mexico\/\">La lista divulgada se\u00f1ala que&nbsp;<strong>las identidades de las v\u00edctimas son:<\/strong><\/a>&nbsp;Samuel Marchena, Orangel L\u00f3pez Guerrero, Jos\u00e9 Mendoza, Jos\u00e9 Leal, Rannier Requena Infante, \u00d3scar Regalado Silva y Orlando Maldonado P\u00e9rez.<\/p>\n\n\n\n<p><strong><em><mark style=\"background-color:rgba(0, 0, 0, 0)\" class=\"has-inline-color has-vivid-red-color\">Lea Tambi\u00e9n: <a href=\"https:\/\/esreviral.com\/migrantes-sobrevivientes-del-incendio-en-mexico-podrian-recibir-parole-para-atenderse-en-eeuu\/\">MIGRANTES SOBREVIVIENTES DEL INCENDIO EN M\u00c9XICO PODR\u00cdAN RECIBIR PAROLE HUMANITARIO PARA ATENDERSE EN EEUU<\/a><\/mark><\/em><\/strong><\/p>\n\n\n\n<p><strong><mark style=\"background-color:rgba(0, 0, 0, 0)\" class=\"has-inline-color has-vivid-red-color\">Detenido el jefe de Migraci\u00f3n en Chihuahua<\/mark><\/strong><\/p>\n\n\n\n<p>El jefe del Instituto Nacional de Migraci\u00f3n, en Chihuahua, Salvador Gonz\u00e1lez Guerrero, fue capturado por estar presuntamente vinculado a&nbsp;<strong>la muerte de 40 indocumentados.<\/strong><\/p>\n\n\n\n<p>Seg\u00fan el registro de detenciones de la Secretar\u00eda de Seguridad, al funcionario lo detuvieron durante la tarde del pasado domingo agentes federales en Ciudad Ju\u00e1rez, fronteriza con El Paso.<\/p>\n\n\n\n<p>Medios locales rese\u00f1aron que&nbsp;<strong>Gonz\u00e1lez Guerrero hab\u00eda buscado evitar su captura<\/strong>&nbsp;mediante un recurso legal.<\/p>\n\n\n\n<p>Las autoridades mexicanas comunicaron que el incendio se origin\u00f3 cuando un migrante&nbsp;<strong>prendi\u00f3 fuego a un colch\u00f3n en la celda<\/strong>&nbsp;donde permanec\u00eda con otros 67 hombres, en medio de una protesta por una posible deportaci\u00f3n.<\/p>\n\n\n\n<p>Al funcionario lo se\u00f1alar\u00eda la Fiscal\u00eda General de haber dado la orden de cerrar el lugar.<\/p>\n\n\n\n<p>Otros cuatro funcionarios del Instituto Nacional de Migraci\u00f3n tambi\u00e9n est\u00e1n detenidos, as\u00ed como un guardia de seguridad y un migrante venezolano acusado de iniciar el fuego.<\/p>\n\n\n\n<p><strong><mark style=\"background-color:rgba(0, 0, 0, 0)\" class=\"has-inline-color has-vivid-red-color\">\u00bfUn venezolano provoc\u00f3 la tragedia?<\/mark><\/strong><\/p>\n\n\n\n<p>Un venezolano narr\u00f3 c\u00f3mo ocurrieron los hechos la noche en la que se inici\u00f3<a href=\"https:\/\/esreviral.com\/mueren-37-migrantes-en-incendio-en-estacion-migratoria-en-frontera-de-mexico\/\" data-type=\"URL\" data-id=\"https:\/\/esreviral.com\/mueren-37-migrantes-en-incendio-en-estacion-migratoria-en-frontera-de-mexico\/\">&nbsp;<strong>un incendio en un centro de detenci\u00f3n<\/strong>&nbsp;de migrantes<\/a>. Eduard Jes\u00fas Caraballo L\u00f3pez se encontraba entre los extranjeros aprehendidos ese d\u00eda, el 27 de marzo.<\/p>\n\n\n\n<p>El ciudadano asegur\u00f3 a&nbsp;Univisi\u00f3n Noticias&nbsp;que un grupo de<strong>&nbsp;guatemaltecos exig\u00eda a los custodios que le dieran agua potable<\/strong>&nbsp;y que, ante la ausencia de respuestas, se acrecent\u00f3 la tensi\u00f3n y el rumor de que ser\u00edan enviados a Ciudad de M\u00e9xico para su posible deportaci\u00f3n.<\/p>\n\n\n\n<p>Para llamar la atenci\u00f3n de los funcionarios, asegur\u00f3 el venezolano,&nbsp;<strong>los guatemaltecos propusieron quemar una colchoneta<\/strong>&nbsp;para tener respuestas de las autoridades. Ellos ten\u00edan hasta 20 d\u00edas encerrados en condiciones precarias.<\/p>\n\n\n\n<p>\u201cComo a las 9:00 pm arranca el incendio. Ellos ten\u00edan rato conversando de eso. Yo les dec\u00eda: \u2018Hermano, yo voy a salir ahorita, no se pongan con esa locura\u2019. Pero no me hicieron caso.&nbsp;<strong>Trat\u00e9 de quitarles el yesquero y se me rebelaron\u201d<\/strong>, manifest\u00f3 Caraballo.<\/p>\n\n\n\n<p><strong><mark style=\"background-color:rgba(0, 0, 0, 0)\" class=\"has-inline-color has-vivid-red-color\">Un guatemalteco \u201ccompr\u00f3 un encendedor\u201d<\/mark><\/strong><\/p>\n\n\n\n<p>Dijo que un custodio del centro de detenci\u00f3n&nbsp;<strong>le vendi\u00f3 a un guatemalteco el encendedor<\/strong>&nbsp;con el que prendieron fuego a la colchoneta. En el sitio, presuntamente, los oficiales de seguridad tambi\u00e9n vend\u00edan cigarros y marihuana.<\/p>\n\n\n\n<p>\u201cYo empec\u00e9 a gritarle a mi familia, llamaba a los guardias, no me importa que quedara delante de todos como el chismoso. Les dec\u00eda a los guardias: \u2018hermano, van a prender esto, van a prender esto\u2019.&nbsp;<strong>No me hicieron caso\u201d<\/strong>, expres\u00f3.<\/p>\n\n\n\n<p>Fuera del centro de detenci\u00f3n estaba su esposa, Biangly Infante. Ella hab\u00eda llevado a las autoridades del lugar documentos que&nbsp;<strong>mostraban que su familia ten\u00eda permiso<\/strong>&nbsp;para estar en M\u00e9xico.<\/p>\n\n\n\n<p>Al venezolano lo detuvieron en un procedimiento en el que, as\u00ed como a varios de los migrantes que estaban en el centro, tambi\u00e9n<strong>&nbsp;capturaron a Jeison Catari Rivas, el&nbsp; hombre imputado<\/strong>&nbsp;por presuntamente iniciar el incendio.<\/p>\n\n\n\n<p><strong>\u201cLo metieron preso y \u00e9l no estaba en eso\u201d<\/strong>, afirm\u00f3&nbsp; el migrante, quien asegur\u00f3 asimismo que todos los actores materiales fallecieron en el incendio.<\/p>\n\n\n\n<figure class=\"wp-block-embed is-type-rich is-provider-twitter wp-block-embed-twitter\"><div class=\"wp-block-embed__wrapper\">\n<blockquote class=\"twitter-tweet\" data-width=\"500\" data-dnt=\"true\"><p lang=\"es\" dir=\"ltr\">Nuestro Gobierno a trav\u00e9s de la Embajada de Venezuela en M\u00e9xico recibe a los familiares de las v\u00edctimas del incendio en la estaci\u00f3n provisional del Instituto Nacional de Migraci\u00f3n en Ciudad Ju\u00e1rez, Chihuahua. <a href=\"https:\/\/t.co\/O7n5AUSZ5D\">pic.twitter.com\/O7n5AUSZ5D<\/a><\/p>&mdash; Embajada de Venezuela en M\u00e9xico (@EmbaVenMexico) <a href=\"https:\/\/twitter.com\/EmbaVenMexico\/status\/1647276434862350336?ref_src=twsrc%5Etfw\">April 15, 2023<\/a><\/blockquote><script async src=\"https:\/\/platform.twitter.com\/widgets.js\" charset=\"utf-8\"><\/script>\n<\/div><\/figure>\n\n\n\n<p><\/p>\n\n\n\n<p><strong><em><mark style=\"background-color:rgba(0, 0, 0, 0)\" class=\"has-inline-color has-vivid-red-color\">Lea Tambi\u00e9n: <a href=\"https:\/\/esreviral.com\/el-papa-pide-rezos-por-los-migrantes-muertos-en-el-incendio-en-ciudad-juarez\/\">EL PAPA PIDE REZOS POR LOS MIGRANTES MUERTOS EN EL INCENDIO EN CIUDAD JU\u00c1REZ<\/a><\/mark><\/em><\/strong><\/p>\n\n\n\n<p class=\"has-text-align-right\"><strong><em>ElNacional.-<\/em><\/strong><\/p>\n","protected":false},"excerpt":{"rendered":"<p>Los cuerpos de las v\u00edctimas llegaron el domingo por la noche a Venezuela en un avi\u00f3n de la Fuerza A\u00e9rea mexicana, tras gesti\u00f3n de las embajadas de ambos pa\u00edses, y los trasladaron hasta la sede del Servicio Nacional de Medicina y Ciencias Forenses, conocido como la morgue de Bello Monte<\/p>\n","protected":false},"author":3,"featured_media":35020,"comment_status":"open","ping_status":"closed","sticky":false,"template":"","format":"standard","meta":{"jnews-multi-image_gallery":[],"jnews_single_post":{"subtitle":"","format":"standard","video":"","gallery":"","source_name":"","source_url":"","via_name":"","via_url":"","override_template":"0","override":[{"template":"4","single_blog_custom":"","parallax":"1","fullscreen":"1","layout":"right-sidebar","sidebar":"default-sidebar","second_sidebar":"default-sidebar","sticky_sidebar":"1","share_position":"top","share_float_style":"share-monocrhome","show_share_counter":"1","show_view_counter":"1","show_featured":"1","show_post_meta":"1","show_post_author":"1","show_post_author_image":"1","show_post_date":"1","post_date_format":"default","post_date_format_custom":"Y\/m\/d","show_post_category":"1","show_post_reading_time":"1","post_reading_time_wpm":"300","show_zoom_button":"1","zoom_button_out_step":"2","zoom_button_in_step":"3","show_post_tag":"1","show_prev_next_post":"1","show_popup_post":"1","number_popup_post":"1","show_author_box":"1","show_post_related":"1","show_inline_post_related":"0"}],"override_image_size":"0","image_override":[{"single_post_thumbnail_size":"crop-500","single_post_gallery_size":"crop-500"}],"trending_post":"0","trending_post_position":"meta","trending_post_label":"Trending","sponsored_post":"0","sponsored_post_label":"Sponsored by","sponsored_post_name":"","sponsored_post_url":"","sponsored_post_logo_enable":"0","sponsored_post_logo":"","sponsored_post_desc":"","disable_ad":"0"},"jnews_primary_category":{"id":"","hide":""},"jnews_social_meta":{"fb_title":"","fb_description":"","fb_image":"","twitter_title":"","twitter_description":"","twitter_image":""},"jnews_review":[],"enable_review":"0","type":"percentage","name":"","summary":"","brand":"","sku":"","good":[{"good_text":""}],"bad":[{"bad_text":""}],"score_override":"","override_value":"","rating":[{"rating_text":"","rating_number":"10"}],"price":[{"shop":"","price":"","link":"","icon":""}],"jnews_override_counter":{"override_view_counter":"0","view_counter_number":"0","override_share_counter":"0","share_counter_number":"0","override_like_counter":"0","like_counter_number":"0","override_dislike_counter":"0","dislike_counter_number":"0"},"jnews_post_split":{"enable_post_split":"0","post_split":[{"template":"1","tag":"h2","numbering":"asc","mode":"normal","first":"0","enable_toc":"0","toc_type":"normal"}]},"footnotes":""},"categories":[88,64],"tags":[8972,9002,8999,9001,8998,8997,45,9000,56],"class_list":["post-35017","post","type-post","status-publish","format-standard","has-post-thumbnail","hentry","category-internacionales","category-sucesos","tag-ciudad-de-mexico","tag-detenido-el-jefe-de-migracion","tag-extranjeros-aprehendidos","tag-fuerza-aerea-mexicana","tag-incendio-en-un-centro-de-detencion","tag-morgue-de-bello-monte","tag-noticias","tag-posible-deportacion","tag-venezuela"],"amp_enabled":true,"_links":{"self":[{"href":"https:\/\/esreviral.com\/index.php?rest_route=\/wp\/v2\/posts\/35017"}],"collection":[{"href":"https:\/\/esreviral.com\/index.php?rest_route=\/wp\/v2\/posts"}],"about":[{"href":"https:\/\/esreviral.com\/index.php?rest_route=\/wp\/v2\/types\/post"}],"author":[{"embeddable":true,"href":"https:\/\/esreviral.com\/index.php?rest_route=\/wp\/v2\/users\/3"}],"replies":[{"embeddable":true,"href":"https:\/\/esreviral.com\/index.php?rest_route=%2Fwp%2Fv2%2Fcomments&post=35017"}],"version-history":[{"count":0,"href":"https:\/\/esreviral.com\/index.php?rest_route=\/wp\/v2\/posts\/35017\/revisions"}],"wp:featuredmedia":[{"embeddable":true,"href":"https:\/\/esreviral.com\/index.php?rest_route=\/wp\/v2\/media\/35020"}],"wp:attachment":[{"href":"https:\/\/esreviral.com\/index.php?rest_route=%2Fwp%2Fv2%2Fmedia&parent=35017"}],"wp:term":[{"taxonomy":"category","embeddable":true,"href":"https:\/\/esreviral.com\/index.php?rest_route=%2Fwp%2Fv2%2Fcategories&post=35017"},{"taxonomy":"post_tag","embeddable":true,"href":"https:\/\/esreviral.com\/index.php?rest_route=%2Fwp%2Fv2%2Ftags&post=35017"}],"curies":[{"name":"wp","href":"https:\/\/api.w.org\/{rel}","templated":true}]}}