{"id":3501,"date":"2021-01-19T15:26:41","date_gmt":"2021-01-19T15:26:41","guid":{"rendered":"http:\/\/esreviral.com\/?p=3501"},"modified":"2021-01-19T15:26:41","modified_gmt":"2021-01-19T15:26:41","slug":"claudia-villafane-donara-su-premio-de-master-chef-celebrity","status":"publish","type":"post","link":"https:\/\/esreviral.com\/?p=3501","title":{"rendered":"Claudia Villafa\u00f1e donar\u00e1 su premio de Master Chef Celebrity"},"content":{"rendered":"\n<p>Vivo este triunfo con mucha alegr\u00eda, pude hacerle frente a este gran desaf\u00edo\u00bb, confiesa\u00a0<strong>Claudia Villafa\u00f1e<\/strong>\u00a0en una entrevista que dio a La Naci\u00f3n. Anoche, la empresaria se coron\u00f3 como\u00a0la gran ganadora de la primera edici\u00f3n\u00a0de\u00a0<strong><em>MasterChef Celebrity<\/em><\/strong>, el tanque de\u00a0<strong>Telefe<\/strong>\u00a0que ya est\u00e1 preparando su segunda temporada con nuevos concursantes famosos. <\/p>\n\n\n\n<p>Villafa\u00f1e decidi\u00f3 participar en el certamen de cocina impulsada por el tipo de formato y por la cercan\u00eda afectiva que tiene con el conductor Santiago del Moro, amigo de una de sus hijas.<\/p>\n\n\n\n<p>Su paso por el programa marc\u00f3 un quiebre en la forma en la que el p\u00fablico la percibe, dej\u00f3 de lado su historial familiar para mostrarse con m\u00e9ritos propios desconocidos masivamente. \u00abPodr\u00edamos haber ganado las dos. Fue muy dif\u00edcil competir con Claudia que, en alg\u00fan punto, era la elegida del pueblo\u00bb, reconoce\u00a0Anal\u00eda Franch\u00edn, la otra finalista, con precisi\u00f3n radiogr\u00e1fica. Desde hace algunas semanas, el nombre de Villafa\u00f1e comenz\u00f3 a sonar fuerte en las redes sociales; acaso por la traslaci\u00f3n amorosa del apellido Maradona, la gente deposit\u00f3 fichas en ella. Afecto validado por sus buenas dotes para la preparaci\u00f3n de platos.<\/p>\n\n\n\n<figure class=\"wp-block-image\" id=\"figure_3583424\"><img decoding=\"async\" src=\"https:\/\/bucket2.glanacion.com\/anexos\/fotos\/24\/3583424w380.jpg\" alt=\"Anal\u00eda Franch\u00edn y Claudia Villafa\u00f1e, las dos finalistas de MasterChef Celebrity\"\/><figcaption>Anal\u00eda Franch\u00edn y Claudia Villafa\u00f1e, las dos finalistas de MasterChef Celebrity&nbsp;Cr\u00e9dito: Prensa Telefe<\/figcaption><\/figure>\n\n\n\n<p><strong>-Cuando se anunci\u00f3 que eras la ganadora, \u00bfqu\u00e9 fue lo primero que pas\u00f3 por tu mente? \u00bfEn qui\u00e9n pensaste?<\/strong><\/p>\n\n\n\n<p>-Creo que, en un minuto, me pasaron por la cabeza todos estos meses de competencia. Pens\u00e9 en mis hijas, que estaban ah\u00ed, acompa\u00f1\u00e1ndome a pesar de todo.<\/p>\n\n\n\n<p>Dalma y Gianina Maradona alentaron a su madre y hasta controlaron, cron\u00f3metro en mano, la administraci\u00f3n de los tiempos. Como siempre, sus hijas fueron el sost\u00e9n. \u00abFalta gente que me gustar\u00eda que est\u00e9 ac\u00e1, pero no puede. Empezando con mi nieto que se fue a ver a su pap\u00e1\u00bb, reconoci\u00f3 emocionada a segundos de haberse coronado ganadora. Con ojos vidriosos, sigui\u00f3 enumerando algunas de esas ausencias: \u00abMi mam\u00e1, que no est\u00e1 bien de salud, el pap\u00e1 de mis hijas que no est\u00e1\u00bb. Sin nombrarlo, a Diego Maradona fue dedicado el triunfo.<\/p>\n\n\n\n<p><strong>Cuando debutaste, \u00bfte ten\u00edas fe? \u00bfConsiderabas que ten\u00edas herramientas para lograrlo? \u00bfSo\u00f1abas con la final?<\/strong><\/p>\n\n\n\n<p>-Cuando ingres\u00e9, no me lo imagin\u00e9, pero, a medida que avanzaba en el certamen y fui aprendiendo gala a gala, quer\u00eda llegar lo m\u00e1s adelante posible. La \u00faltima semana decret\u00e9 que me quedaba hasta la final.<\/p>\n\n\n\n<p>Se qued\u00f3 y gan\u00f3. Desde aquel 5 de octubre en el que se inici\u00f3 la temporada, atraves\u00f3 todo tipo de desaf\u00edos gastron\u00f3micos, aunque siempre cont\u00f3 con el apoyo del jurado. Donato de Santis, Dami\u00e1n Betular y Germ\u00e1n Martitegui reconocieron en ella sus valores frente a las hornallas, su manera de preparar manjares gustosos con aires tradicionales y sin rebusques, y su predisposici\u00f3n a escuchar sugerencias, aprender de las cr\u00edticas y sostener, a rajatabla, un notable perfil bajo pese a lo que implica su nombre para los argentinos y para buena parte del mundo.<\/p>\n\n\n\n<p><strong>-\u00bfTomar\u00e1s el curso de cocina de un a\u00f1o que forma parte del galard\u00f3n?<\/strong><\/p>\n\n\n\n<p>-El curso lo voy hacer de una, ya hab\u00eda averiguado durante el certamen para poder hacerlo.<\/p>\n\n\n\n<p><strong>-\u00bfQu\u00e9 har\u00e1s con el mill\u00f3n de pesos ganado?<\/strong><\/p>\n\n\n\n<p>-Mi deseo es poder seguir ayudando a fundaciones que conozco y que ayudo desde hace tiempo.<\/p>\n\n\n\n<figure class=\"wp-block-image\" id=\"figure_3583605\"><img decoding=\"async\" src=\"https:\/\/bucket2.glanacion.com\/anexos\/fotos\/05\/3583605w380.jpg\" alt=\"Claudia Villafa\u00f1e y Santiago del Moro, minutos despu\u00e9s del gran triunfo de la concursante\"\/><figcaption>Claudia Villafa\u00f1e y Santiago del Moro, minutos despu\u00e9s del gran triunfo de la concursante&nbsp;Cr\u00e9dito: Gentileza Telefe<\/figcaption><\/figure>\n\n\n\n<p>Villafa\u00f1e no se olvida de todos aquellos que estuvieron presentes a lo largo de toda la competencia. A los que la apoyaron cuando atraves\u00f3 el duelo por la muerte de su exmarido Diego Armando Maradona, sucedida el \u00faltimo 25 de noviembre. Ese d\u00eda, Claudia no grababa el programa, lo cual le permiti\u00f3 llegar hasta el lugar del deceso del padre de Dalma y Gianina en pocos minutos. Solo se tom\u00f3 un breve par\u00e9ntesis y, en pocas horas, regres\u00f3 a los estudios de Telefe para continuar con su misi\u00f3n en\u00a0<em>MasterChef Celebrity<\/em>, el programa que para ella tambi\u00e9n se convirti\u00f3 en una terapia para atravesar el dolor y ese, quiz\u00e1s, fue el mejor premio. \u00abQuiero agradecer a toda la gente que se tom\u00f3 un minuto de su tiempo para mandarme un mensaje y hacerme el aguante durante todo el certamen\u00bb, dice.Las l\u00e1grimas de Pampita al ver un video de su hija Blanca durante el anuncio de su embarazo<\/p>\n\n\n\n<p><strong>-\u00bfParticipar\u00edas, nuevamente, en un reality televisivo?<\/strong><\/p>\n\n\n\n<p>-Si es como&nbsp;<em>MasterChef Celebrity<\/em>, s\u00ed.<\/p>\n\n\n\n<p><strong>-De ahora en m\u00e1s, \u00bfte ves m\u00e1s inmersa en la tele o emprendiendo un proyecto gastron\u00f3mico?<\/strong><\/p>\n\n\n\n<p>-Depende, si es tele tiene que ser algo como lo que hice. En cuanto a lo gastron\u00f3mico, me gustar\u00eda ir a alg\u00fan lugar, una vez por semana, a cocinar. Se puede so\u00f1ar, \u00bfno?<\/p>\n\n\n\n<p class=\"has-text-align-right\"><strong><em>La Naci\u00f3n.-<\/em><\/strong><\/p>\n","protected":false},"excerpt":{"rendered":"<p>Mostr\u00f3 en sus redes sociales el momento en el que conoci\u00f3 la noticia<\/p>\n","protected":false},"author":2,"featured_media":3502,"comment_status":"open","ping_status":"open","sticky":false,"template":"","format":"standard","meta":{"jnews-multi-image_gallery":[],"jnews_single_post":[],"jnews_primary_category":[],"jnews_social_meta":[],"jnews_review":[],"enable_review":"","type":"","name":"","summary":"","brand":"","sku":"","good":[],"bad":[],"score_override":"","override_value":"","rating":[],"price":[],"jnews_override_counter":[],"jnews_post_split":[],"footnotes":""},"categories":[50],"tags":[44,495,45],"class_list":["post-3501","post","type-post","status-publish","format-standard","has-post-thumbnail","hentry","category-entretenimiento","tag-argentina","tag-master-chef","tag-noticias"],"amp_enabled":true,"_links":{"self":[{"href":"https:\/\/esreviral.com\/index.php?rest_route=\/wp\/v2\/posts\/3501"}],"collection":[{"href":"https:\/\/esreviral.com\/index.php?rest_route=\/wp\/v2\/posts"}],"about":[{"href":"https:\/\/esreviral.com\/index.php?rest_route=\/wp\/v2\/types\/post"}],"author":[{"embeddable":true,"href":"https:\/\/esreviral.com\/index.php?rest_route=\/wp\/v2\/users\/2"}],"replies":[{"embeddable":true,"href":"https:\/\/esreviral.com\/index.php?rest_route=%2Fwp%2Fv2%2Fcomments&post=3501"}],"version-history":[{"count":0,"href":"https:\/\/esreviral.com\/index.php?rest_route=\/wp\/v2\/posts\/3501\/revisions"}],"wp:featuredmedia":[{"embeddable":true,"href":"https:\/\/esreviral.com\/index.php?rest_route=\/"}],"wp:attachment":[{"href":"https:\/\/esreviral.com\/index.php?rest_route=%2Fwp%2Fv2%2Fmedia&parent=3501"}],"wp:term":[{"taxonomy":"category","embeddable":true,"href":"https:\/\/esreviral.com\/index.php?rest_route=%2Fwp%2Fv2%2Fcategories&post=3501"},{"taxonomy":"post_tag","embeddable":true,"href":"https:\/\/esreviral.com\/index.php?rest_route=%2Fwp%2Fv2%2Ftags&post=3501"}],"curies":[{"name":"wp","href":"https:\/\/api.w.org\/{rel}","templated":true}]}}