{"id":34963,"date":"2023-04-17T16:01:13","date_gmt":"2023-04-17T21:01:13","guid":{"rendered":"https:\/\/esreviral.com\/?p=34963"},"modified":"2023-04-17T16:01:15","modified_gmt":"2023-04-17T21:01:15","slug":"lenceria-erotica-y-un-condon-usado-la-escena-del-crimen-en-el-que-murio-una-brasilena-en-buenos-aires","status":"publish","type":"post","link":"https:\/\/esreviral.com\/?p=34963","title":{"rendered":"Lencer\u00eda er\u00f3tica y un cond\u00f3n usado: la escena del crimen en el que muri\u00f3 una brasile\u00f1a en Buenos Aires"},"content":{"rendered":"\n<p>La incertidrumbre contin\u00faa en torno a la muerte de <strong>Emmily Rodrigues Santos Gomes (26)<\/strong>, la modelo brasile\u00f1a que muri\u00f3 tras caer desde el sexto piso de un edificio de Retiro, en la ciudad de Buenos Aires. La querella est\u00e1 convencida que tanto el imputado\u00a0<strong>Francisco S\u00e1enz Valiente (52)<\/strong>\u00a0como las tres mujeres que declararon como testigos <strong>mintieron cuando dijeron que esa madrugada no hubo sexo,<\/strong> a partir del an\u00e1lisis de la escena donde se hallaron preservativos usados y un kit de lencer\u00eda er\u00f3tica.<\/p>\n\n\n\n<p>\u00abEl hallazgo de un preservativo usado en el lugar del hecho en principio contradice o descarta las versiones del propio imputado y de sus amigas, quienes manifestaron que esa noche no hubo ninguna actividad sexual\u00bb, dijo a&nbsp;<em>T\u00e9lam&nbsp;<\/em>Ignacio Trimarco, el abogado que representa a los padres de Emmily en el expediente.<\/p>\n\n\n\n<p>El letrado se refiere a las declaraciones que brindaron en la causa las otras tres mujeres que a lo largo de esa madrugada del\u00a0<strong>30 de marzo pasado<\/strong>\u00a0estuvieron en el departamento del empresario minero y del agro detenido por el caso y que fueron su amiga argentina L\u00eda Figueroa Alves -la primera en retirarse cuando vio alterada a Emmily-, la cubana Dafne Santana &#8211; quien tambi\u00e9n se retir\u00f3 antes de que su amiga cayera al vac\u00edo-, y la m\u00e9dica brasile\u00f1a Juliana Magalhaes Mourao -\u00fanica testigo presencial del hecho-.<\/p>\n\n\n\n<figure class=\"wp-block-image size-large\"><img decoding=\"async\" src=\"https:\/\/www.clarin.com\/img\/2023\/04\/13\/RP0f3gwoT_720x0__1.jpg\" alt=\"\"\/><\/figure>\n\n\n\n<p>\u00abSi las testigos que se fueron antes, es decir L\u00eda y Dafne, no vieron ninguna actividad sexual, deber\u00edamos entender que <strong>cuando quedaron Francisco y Juliana fue cuando se us\u00f3 ese preservativo y surge el interrogante de si esto fue as\u00ed, por qu\u00e9 no lo relataron ni en su testimonial ni en su indagatoria\u00bb<\/strong>, se pregunt\u00f3 el abogado.<\/p>\n\n\n\n<p>Trimarco, quien record\u00f3 que\u00a0<strong>la v\u00edctima cay\u00f3 \u00abcompletamente desnuda\u00bb<\/strong>, afirm\u00f3 que todo este an\u00e1lisis \u00ababre una hip\u00f3tesis: que <strong>a Emmily le hayan suministrado drogas, que hayan intentado abusar de ella sexualmente<\/strong> y que en alg\u00fan momento ella se resisti\u00f3 y ah\u00ed comenz\u00f3 su ataque de furia, nervios y excitaci\u00f3n donde pidi\u00f3 ayuda a la Polic\u00eda y, en funci\u00f3n de eso, se produce su muerte\u00bb.<\/p>\n\n\n\n<figure class=\"wp-block-image size-large\"><img decoding=\"async\" src=\"https:\/\/www.clarin.com\/img\/2023\/04\/13\/itFOmNKv9_720x0__1.jpg\" alt=\"\"\/><\/figure>\n\n\n\n<p>El letrado querellante record\u00f3 adem\u00e1s que este caso debe tratarse bajo \u00abel protocolo de investigaci\u00f3n de la Unidad Fiscal Especializada en Violencia contra las Mujeres (UFEM), que indica que en toda investigaci\u00f3n de la muerte violenta de una mujer, se considerar\u00e1 la posibilidad de que haya habido una violencia sexual anterior o posterior a la muerte\u00bb.Emmily Rodr\u00edgues Santos G\u00f3mes (26) muri\u00f3 el 30 de marzo al caer de un sexto piso. Francisco S\u00e1enz Valiente (52), empresario agropecuario, est\u00e1 detenido por \u00abhomicidio agravado\u00bb.<\/p>\n\n\n\n<p><strong><mark style=\"background-color:rgba(0, 0, 0, 0)\" class=\"has-inline-color has-vivid-red-color\">El caso<\/mark><\/strong><\/p>\n\n\n\n<p>La noche del mi\u00e9rcoles 29 de marzo \u00faltimo, Emmily fue a cenar al restaurante Gardiner, de Costanera Norte, con Magalhaes Mourao y Santana, de all\u00ed fue al bar Isabel, de Palermo, y finalmente la madrugada del jueves 30 fue al departamento de S\u00e1enz Valiente en el sexto piso del edificio de la calle Libertad 1542, en Retiro.<\/p>\n\n\n\n<p>De acuerdo a los investigadores, tras una madrugada de excesos, Rodrigues sufri\u00f3 un ataque de nervios y a las 9.18 termin\u00f3 cayendo por una ventana desnuda al patio interno del pulm\u00f3n de manzana del edificio, en una muerte que la Justicia intenta dilucidar si se trat\u00f3 de un homicidio o de un suicidio en el marco de alg\u00fan tipo de ingesta de estupefacientes.El edificio de la calle Libertad. <\/p>\n\n\n\n<p class=\"has-text-align-right\"><strong><em>Clar\u00edn.-<\/em><\/strong><\/p>\n","protected":false},"excerpt":{"rendered":"<p>La incertidrumbre contin\u00faa en torno a la muerte de Emmily Rodrigues Santos Gomes (26), la modelo brasile\u00f1a que muri\u00f3 tras caer desde el sexto piso de un edificio de Retiro, en la ciudad de Buenos Aires. La querella est\u00e1 convencida que tanto el imputado\u00a0Francisco S\u00e1enz Valiente (52)\u00a0como las tres mujeres que declararon como testigos mintieron [&hellip;]<\/p>\n","protected":false},"author":2,"featured_media":34964,"comment_status":"open","ping_status":"closed","sticky":false,"template":"","format":"standard","meta":{"jnews-multi-image_gallery":[],"jnews_single_post":{"subtitle":"","format":"standard","video":"","gallery":"","source_name":"","source_url":"","via_name":"","via_url":"","override_template":"0","override":[{"template":"4","single_blog_custom":"","parallax":"1","fullscreen":"1","layout":"right-sidebar","sidebar":"default-sidebar","second_sidebar":"default-sidebar","sticky_sidebar":"1","share_position":"top","share_float_style":"share-monocrhome","show_share_counter":"1","show_view_counter":"1","show_featured":"1","show_post_meta":"1","show_post_author":"1","show_post_author_image":"1","show_post_date":"1","post_date_format":"default","post_date_format_custom":"Y\/m\/d","show_post_category":"1","show_post_reading_time":"1","post_reading_time_wpm":"300","show_zoom_button":"1","zoom_button_out_step":"2","zoom_button_in_step":"3","show_post_tag":"1","show_prev_next_post":"1","show_popup_post":"1","number_popup_post":"1","show_author_box":"1","show_post_related":"1","show_inline_post_related":"0"}],"override_image_size":"0","image_override":[{"single_post_thumbnail_size":"crop-500","single_post_gallery_size":"crop-500"}],"trending_post":"0","trending_post_position":"meta","trending_post_label":"Trending","sponsored_post":"0","sponsored_post_label":"Sponsored by","sponsored_post_name":"","sponsored_post_url":"","sponsored_post_logo_enable":"0","sponsored_post_logo":"","sponsored_post_desc":"","disable_ad":"0"},"jnews_primary_category":{"id":"","hide":""},"jnews_social_meta":{"fb_title":"","fb_description":"","fb_image":"","twitter_title":"","twitter_description":"","twitter_image":""},"jnews_review":[],"enable_review":"0","type":"percentage","name":"","summary":"","brand":"","sku":"","good":[{"good_text":""}],"bad":[{"bad_text":""}],"score_override":"","override_value":"","rating":[{"rating_text":"","rating_number":"10"}],"price":[{"shop":"","price":"","link":"","icon":""}],"jnews_override_counter":{"override_view_counter":"0","view_counter_number":"0","override_share_counter":"0","share_counter_number":"0","override_like_counter":"0","like_counter_number":"0","override_dislike_counter":"0","dislike_counter_number":"0"},"jnews_post_split":{"enable_post_split":"0","post_split":[{"template":"1","tag":"h2","numbering":"asc","mode":"normal","first":"0","enable_toc":"0","toc_type":"normal"}]},"footnotes":""},"categories":[64],"tags":[8960,8959,45,3487],"class_list":["post-34963","post","type-post","status-publish","format-standard","has-post-thumbnail","hentry","category-sucesos","tag-brasilenos-en-argentina","tag-emmily-rodrigues-santos-gomes","tag-noticias","tag-retiro"],"amp_enabled":true,"_links":{"self":[{"href":"https:\/\/esreviral.com\/index.php?rest_route=\/wp\/v2\/posts\/34963"}],"collection":[{"href":"https:\/\/esreviral.com\/index.php?rest_route=\/wp\/v2\/posts"}],"about":[{"href":"https:\/\/esreviral.com\/index.php?rest_route=\/wp\/v2\/types\/post"}],"author":[{"embeddable":true,"href":"https:\/\/esreviral.com\/index.php?rest_route=\/wp\/v2\/users\/2"}],"replies":[{"embeddable":true,"href":"https:\/\/esreviral.com\/index.php?rest_route=%2Fwp%2Fv2%2Fcomments&post=34963"}],"version-history":[{"count":0,"href":"https:\/\/esreviral.com\/index.php?rest_route=\/wp\/v2\/posts\/34963\/revisions"}],"wp:featuredmedia":[{"embeddable":true,"href":"https:\/\/esreviral.com\/index.php?rest_route=\/wp\/v2\/media\/34964"}],"wp:attachment":[{"href":"https:\/\/esreviral.com\/index.php?rest_route=%2Fwp%2Fv2%2Fmedia&parent=34963"}],"wp:term":[{"taxonomy":"category","embeddable":true,"href":"https:\/\/esreviral.com\/index.php?rest_route=%2Fwp%2Fv2%2Fcategories&post=34963"},{"taxonomy":"post_tag","embeddable":true,"href":"https:\/\/esreviral.com\/index.php?rest_route=%2Fwp%2Fv2%2Ftags&post=34963"}],"curies":[{"name":"wp","href":"https:\/\/api.w.org\/{rel}","templated":true}]}}