{"id":34953,"date":"2023-04-17T14:49:23","date_gmt":"2023-04-17T19:49:23","guid":{"rendered":"https:\/\/esreviral.com\/?p=34953"},"modified":"2023-04-17T14:49:24","modified_gmt":"2023-04-17T19:49:24","slug":"presidente-argentino-todos-somos-conscientes-de-lo-que-cuesta-ir-al-supermercado-y-pagar-el-alquiler","status":"publish","type":"post","link":"https:\/\/esreviral.com\/?p=34953","title":{"rendered":"Presidente argentino: \u00abTodos somos conscientes de lo que cuesta ir al supermercado y pagar el alquiler\u00bb"},"content":{"rendered":"\n<p><strong>Alberto Fern\u00e1ndez\u00a0present\u00f3 este lunes el programa Mi Pueblo Conectado<\/strong>\u00a0en la localidad de Benav\u00eddez y durante el acto que encabez\u00f3 en la localidad del partido bonaerense de Tigre hizo referencia a la situaci\u00f3n econ\u00f3mica que atraviesa el pa\u00eds al declarar que\u00a0<strong>su administraci\u00f3n es consciente\u00a0de\u00a0\u00ablo que cuesta ir al supermercado y pagar el alquiler\u00bb<\/strong>.\u00a0<\/p>\n\n\n\n<p>Acompa\u00f1ado por el jefe de Gabinete,&nbsp;<strong>Agust\u00edn Rossi<\/strong>; por el ministro de Interior,&nbsp;<strong>Eduardo \u00abWado\u00bb&nbsp;de Pedro<\/strong>; por la secretaria de Innovaci\u00f3n P\u00fablica,&nbsp;<strong>Micaela S\u00e1nchez Malcom<\/strong>, y por el presidente de Arsat,&nbsp;<strong>Facundo Leal<\/strong>, el Presidente puso en marcha la&nbsp;<strong>iniciativa con la que se proveer\u00e1 Internet a quienes habitan 377 localidades argentinas que actualmente no cuentan con este servicio<\/strong>.<\/p>\n\n\n\n<p>Durante su discurso, Fern\u00e1ndez se refiri\u00f3 a\u00a0\u00abalguna declaraci\u00f3n\u00bb\u00a0que se\u00f1alaba que los argentinos\u00a0\u00abestaban muy decepcionados por los \u00faltimos 8 a\u00f1os porque la pol\u00edtica no da respuesta\u00bb\u00a0y, en ese sentido,\u00a0<strong>coment\u00f3 diferencias entre los cuatro a\u00f1os de la administraci\u00f3n de Mauricio Macri y los que \u00e9l encabez\u00f3 desde el 10 de diciembre de 2019.<\/strong><\/p>\n\n\n\n<p>\u00abLa decepci\u00f3n debe haber sido muy distinta. La decepci\u00f3n de los cuatro a\u00f1os que precedieron a nuestro Gobierno tienen que ver con tiempos en los que la desocupaci\u00f3n creci\u00f3, donde la inflaci\u00f3n lleg\u00f3 al 54%, donde el pa\u00eds se endeud\u00f3 de una manera que no se hab\u00eda endeudado, donde se fugaron 23 mil millones de d\u00f3lares en dos meses. La decepci\u00f3n del presente tiene que ver con que se hayan creado 600 mil puestos de trabajo registrado\u00bb, consider\u00f3.<\/p>\n\n\n\n<p>Luego, destac\u00f3 que, aunque se\u00a0<strong>llevan\u00a0<\/strong><em><strong>\u00ab30 meses consecutivos de <\/strong><\/em><strong>crecimiento<\/strong><em><strong> de trabajo registrado, hay temas que nos quedan por resolver y que nos preocupan<\/strong>\u00ab<\/em>, entre ellos, el de la inflaci\u00f3n y la deuda con organismos multilaterales.<\/p>\n\n\n\n<p>\u00abAunque tuvimos que asumir el tema de la deuda\u00a0<strong>fuimos lo suficientemente despiertos para decirle al Fondo que se ponga una cl\u00e1usula<\/strong>: si las condiciones econ\u00f3micas que este programa proyecta no se cumplen por razones ajenas a la voluntad de la pol\u00edtica argentina, entonces tendremos que repensarlo.\u00a0<strong>Y ese es el enorme trabajo que est\u00e1 haciendo Sergio (Massa) hoy<\/strong>\u00ab, dijo el presidente.<\/p>\n\n\n\n<p class=\"has-text-align-right\"><strong><em>Cr\u00f3nica.-<\/em><\/strong><\/p>\n","protected":false},"excerpt":{"rendered":"<p>Alberto Fern\u00e1ndez\u00a0present\u00f3 este lunes el programa Mi Pueblo Conectado\u00a0en la localidad de Benav\u00eddez y durante el acto que encabez\u00f3 en la localidad del partido bonaerense de Tigre hizo referencia a la situaci\u00f3n econ\u00f3mica que atraviesa el pa\u00eds al declarar que\u00a0su administraci\u00f3n es consciente\u00a0de\u00a0\u00ablo que cuesta ir al supermercado y pagar el alquiler\u00bb.\u00a0 Acompa\u00f1ado por el [&hellip;]<\/p>\n","protected":false},"author":2,"featured_media":34954,"comment_status":"open","ping_status":"closed","sticky":false,"template":"","format":"standard","meta":{"jnews-multi-image_gallery":[],"jnews_single_post":{"subtitle":"","format":"standard","video":"","gallery":"","source_name":"","source_url":"","via_name":"","via_url":"","override_template":"0","override":[{"template":"4","single_blog_custom":"","parallax":"1","fullscreen":"1","layout":"right-sidebar","sidebar":"default-sidebar","second_sidebar":"default-sidebar","sticky_sidebar":"1","share_position":"top","share_float_style":"share-monocrhome","show_share_counter":"1","show_view_counter":"1","show_featured":"1","show_post_meta":"1","show_post_author":"1","show_post_author_image":"1","show_post_date":"1","post_date_format":"default","post_date_format_custom":"Y\/m\/d","show_post_category":"1","show_post_reading_time":"1","post_reading_time_wpm":"300","show_zoom_button":"1","zoom_button_out_step":"2","zoom_button_in_step":"3","show_post_tag":"1","show_prev_next_post":"1","show_popup_post":"1","number_popup_post":"1","show_author_box":"1","show_post_related":"1","show_inline_post_related":"0"}],"override_image_size":"0","image_override":[{"single_post_thumbnail_size":"crop-500","single_post_gallery_size":"crop-500"}],"trending_post":"0","trending_post_position":"meta","trending_post_label":"Trending","sponsored_post":"0","sponsored_post_label":"Sponsored by","sponsored_post_name":"","sponsored_post_url":"","sponsored_post_logo_enable":"0","sponsored_post_logo":"","sponsored_post_desc":"","disable_ad":"0"},"jnews_primary_category":{"id":"","hide":""},"jnews_social_meta":{"fb_title":"","fb_description":"","fb_image":"","twitter_title":"","twitter_description":"","twitter_image":""},"jnews_review":[],"enable_review":"0","type":"percentage","name":"","summary":"","brand":"","sku":"","good":[{"good_text":""}],"bad":[{"bad_text":""}],"score_override":"","override_value":"","rating":[{"rating_text":"","rating_number":"10"}],"price":[{"shop":"","price":"","link":"","icon":""}],"jnews_override_counter":{"override_view_counter":"0","view_counter_number":"0","override_share_counter":"0","share_counter_number":"0","override_like_counter":"0","like_counter_number":"0","override_dislike_counter":"0","dislike_counter_number":"0"},"jnews_post_split":{"enable_post_split":"0","post_split":[{"template":"1","tag":"h2","numbering":"asc","mode":"normal","first":"0","enable_toc":"0","toc_type":"normal"}]},"footnotes":""},"categories":[58,61],"tags":[86,44,62,268,45],"class_list":["post-34953","post","type-post","status-publish","format-standard","has-post-thumbnail","hentry","category-argentina","category-economia","tag-alberto-fernandez","tag-argentina","tag-economia","tag-inflacion","tag-noticias"],"amp_enabled":true,"_links":{"self":[{"href":"https:\/\/esreviral.com\/index.php?rest_route=\/wp\/v2\/posts\/34953"}],"collection":[{"href":"https:\/\/esreviral.com\/index.php?rest_route=\/wp\/v2\/posts"}],"about":[{"href":"https:\/\/esreviral.com\/index.php?rest_route=\/wp\/v2\/types\/post"}],"author":[{"embeddable":true,"href":"https:\/\/esreviral.com\/index.php?rest_route=\/wp\/v2\/users\/2"}],"replies":[{"embeddable":true,"href":"https:\/\/esreviral.com\/index.php?rest_route=%2Fwp%2Fv2%2Fcomments&post=34953"}],"version-history":[{"count":0,"href":"https:\/\/esreviral.com\/index.php?rest_route=\/wp\/v2\/posts\/34953\/revisions"}],"wp:featuredmedia":[{"embeddable":true,"href":"https:\/\/esreviral.com\/index.php?rest_route=\/wp\/v2\/media\/34954"}],"wp:attachment":[{"href":"https:\/\/esreviral.com\/index.php?rest_route=%2Fwp%2Fv2%2Fmedia&parent=34953"}],"wp:term":[{"taxonomy":"category","embeddable":true,"href":"https:\/\/esreviral.com\/index.php?rest_route=%2Fwp%2Fv2%2Fcategories&post=34953"},{"taxonomy":"post_tag","embeddable":true,"href":"https:\/\/esreviral.com\/index.php?rest_route=%2Fwp%2Fv2%2Ftags&post=34953"}],"curies":[{"name":"wp","href":"https:\/\/api.w.org\/{rel}","templated":true}]}}