{"id":34950,"date":"2023-04-17T14:43:15","date_gmt":"2023-04-17T19:43:15","guid":{"rendered":"https:\/\/esreviral.com\/?p=34950"},"modified":"2023-04-17T14:43:16","modified_gmt":"2023-04-17T19:43:16","slug":"petro-en-nueva-york-busca-que-levanten-las-sanciones-a-venezuela","status":"publish","type":"post","link":"https:\/\/esreviral.com\/?p=34950","title":{"rendered":"Petro en Nueva York busca que levanten las sanciones a Venezuela"},"content":{"rendered":"\n<p>El presidente de Colombia,&nbsp;<strong>Gustavo Petro<\/strong>, asegur\u00f3 este lunes que dialogar\u00e1 esta semana con su hom\u00f3logo estadounidense,&nbsp;<strong>Joe Biden<\/strong>, sobre un&nbsp;<strong>posible levantamiento de las sanciones a Venezuela,<\/strong>&nbsp;un asunto que ser\u00e1 eje central de la cumbre convocada por su Gobierno para la pr\u00f3xima semana en Bogot\u00e1.<\/p>\n\n\n\n<p><strong>\u00abM\u00e1s democracia, cero sanciones, es el objetivo de la conferencia en Bogot\u00e1\u00bb<\/strong>, adelant\u00f3 Petro en declaraciones en la sede de la ONU en Nueva York, primera escala de la visita que efect\u00faa a Estados Unidos y que el jueves le llevar\u00e1 a entrevistarse con Biden.<\/p>\n\n\n\n<p>Preguntado por los periodistas sobre si abordar\u00e1 con \u00e9l la cuesti\u00f3n de las sanciones a Venezuela, Petro dijo que&nbsp;<strong>\u00abes un tema a dialogar\u00bb.<\/strong><\/p>\n\n\n\n<p>Adem\u00e1s de Estados Unidos, la Uni\u00f3n Europea y pa\u00edses como Canad\u00e1 han impuesto en los \u00faltimos a\u00f1os castigos contra Venezuela en respuesta a las acciones del Gobierno de Nicol\u00e1s Maduro.<\/p>\n\n\n\n<p>Con el fin de desatascar el proceso de negociaciones entre el Gobierno y la oposici\u00f3n venezolana,&nbsp;<strong>Colombia convoc\u00f3 para el pr\u00f3ximo 25 de abril una reuni\u00f3n internacional&nbsp;<\/strong>en la que est\u00e1 previsto que participen representantes de Estados Unidos, de pa\u00edses europeos y de varios estados latinoamericanos.<\/p>\n\n\n\n<p>Petro insisti\u00f3 que en esa cita se buscar\u00e1 principalmente&nbsp;<strong>\u00abque no haya sanciones\u00bb&nbsp;<\/strong>y que&nbsp;<strong>\u00abhaya mucha m\u00e1s democracia\u00bb.<\/strong><\/p>\n","protected":false},"excerpt":{"rendered":"<p>El presidente de Colombia,&nbsp;Gustavo Petro, asegur\u00f3 este lunes que dialogar\u00e1 esta semana con su hom\u00f3logo estadounidense,&nbsp;Joe Biden, sobre un&nbsp;posible levantamiento de las sanciones a Venezuela,&nbsp;un asunto que ser\u00e1 eje central de la cumbre convocada por su Gobierno para la pr\u00f3xima semana en Bogot\u00e1. \u00abM\u00e1s democracia, cero sanciones, es el objetivo de la conferencia en Bogot\u00e1\u00bb, [&hellip;]<\/p>\n","protected":false},"author":2,"featured_media":34951,"comment_status":"open","ping_status":"closed","sticky":false,"template":"","format":"standard","meta":{"jnews-multi-image_gallery":[],"jnews_single_post":{"subtitle":"","format":"standard","video":"","gallery":"","source_name":"","source_url":"","via_name":"","via_url":"","override_template":"0","override":[{"template":"4","single_blog_custom":"","parallax":"1","fullscreen":"1","layout":"right-sidebar","sidebar":"default-sidebar","second_sidebar":"default-sidebar","sticky_sidebar":"1","share_position":"top","share_float_style":"share-monocrhome","show_share_counter":"1","show_view_counter":"1","show_featured":"1","show_post_meta":"1","show_post_author":"1","show_post_author_image":"1","show_post_date":"1","post_date_format":"default","post_date_format_custom":"Y\/m\/d","show_post_category":"1","show_post_reading_time":"1","post_reading_time_wpm":"300","show_zoom_button":"1","zoom_button_out_step":"2","zoom_button_in_step":"3","show_post_tag":"1","show_prev_next_post":"1","show_popup_post":"1","number_popup_post":"1","show_author_box":"1","show_post_related":"1","show_inline_post_related":"0"}],"override_image_size":"0","image_override":[{"single_post_thumbnail_size":"crop-500","single_post_gallery_size":"crop-500"}],"trending_post":"0","trending_post_position":"meta","trending_post_label":"Trending","sponsored_post":"0","sponsored_post_label":"Sponsored by","sponsored_post_name":"","sponsored_post_url":"","sponsored_post_logo_enable":"0","sponsored_post_logo":"","sponsored_post_desc":"","disable_ad":"0"},"jnews_primary_category":{"id":"","hide":""},"jnews_social_meta":{"fb_title":"","fb_description":"","fb_image":"","twitter_title":"","twitter_description":"","twitter_image":""},"jnews_review":[],"enable_review":"0","type":"percentage","name":"","summary":"","brand":"","sku":"","good":[{"good_text":""}],"bad":[{"bad_text":""}],"score_override":"","override_value":"","rating":[{"rating_text":"","rating_number":"10"}],"price":[{"shop":"","price":"","link":"","icon":""}],"jnews_override_counter":{"override_view_counter":"0","view_counter_number":"0","override_share_counter":"0","share_counter_number":"0","override_like_counter":"0","like_counter_number":"0","override_dislike_counter":"0","dislike_counter_number":"0"},"jnews_post_split":{"enable_post_split":"0","post_split":[{"template":"1","tag":"h2","numbering":"asc","mode":"normal","first":"0","enable_toc":"0","toc_type":"normal"}]},"footnotes":""},"categories":[88,59],"tags":[184,1549,82,45,1434,743],"class_list":["post-34950","post","type-post","status-publish","format-standard","has-post-thumbnail","hentry","category-internacionales","category-politica","tag-biden","tag-gustavo-petro","tag-maduro","tag-noticias","tag-onu","tag-venezolanos-en-colombia"],"amp_enabled":true,"_links":{"self":[{"href":"https:\/\/esreviral.com\/index.php?rest_route=\/wp\/v2\/posts\/34950"}],"collection":[{"href":"https:\/\/esreviral.com\/index.php?rest_route=\/wp\/v2\/posts"}],"about":[{"href":"https:\/\/esreviral.com\/index.php?rest_route=\/wp\/v2\/types\/post"}],"author":[{"embeddable":true,"href":"https:\/\/esreviral.com\/index.php?rest_route=\/wp\/v2\/users\/2"}],"replies":[{"embeddable":true,"href":"https:\/\/esreviral.com\/index.php?rest_route=%2Fwp%2Fv2%2Fcomments&post=34950"}],"version-history":[{"count":0,"href":"https:\/\/esreviral.com\/index.php?rest_route=\/wp\/v2\/posts\/34950\/revisions"}],"wp:featuredmedia":[{"embeddable":true,"href":"https:\/\/esreviral.com\/index.php?rest_route=\/wp\/v2\/media\/34951"}],"wp:attachment":[{"href":"https:\/\/esreviral.com\/index.php?rest_route=%2Fwp%2Fv2%2Fmedia&parent=34950"}],"wp:term":[{"taxonomy":"category","embeddable":true,"href":"https:\/\/esreviral.com\/index.php?rest_route=%2Fwp%2Fv2%2Fcategories&post=34950"},{"taxonomy":"post_tag","embeddable":true,"href":"https:\/\/esreviral.com\/index.php?rest_route=%2Fwp%2Fv2%2Ftags&post=34950"}],"curies":[{"name":"wp","href":"https:\/\/api.w.org\/{rel}","templated":true}]}}