{"id":34933,"date":"2023-04-17T12:20:20","date_gmt":"2023-04-17T17:20:20","guid":{"rendered":"https:\/\/esreviral.com\/?p=34933"},"modified":"2023-04-17T12:20:21","modified_gmt":"2023-04-17T17:20:21","slug":"un-hombre-ira-a-prision-por-golpear-a-una-mujer-en-la-parada-de-un-colectivo","status":"publish","type":"post","link":"https:\/\/esreviral.com\/?p=34933","title":{"rendered":"Un hombre ir\u00e1 a prisi\u00f3n por golpear a una mujer en la parada de un colectivo"},"content":{"rendered":"\n<p>La Unidad de Flagrancia Sur de la Ciudad logr\u00f3 la sentencia de 6 meses y 15 d\u00edas de prisi\u00f3n de efectivo cumplimiento para un hombre imputado por amenazas simples y lesiones leves, agravadas por haber sido producidas en perjuicio de una mujer, mediando violencia de g\u00e9nero.<\/p>\n\n\n\n<p><br>El hecho ocurri\u00f3 por la tarde del 30 de marzo en una parada de colectivo, sobre la Av. Amancio Alcorta, en el barrio de Barracas, cuando el hombre agredi\u00f3 verbalmente a una mujer, quien le pidi\u00f3 que se aleje y se calle. Pero el hombre se le acerc\u00f3 a\u00fan m\u00e1s, por lo que la mujer lo alej\u00f3 de un empuj\u00f3n y luego el hombre la golpe\u00f3 en la pierna y en el rostro.<\/p>\n\n\n\n<p><br>El hombre fue detenido en el momento y la mujer debi\u00f3 ser atendida por personal del SAME.<\/p>\n\n\n\n<p><br>En la audiencia de intimaci\u00f3n, el hombre reconoci\u00f3 los hechos y se lleg\u00f3 a un acuerdo de avenimiento en el que se convino la pena de 6 meses y 15 d\u00edas de prisi\u00f3n para el hombre. El acuerdo ya fue homologado por el Juzgado PCyF 16.<\/p>\n\n\n\n<p class=\"has-text-align-right\"><strong><em>Prensa MP.-<\/em><\/strong><\/p>\n","protected":false},"excerpt":{"rendered":"<p>El hombre ya estaba detenido con prisi\u00f3n preventiva a pedido de la fiscal\u00eda desde el momento del hecho.<\/p>\n","protected":false},"author":3,"featured_media":34934,"comment_status":"open","ping_status":"closed","sticky":false,"template":"","format":"standard","meta":{"jnews-multi-image_gallery":[],"jnews_single_post":{"subtitle":"","format":"standard","video":"","gallery":"","source_name":"","source_url":"","via_name":"","via_url":"","override_template":"0","override":[{"template":"4","single_blog_custom":"","parallax":"1","fullscreen":"1","layout":"right-sidebar","sidebar":"default-sidebar","second_sidebar":"default-sidebar","sticky_sidebar":"1","share_position":"top","share_float_style":"share-monocrhome","show_share_counter":"1","show_view_counter":"1","show_featured":"1","show_post_meta":"1","show_post_author":"1","show_post_author_image":"1","show_post_date":"1","post_date_format":"default","post_date_format_custom":"Y\/m\/d","show_post_category":"1","show_post_reading_time":"1","post_reading_time_wpm":"300","show_zoom_button":"1","zoom_button_out_step":"2","zoom_button_in_step":"3","show_post_tag":"1","show_prev_next_post":"1","show_popup_post":"1","number_popup_post":"1","show_author_box":"1","show_post_related":"1","show_inline_post_related":"0"}],"override_image_size":"0","image_override":[{"single_post_thumbnail_size":"crop-500","single_post_gallery_size":"crop-500"}],"trending_post":"0","trending_post_position":"meta","trending_post_label":"Trending","sponsored_post":"0","sponsored_post_label":"Sponsored by","sponsored_post_name":"","sponsored_post_url":"","sponsored_post_logo_enable":"0","sponsored_post_logo":"","sponsored_post_desc":"","disable_ad":"0"},"jnews_primary_category":{"id":"","hide":""},"jnews_social_meta":{"fb_title":"","fb_description":"","fb_image":"","twitter_title":"","twitter_description":"","twitter_image":""},"jnews_review":[],"enable_review":"0","type":"percentage","name":"","summary":"","brand":"","sku":"","good":[{"good_text":""}],"bad":[{"bad_text":""}],"score_override":"","override_value":"","rating":[{"rating_text":"","rating_number":"10"}],"price":[{"shop":"","price":"","link":"","icon":""}],"jnews_override_counter":{"override_view_counter":"0","view_counter_number":"0","override_share_counter":"0","share_counter_number":"0","override_like_counter":"0","like_counter_number":"0","override_dislike_counter":"0","dislike_counter_number":"0"},"jnews_post_split":{"enable_post_split":"0","post_split":[{"template":"1","tag":"h2","numbering":"asc","mode":"normal","first":"0","enable_toc":"0","toc_type":"normal"}]},"footnotes":""},"categories":[58,64],"tags":[44,8945,7742,45,8941,4010,310],"class_list":["post-34933","post","type-post","status-publish","format-standard","has-post-thumbnail","hentry","category-argentina","category-sucesos","tag-argentina","tag-av-amancio-alcorta","tag-barracas","tag-noticias","tag-parada-de-colectivo","tag-prision-preventiva","tag-violencia-de-genero"],"amp_enabled":true,"_links":{"self":[{"href":"https:\/\/esreviral.com\/index.php?rest_route=\/wp\/v2\/posts\/34933"}],"collection":[{"href":"https:\/\/esreviral.com\/index.php?rest_route=\/wp\/v2\/posts"}],"about":[{"href":"https:\/\/esreviral.com\/index.php?rest_route=\/wp\/v2\/types\/post"}],"author":[{"embeddable":true,"href":"https:\/\/esreviral.com\/index.php?rest_route=\/wp\/v2\/users\/3"}],"replies":[{"embeddable":true,"href":"https:\/\/esreviral.com\/index.php?rest_route=%2Fwp%2Fv2%2Fcomments&post=34933"}],"version-history":[{"count":0,"href":"https:\/\/esreviral.com\/index.php?rest_route=\/wp\/v2\/posts\/34933\/revisions"}],"wp:featuredmedia":[{"embeddable":true,"href":"https:\/\/esreviral.com\/index.php?rest_route=\/wp\/v2\/media\/34934"}],"wp:attachment":[{"href":"https:\/\/esreviral.com\/index.php?rest_route=%2Fwp%2Fv2%2Fmedia&parent=34933"}],"wp:term":[{"taxonomy":"category","embeddable":true,"href":"https:\/\/esreviral.com\/index.php?rest_route=%2Fwp%2Fv2%2Fcategories&post=34933"},{"taxonomy":"post_tag","embeddable":true,"href":"https:\/\/esreviral.com\/index.php?rest_route=%2Fwp%2Fv2%2Ftags&post=34933"}],"curies":[{"name":"wp","href":"https:\/\/api.w.org\/{rel}","templated":true}]}}