{"id":34860,"date":"2023-04-15T08:40:25","date_gmt":"2023-04-15T13:40:25","guid":{"rendered":"https:\/\/esreviral.com\/?p=34860"},"modified":"2023-04-15T08:40:26","modified_gmt":"2023-04-15T13:40:26","slug":"madre-venezolana-retiro-a-su-hijo-del-colegio-por-acoso-y-xenofobia-en-colombia","status":"publish","type":"post","link":"https:\/\/esreviral.com\/?p=34860","title":{"rendered":"Madre venezolana retir\u00f3 a su hijo del colegio por acoso y xenofobia en Colombia"},"content":{"rendered":"\n<p>Matilde Carrillo, venezolana que reside en Bogot\u00e1, Colombia, debi\u00f3 retirar a su hijo de 11 a\u00f1os de edad del colegio Sotavento I.E.D. por caso de xenofobia.<\/p>\n\n\n\n<p>Los compa\u00f1eros de clase del menor de edad le hac\u00edan bullying por ser extranjero. Adem\u00e1s, su profesora tambi\u00e9n actu\u00f3 en forma discriminatoria. De acuerdo con el diario\u00a0<em>El Tiempo,\u00a0<\/em>compa\u00f1eros de clase le mostraron un video para adultos al venezolano; y cuando la madre fue a denunciar, la docente la \u00abatac\u00f3\u00bb y culpabilizaron a su hijo.<\/p>\n\n\n\n<p>\u201cLa profesora que tiene problemas de xenofobia con mi hijo, en mi cara lo hizo. Ella se levant\u00f3 y dijo que hab\u00eda una mam\u00e1 que hab\u00eda denunciado el colegio; que hab\u00eda dicho lo que estaba sucediendo en el colegio, que eso no se hac\u00eda as\u00ed porque yo estaba perjudicando el colegio; o sea que yo me ten\u00eda que quedar callada\u201d, declar\u00f3 Carrillo a&nbsp;<em>El Tiempo.&nbsp;<\/em><\/p>\n\n\n\n<h2 class=\"wp-block-heading\"><mark style=\"background-color:rgba(0, 0, 0, 0)\" class=\"has-inline-color has-vivid-red-color\">Un buen estudiante v\u00edctima de xenofobia<\/mark><\/h2>\n\n\n\n<p>De acuerdo con Carillo, su hijo es un buen estudiante y&nbsp; siempre estaba presto a ir a clases. Sin embargo, la situaci\u00f3n cambi\u00f3 con el acoso escolar.<\/p>\n\n\n\n<p>\u201cMe extra\u00f1aba porque Gregorio no se quer\u00eda parar para el colegio; \u00e9l no se quer\u00eda levantar, y era raro porque siempre le gustaba estar en el colegio. Incluso cuando yo me sent\u00eda mal y no lo llevaba, peleaba conmigo\u201d, dijo la madre.<\/p>\n\n\n\n<p>Las autoridades del colegio Sotavento I.E.D. y la profesora involucrada han guardado silencio frente a las denuncias de la madre venezolana. Y, de acuerdo con el portal&nbsp;<em><a href=\"https:\/\/www.colombia.com\/actualidad\/nacionales\/madre-denuncia-que-tuvo-que-retirar-a-su-hijo-de-un-colegio-por-matoneo-y-xenofobia-398535\">Colombia.com<\/a>,&nbsp;<\/em>se espera que \u00abla Secretar\u00eda de Educaci\u00f3n del distrito tome cartas en este presunto caso de xenofobia\u00bb.<\/p>\n\n\n\n<p>El medio colombiano afirm\u00f3 que el ni\u00f1o, que cursa 5\u00b0 grado, recibe acompa\u00f1amiento psicol\u00f3gico.<\/p>\n\n\n\n<p class=\"has-text-align-right\"><strong><em>El Nacional.-<\/em><\/strong><\/p>\n\n\n\n<figure class=\"wp-block-embed is-type-video is-provider-youtube wp-block-embed-youtube wp-embed-aspect-16-9 wp-has-aspect-ratio\"><div class=\"wp-block-embed__wrapper\">\n<div class=\"jeg_video_container jeg_video_content\"><iframe title=\"Menor de 11 a\u00f1os habr\u00eda sufrido xenofobia en el colegio | El Tiempo\" width=\"500\" height=\"281\" src=\"https:\/\/www.youtube.com\/embed\/ACR_0bvacdE?feature=oembed\" frameborder=\"0\" allow=\"accelerometer; autoplay; clipboard-write; encrypted-media; gyroscope; picture-in-picture; web-share\" referrerpolicy=\"strict-origin-when-cross-origin\" allowfullscreen><\/iframe><\/div>\n<\/div><\/figure>\n","protected":false},"excerpt":{"rendered":"<p>Matilde Carrillo, venezolana que reside en Bogot\u00e1, Colombia, debi\u00f3 retirar a su hijo de 11 a\u00f1os de edad del colegio Sotavento I.E.D. por caso de xenofobia. Los compa\u00f1eros de clase del menor de edad le hac\u00edan bullying por ser extranjero. Adem\u00e1s, su profesora tambi\u00e9n actu\u00f3 en forma discriminatoria. De acuerdo con el diario\u00a0El Tiempo,\u00a0compa\u00f1eros de [&hellip;]<\/p>\n","protected":false},"author":2,"featured_media":34861,"comment_status":"open","ping_status":"closed","sticky":false,"template":"","format":"standard","meta":{"jnews-multi-image_gallery":[],"jnews_single_post":{"subtitle":"","format":"standard","video":"","gallery":"","source_name":"","source_url":"","via_name":"","via_url":"","override_template":"0","override":[{"template":"4","single_blog_custom":"","parallax":"1","fullscreen":"1","layout":"right-sidebar","sidebar":"default-sidebar","second_sidebar":"default-sidebar","sticky_sidebar":"1","share_position":"top","share_float_style":"share-monocrhome","show_share_counter":"1","show_view_counter":"1","show_featured":"1","show_post_meta":"1","show_post_author":"1","show_post_author_image":"1","show_post_date":"1","post_date_format":"default","post_date_format_custom":"Y\/m\/d","show_post_category":"1","show_post_reading_time":"1","post_reading_time_wpm":"300","show_zoom_button":"1","zoom_button_out_step":"2","zoom_button_in_step":"3","show_post_tag":"1","show_prev_next_post":"1","show_popup_post":"1","number_popup_post":"1","show_author_box":"1","show_post_related":"1","show_inline_post_related":"0"}],"override_image_size":"0","image_override":[{"single_post_thumbnail_size":"crop-500","single_post_gallery_size":"crop-500"}],"trending_post":"0","trending_post_position":"meta","trending_post_label":"Trending","sponsored_post":"0","sponsored_post_label":"Sponsored by","sponsored_post_name":"","sponsored_post_url":"","sponsored_post_logo_enable":"0","sponsored_post_logo":"","sponsored_post_desc":"","disable_ad":"0"},"jnews_primary_category":{"id":"","hide":""},"jnews_social_meta":{"fb_title":"","fb_description":"","fb_image":"","twitter_title":"","twitter_description":"","twitter_image":""},"jnews_review":[],"enable_review":"0","type":"percentage","name":"","summary":"","brand":"","sku":"","good":[{"good_text":""}],"bad":[{"bad_text":""}],"score_override":"","override_value":"","rating":[{"rating_text":"","rating_number":"10"}],"price":[{"shop":"","price":"","link":"","icon":""}],"jnews_override_counter":{"override_view_counter":"0","view_counter_number":"0","override_share_counter":"0","share_counter_number":"0","override_like_counter":"0","like_counter_number":"0","override_dislike_counter":"0","dislike_counter_number":"0"},"jnews_post_split":{"enable_post_split":"0","post_split":[{"template":"1","tag":"h2","numbering":"asc","mode":"normal","first":"0","enable_toc":"0","toc_type":"normal"}]},"footnotes":""},"categories":[54],"tags":[283,45,743],"class_list":["post-34860","post","type-post","status-publish","format-standard","has-post-thumbnail","hentry","category-inmigracion","tag-colombia","tag-noticias","tag-venezolanos-en-colombia"],"amp_enabled":true,"_links":{"self":[{"href":"https:\/\/esreviral.com\/index.php?rest_route=\/wp\/v2\/posts\/34860"}],"collection":[{"href":"https:\/\/esreviral.com\/index.php?rest_route=\/wp\/v2\/posts"}],"about":[{"href":"https:\/\/esreviral.com\/index.php?rest_route=\/wp\/v2\/types\/post"}],"author":[{"embeddable":true,"href":"https:\/\/esreviral.com\/index.php?rest_route=\/wp\/v2\/users\/2"}],"replies":[{"embeddable":true,"href":"https:\/\/esreviral.com\/index.php?rest_route=%2Fwp%2Fv2%2Fcomments&post=34860"}],"version-history":[{"count":0,"href":"https:\/\/esreviral.com\/index.php?rest_route=\/wp\/v2\/posts\/34860\/revisions"}],"wp:featuredmedia":[{"embeddable":true,"href":"https:\/\/esreviral.com\/index.php?rest_route=\/wp\/v2\/media\/34861"}],"wp:attachment":[{"href":"https:\/\/esreviral.com\/index.php?rest_route=%2Fwp%2Fv2%2Fmedia&parent=34860"}],"wp:term":[{"taxonomy":"category","embeddable":true,"href":"https:\/\/esreviral.com\/index.php?rest_route=%2Fwp%2Fv2%2Fcategories&post=34860"},{"taxonomy":"post_tag","embeddable":true,"href":"https:\/\/esreviral.com\/index.php?rest_route=%2Fwp%2Fv2%2Ftags&post=34860"}],"curies":[{"name":"wp","href":"https:\/\/api.w.org\/{rel}","templated":true}]}}