{"id":34818,"date":"2023-04-14T10:07:32","date_gmt":"2023-04-14T15:07:32","guid":{"rendered":"https:\/\/esreviral.com\/?p=34818"},"modified":"2023-04-14T10:07:32","modified_gmt":"2023-04-14T15:07:32","slug":"un-policia-mato-a-un-ladron-que-intento-robar-en-un-colectivo","status":"publish","type":"post","link":"https:\/\/esreviral.com\/?p=34818","title":{"rendered":"Un polic\u00eda mat\u00f3 a un ladr\u00f3n que intent\u00f3 robar en un colectivo"},"content":{"rendered":"\n<p>Un oficial de la\u00a0<strong>Polic\u00eda de la Ciudad\u00a0mat\u00f3 este jueves a un ladr\u00f3n que intent\u00f3 robarle\u00a0<\/strong>mientras sub\u00eda a un\u00a0colectivo, en una parada del Metrobus en el Bajo Flores. El delincuente se encontraba junto a un c\u00f3mplice, que logr\u00f3 escapar.\u00a0<\/p>\n\n\n\n<p>El hecho se registr\u00f3 en la noche del jueves en Bonorino y la avenida Fern\u00e1ndez de la Cruz. All\u00ed se encontraba un oficial de la Comisar\u00eda Vecinal 8 A de la Polic\u00eda de la Ciudad, que hab\u00eda terminado de trabajar.<\/p>\n\n\n\n<p>Cerca de las 10 de la noche, mientras esperaba un colectivo de la l\u00ednea 143 en direcci\u00f3n a Pompeya,&nbsp;<strong>dos delincuentes intentaron robarle la mochila cuando sub\u00eda a la unidad que hab\u00eda llegado a la parada.<\/strong><\/p>\n\n\n\n<p>Los ladrones le apuntaron al polic\u00eda mientras intentaban sacarle la mochila. El forcejeo sigui\u00f3 y los tres se bajaron del colectivo. Una vez abajo, el oficial se identific\u00f3 como polic\u00eda y dio la voz de alto.<\/p>\n\n\n\n<p>Seg\u00fan el parte de la polic\u00eda, luego de identificarse realiz\u00f3 dos disparos, uno de los cuales le impact\u00f3 en el delincuente, que cay\u00f3 herido en la d\u00e1rsena.&nbsp;Luego fue trasladado por el SAME al hospital Pi\u00f1ero, donde se constat\u00f3 la muerte.<\/p>\n\n\n\n<p>Tras los disparos, vecinos del barrio se acercaron a la parada y comenzaron a increpar al oficial, que debi\u00f3 ser escoltado por otros compa\u00f1eros de fuerza.&nbsp;<\/p>\n\n\n\n<p>En el lugar se secuestr\u00f3 un Revolver Calibre 32, que iba a ser peritada. El oficial, por su parte, estaba con asistencia&nbsp;del Cuerpo \u00danico de Psic\u00f3logos<\/p>\n\n\n\n<p><strong>El delincuente fallecido contaba con antecedentes penales.&nbsp;<\/strong>Entre otros casos ten\u00eda un robo con tenencia de arma de guerra, en febrero de 2021, y amenazas, en marzo de este a\u00f1o.<\/p>\n\n\n\n<p>El Juzgado Nacional en lo Criminal y Correccional 14, a cargo del Dr. Uniardo, secretar\u00eda 143 del Dr. Segunde, dispuso la intervenci\u00f3n de la Polic\u00eda Federal Argentina y mantener el reguardo del arma.<\/p>\n\n\n\n<p class=\"has-text-align-right\"><strong><em>Clarin.-<\/em><\/strong><\/p>\n","protected":false},"excerpt":{"rendered":"<p>Ocurri\u00f3 en una de las paradas del Metrobus. El oficial dispar\u00f3 dos veces. Otro de los delincuentes logr\u00f3 escapar.<\/p>\n","protected":false},"author":3,"featured_media":34819,"comment_status":"open","ping_status":"closed","sticky":false,"template":"","format":"standard","meta":{"jnews-multi-image_gallery":[],"jnews_single_post":{"subtitle":"","format":"standard","video":"","gallery":"","source_name":"","source_url":"","via_name":"","via_url":"","override_template":"0","override":[{"template":"4","single_blog_custom":"","parallax":"1","fullscreen":"1","layout":"right-sidebar","sidebar":"default-sidebar","second_sidebar":"default-sidebar","sticky_sidebar":"1","share_position":"top","share_float_style":"share-monocrhome","show_share_counter":"1","show_view_counter":"1","show_featured":"1","show_post_meta":"1","show_post_author":"1","show_post_author_image":"1","show_post_date":"1","post_date_format":"default","post_date_format_custom":"Y\/m\/d","show_post_category":"1","show_post_reading_time":"1","post_reading_time_wpm":"300","show_zoom_button":"1","zoom_button_out_step":"2","zoom_button_in_step":"3","show_post_tag":"1","show_prev_next_post":"1","show_popup_post":"1","number_popup_post":"1","show_author_box":"1","show_post_related":"1","show_inline_post_related":"0"}],"override_image_size":"0","image_override":[{"single_post_thumbnail_size":"crop-500","single_post_gallery_size":"crop-500"}],"trending_post":"0","trending_post_position":"meta","trending_post_label":"Trending","sponsored_post":"0","sponsored_post_label":"Sponsored by","sponsored_post_name":"","sponsored_post_url":"","sponsored_post_logo_enable":"0","sponsored_post_logo":"","sponsored_post_desc":"","disable_ad":"0"},"jnews_primary_category":{"id":"","hide":""},"jnews_social_meta":{"fb_title":"","fb_description":"","fb_image":"","twitter_title":"","twitter_description":"","twitter_image":""},"jnews_review":[],"enable_review":"0","type":"percentage","name":"","summary":"","brand":"","sku":"","good":[{"good_text":""}],"bad":[{"bad_text":""}],"score_override":"","override_value":"","rating":[{"rating_text":"","rating_number":"10"}],"price":[{"shop":"","price":"","link":"","icon":""}],"jnews_override_counter":{"override_view_counter":"0","view_counter_number":"0","override_share_counter":"0","share_counter_number":"0","override_like_counter":"0","like_counter_number":"0","override_dislike_counter":"0","dislike_counter_number":"0"},"jnews_post_split":{"enable_post_split":"0","post_split":[{"template":"1","tag":"h2","numbering":"asc","mode":"normal","first":"0","enable_toc":"0","toc_type":"normal"}]},"footnotes":""},"categories":[58,64],"tags":[44,8865,434,8866,45,1469,274],"class_list":["post-34818","post","type-post","status-publish","format-standard","has-post-thumbnail","hentry","category-argentina","category-sucesos","tag-argentina","tag-bajo-flores","tag-flores","tag-metrobus","tag-noticias","tag-policia-de-la-ciudad","tag-transporte-publico"],"amp_enabled":true,"_links":{"self":[{"href":"https:\/\/esreviral.com\/index.php?rest_route=\/wp\/v2\/posts\/34818"}],"collection":[{"href":"https:\/\/esreviral.com\/index.php?rest_route=\/wp\/v2\/posts"}],"about":[{"href":"https:\/\/esreviral.com\/index.php?rest_route=\/wp\/v2\/types\/post"}],"author":[{"embeddable":true,"href":"https:\/\/esreviral.com\/index.php?rest_route=\/wp\/v2\/users\/3"}],"replies":[{"embeddable":true,"href":"https:\/\/esreviral.com\/index.php?rest_route=%2Fwp%2Fv2%2Fcomments&post=34818"}],"version-history":[{"count":0,"href":"https:\/\/esreviral.com\/index.php?rest_route=\/wp\/v2\/posts\/34818\/revisions"}],"wp:featuredmedia":[{"embeddable":true,"href":"https:\/\/esreviral.com\/index.php?rest_route=\/wp\/v2\/media\/34819"}],"wp:attachment":[{"href":"https:\/\/esreviral.com\/index.php?rest_route=%2Fwp%2Fv2%2Fmedia&parent=34818"}],"wp:term":[{"taxonomy":"category","embeddable":true,"href":"https:\/\/esreviral.com\/index.php?rest_route=%2Fwp%2Fv2%2Fcategories&post=34818"},{"taxonomy":"post_tag","embeddable":true,"href":"https:\/\/esreviral.com\/index.php?rest_route=%2Fwp%2Fv2%2Ftags&post=34818"}],"curies":[{"name":"wp","href":"https:\/\/api.w.org\/{rel}","templated":true}]}}