{"id":34730,"date":"2023-04-13T07:45:23","date_gmt":"2023-04-13T12:45:23","guid":{"rendered":"https:\/\/esreviral.com\/?p=34730"},"modified":"2023-04-13T07:45:24","modified_gmt":"2023-04-13T12:45:24","slug":"horror-en-villa-crespo-rescataron-a-23-gatos-de-una-casa-y-hallaron-cuerpos-listos-para-ser-cocinados","status":"publish","type":"post","link":"https:\/\/esreviral.com\/?p=34730","title":{"rendered":"Horror en Villa Crespo: rescataron a 23 gatos de una casa y hallaron cuerpos listos para ser cocinados"},"content":{"rendered":"\n<p>Una situaci\u00f3n que caus\u00f3 horror y de extrema alarma se conoci\u00f3 este mi\u00e9rcoles cuando la Polic\u00eda de la Ciudad ingres\u00f3 a una vivienda del barrio porte\u00f1o de Villa Crespo y se encontr\u00f3 con\u00a0<strong>23 gatos acumulados en mal estado de salud<\/strong>\u00a0y adem\u00e1s cuerpos de distintos\u00a0<strong>felinos congelados en el freezer listos para ser cocinados<\/strong>.<\/p>\n\n\n\n<p>El caso se inici\u00f3 con diversas denuncias de vecinos del mismo edificio damnificados por los olores nauseabundos generados por la acumulaci\u00f3n de gatos y la falta de higiene, adem\u00e1s de la falta de cuidado respecto de los animales.<\/p>\n\n\n\n<p>A partir de la intervenci\u00f3n de la Unidad Fiscal Especializada en Materia Ambiental (UFEMA), a cargo Carlos Rolero Santuri\u00e1n, y la Secretar\u00eda \u00danica del doctor Ricardo Bomparola\u00a0se realiz\u00f3 un allanamiento en una vivienda de la calle Thames al 100, en el barrio de Villa Crespo de esta ciudad, donde se rescataron\u00a0<strong>23 gatos en estado de hacinamiento y con riesgo de zoonosis en el domicilio<\/strong>.<\/p>\n\n\n\n<figure class=\"wp-block-image size-full\"><img fetchpriority=\"high\" decoding=\"async\" width=\"720\" height=\"464\" src=\"https:\/\/esreviral.com\/wp-content\/uploads\/2023\/04\/AnyConv.com__AnyConv.com__vKRHNnAlY_720x0__1.webp\" alt=\"\" class=\"wp-image-34731\" srcset=\"https:\/\/esreviral.com\/wp-content\/uploads\/2023\/04\/AnyConv.com__AnyConv.com__vKRHNnAlY_720x0__1.webp 720w, https:\/\/esreviral.com\/wp-content\/uploads\/2023\/04\/AnyConv.com__AnyConv.com__vKRHNnAlY_720x0__1-300x193.webp 300w\" sizes=\"(max-width: 720px) 100vw, 720px\" \/><\/figure>\n\n\n\n<p><\/p>\n\n\n\n<p>Pero lo que m\u00e1s llam\u00f3 la atenci\u00f3n de los agentes fue que durante la inspecci\u00f3n se hall\u00f3 en el interior del freezer un recipiente pl\u00e1stico que conten\u00eda cuerpos de gatos congelados listos para ser cocinados, como as\u00ed tambi\u00e9n<strong>&nbsp;una olla con restos de los animales que se encontraban en estado de putrefacci\u00f3n<\/strong>.<\/p>\n\n\n\n<p>El procedimiento fue realizado por el Cuerpo de Investigaciones Judiciales, las Divisiones Perros y Delitos Ambientales de la Polic\u00eda de la Ciudad, la Direcci\u00f3n General de Control Ambiental (DGCONTA), la Agencia de Protecci\u00f3n Ambiental (APRA), la Direcci\u00f3n de Higiene Urbana del Gobierno de la ciudad y el SAME Psiqui\u00e1trico.<\/p>\n\n\n\n<figure class=\"wp-block-image size-full\"><img decoding=\"async\" width=\"720\" height=\"488\" src=\"https:\/\/esreviral.com\/wp-content\/uploads\/2023\/04\/AnyConv.com__AnyConv.com__H9vGn4-KE_720x0__1.webp\" alt=\"\" class=\"wp-image-34732\" srcset=\"https:\/\/esreviral.com\/wp-content\/uploads\/2023\/04\/AnyConv.com__AnyConv.com__H9vGn4-KE_720x0__1.webp 720w, https:\/\/esreviral.com\/wp-content\/uploads\/2023\/04\/AnyConv.com__AnyConv.com__H9vGn4-KE_720x0__1-300x203.webp 300w\" sizes=\"(max-width: 720px) 100vw, 720px\" \/><\/figure>\n\n\n\n<p><\/p>\n\n\n\n<p>Asimismo, el personal del SAME determin\u00f3 que la propietaria de los felinos posee un cuadro de psicosis paranoide y descompensaci\u00f3n psic\u00f3tica, por lo que se orden\u00f3 su traslado al Hospital Durand a los fines de ser examinada, y recomendar tratamiento a seguir, en acuerdo con el Gabinete Psiqui\u00e1trico del CIJ.<\/p>\n\n\n\n<p>Con respecto a los seres sintientes, se dispuso el rescate de la totalidad de los gatos y su entrega bajo acta de custodia judicial a diferentes ONG\u00b4S y rescatistas convocados por la UFEMA a participar de la medida.<\/p>\n\n\n\n<figure class=\"wp-block-image size-full\"><img decoding=\"async\" width=\"720\" height=\"485\" src=\"https:\/\/esreviral.com\/wp-content\/uploads\/2023\/04\/AnyConv.com__AnyConv.com__OaqaXTDjY_720x0__1.webp\" alt=\"\" class=\"wp-image-34733\" srcset=\"https:\/\/esreviral.com\/wp-content\/uploads\/2023\/04\/AnyConv.com__AnyConv.com__OaqaXTDjY_720x0__1.webp 720w, https:\/\/esreviral.com\/wp-content\/uploads\/2023\/04\/AnyConv.com__AnyConv.com__OaqaXTDjY_720x0__1-300x202.webp 300w\" sizes=\"(max-width: 720px) 100vw, 720px\" \/><\/figure>\n\n\n\n<p><\/p>\n\n\n\n<p>Finalmente, el fiscal dispuso labrar actas respecto de los felinos hallados y se procedi\u00f3 a desinfectar toda la propiedad por parte del Ente de Higiene Urbana. A su vez, se dispuso establecer una consigna policial en el lugar.<\/p>\n\n\n\n<p class=\"has-text-align-right\"><strong><em>Clarin.-<\/em><\/strong><\/p>\n","protected":false},"excerpt":{"rendered":"<p>El caso se inici\u00f3 tras diversas denuncias de vecinos del mismo edificio que se quejaban por los olores generados por la acumulaci\u00f3n de animales y la falta de higiene.<\/p>\n","protected":false},"author":3,"featured_media":34734,"comment_status":"open","ping_status":"closed","sticky":false,"template":"","format":"standard","meta":{"jnews-multi-image_gallery":[],"jnews_single_post":{"subtitle":"","format":"standard","video":"","gallery":"","source_name":"","source_url":"","via_name":"","via_url":"","override_template":"0","override":[{"template":"4","single_blog_custom":"","parallax":"1","fullscreen":"1","layout":"right-sidebar","sidebar":"default-sidebar","second_sidebar":"default-sidebar","sticky_sidebar":"1","share_position":"top","share_float_style":"share-monocrhome","show_share_counter":"1","show_view_counter":"1","show_featured":"1","show_post_meta":"1","show_post_author":"1","show_post_author_image":"1","show_post_date":"1","post_date_format":"default","post_date_format_custom":"Y\/m\/d","show_post_category":"1","show_post_reading_time":"1","post_reading_time_wpm":"300","show_zoom_button":"1","zoom_button_out_step":"2","zoom_button_in_step":"3","show_post_tag":"1","show_prev_next_post":"1","show_popup_post":"1","number_popup_post":"1","show_author_box":"1","show_post_related":"1","show_inline_post_related":"0"}],"override_image_size":"0","image_override":[{"single_post_thumbnail_size":"crop-500","single_post_gallery_size":"crop-500"}],"trending_post":"0","trending_post_position":"meta","trending_post_label":"Trending","sponsored_post":"0","sponsored_post_label":"Sponsored by","sponsored_post_name":"","sponsored_post_url":"","sponsored_post_logo_enable":"0","sponsored_post_logo":"","sponsored_post_desc":"","disable_ad":"0"},"jnews_primary_category":{"id":"","hide":""},"jnews_social_meta":{"fb_title":"","fb_description":"","fb_image":"","twitter_title":"","twitter_description":"","twitter_image":""},"jnews_review":[],"enable_review":"0","type":"percentage","name":"","summary":"","brand":"","sku":"","good":[{"good_text":""}],"bad":[{"bad_text":""}],"score_override":"","override_value":"","rating":[{"rating_text":"","rating_number":"10"}],"price":[{"shop":"","price":"","link":"","icon":""}],"jnews_override_counter":{"override_view_counter":"0","view_counter_number":"0","override_share_counter":"0","share_counter_number":"0","override_like_counter":"0","like_counter_number":"0","override_dislike_counter":"0","dislike_counter_number":"0"},"jnews_post_split":{"enable_post_split":"0","post_split":[{"template":"1","tag":"h2","numbering":"asc","mode":"normal","first":"0","enable_toc":"0","toc_type":"normal"}]},"footnotes":""},"categories":[58,64],"tags":[44,8799,8798,8800,8796,3764,45,8797,1469,1900],"class_list":["post-34730","post","type-post","status-publish","format-standard","has-post-thumbnail","hentry","category-argentina","category-sucesos","tag-argentina","tag-cuerpos-de-gatos-congelados","tag-falta-de-higiene","tag-gatos","tag-horror-en-villa-crespo","tag-maltrato-animal","tag-noticias","tag-olores-nauseabundos","tag-policia-de-la-ciudad","tag-villa-crespo"],"amp_enabled":true,"_links":{"self":[{"href":"https:\/\/esreviral.com\/index.php?rest_route=\/wp\/v2\/posts\/34730"}],"collection":[{"href":"https:\/\/esreviral.com\/index.php?rest_route=\/wp\/v2\/posts"}],"about":[{"href":"https:\/\/esreviral.com\/index.php?rest_route=\/wp\/v2\/types\/post"}],"author":[{"embeddable":true,"href":"https:\/\/esreviral.com\/index.php?rest_route=\/wp\/v2\/users\/3"}],"replies":[{"embeddable":true,"href":"https:\/\/esreviral.com\/index.php?rest_route=%2Fwp%2Fv2%2Fcomments&post=34730"}],"version-history":[{"count":0,"href":"https:\/\/esreviral.com\/index.php?rest_route=\/wp\/v2\/posts\/34730\/revisions"}],"wp:featuredmedia":[{"embeddable":true,"href":"https:\/\/esreviral.com\/index.php?rest_route=\/wp\/v2\/media\/34734"}],"wp:attachment":[{"href":"https:\/\/esreviral.com\/index.php?rest_route=%2Fwp%2Fv2%2Fmedia&parent=34730"}],"wp:term":[{"taxonomy":"category","embeddable":true,"href":"https:\/\/esreviral.com\/index.php?rest_route=%2Fwp%2Fv2%2Fcategories&post=34730"},{"taxonomy":"post_tag","embeddable":true,"href":"https:\/\/esreviral.com\/index.php?rest_route=%2Fwp%2Fv2%2Ftags&post=34730"}],"curies":[{"name":"wp","href":"https:\/\/api.w.org\/{rel}","templated":true}]}}