{"id":34727,"date":"2023-04-13T07:27:39","date_gmt":"2023-04-13T12:27:39","guid":{"rendered":"https:\/\/esreviral.com\/?p=34727"},"modified":"2023-04-13T07:27:40","modified_gmt":"2023-04-13T12:27:40","slug":"chile-aprueba-la-jornada-laboral-de-40-horas-semanales","status":"publish","type":"post","link":"https:\/\/esreviral.com\/?p=34727","title":{"rendered":"Chile aprueba la jornada laboral de 40 horas semanales"},"content":{"rendered":"\n<p>El<strong>\u00a0Congreso de\u00a0Chile\u00a0aprob\u00f3 la reducci\u00f3n de la jornada laboral de 45 horas a 40 horas semanales.\u00a0<\/strong>De esta forma, el pa\u00eds trasandino se convirti\u00f3 en el segundo pa\u00eds de\u00a0Am\u00e9rica Latina con la semana de trabajo m\u00e1s corta. La otra naci\u00f3n con un r\u00e9gimen similar es Ecuador.\u00a0<a rel=\"noreferrer noopener\" href=\"https:\/\/twitter.com\/intent\/tweet?text=Chile+aprob%C3%B3+reducci%C3%B3n+de+la+jornada+laboral+a+40+horas+semanales&amp;url=https:\/\/www.perfil.com\/noticias\/economia\/chile-aprobo-reduccion-de-la-jornada-laboral-a-40-horas-semanales.phtml\" target=\"_blank\"><\/a><\/p>\n\n\n\n<p>La medida\u00a0<strong>reduce gradualmente las horas<\/strong>\u00a0de trabajo en un plazo de cinco a\u00f1os, de acuerdo a lo informado por BBC. En ese sentido, se determin\u00f3 que, al a\u00f1o de su aplicaci\u00f3n, se reducir\u00e1 la jornada a 44 horas semanales. A los tres a\u00f1os el l\u00edmite ser\u00e1 de 42 horas y al cabo de un lustro se llegar\u00e1 a las 40 horas, que es el tiempo de trabajo recomendado por la\u00a0Organizaci\u00f3n Internacional del Trabajo (OIT).<\/p>\n\n\n\n<p>La ley prev\u00e9 la posibilidad de\u00a0<strong>trabajar cuatro d\u00edas y descansar tres<\/strong>\u00a0(a diferencia de la legislaci\u00f3n actual que obliga a un m\u00ednimo de cinco d\u00edas laborales). Incluso, se contempla la posibilidad de hacer un m\u00e1ximo de<strong>\u00a05 horas extras<\/strong>\u00a0por semana (actualmente se pueden hacer hasta 12 horas extras).<\/p>\n\n\n\n<p>Fabio Bertranou, director de la oficina regional de la OIT en Santiago, detall\u00f3 que se tuvieron en cuenta situaciones especiales para aquellos sectores que requieran&nbsp;jornadas laborales extraordinarias, como el minero o el de transporte.&nbsp;En esos casos se permitir\u00e1 que los empleados hagan jornadas de hasta 52 horas por semana. Esas horas deber\u00e1n ser compensadas con&nbsp;una mayor cantidad de d\u00edas libres.<\/p>\n\n\n\n<p>Tras esta aprobaci\u00f3n,&nbsp;<strong>Chile queda en l\u00ednea con la mayor\u00eda de los otros 38 pa\u00edses de la Organizaci\u00f3n para la Cooperaci\u00f3n y Desarrollo Econ\u00f3mico&nbsp;<\/strong>(<strong>OCDE<\/strong>) donde tambi\u00e9n est\u00e1 vigente la semana laboral de 40 horas.<\/p>\n\n\n\n<p>Las \u00fanicas excepciones son Australia, B\u00e9lgica, Dinamarca, Francia y Pa\u00edses Bajos, donde se trabaja menos de 40 horas, y Alemania, Colombia, Costa Rica, Irlanda, Israel, M\u00e9xico, Reino Unido, Suiza y Turqu\u00eda, donde se trabaja m\u00e1s.<\/p>\n\n\n\n<p><strong><mark style=\"background-color:rgba(0, 0, 0, 0)\" class=\"has-inline-color has-vivid-red-color\">\u00bfQu\u00e9 pasa en la Argentina?<\/mark><\/strong><\/p>\n\n\n\n<p>De acuerdo con informaci\u00f3n provista por la&nbsp;Organizaci\u00f3n Internacional del Trabajo,<strong>&nbsp;Argentina es uno de los pa\u00edses con menos horas promedio semanales trabajadas<\/strong>. Con un total de&nbsp;<strong>36,4 horas semanales promedio<\/strong>, el pa\u00eds tercera, solo por detr\u00e1s de Panam\u00e1 (34,1) y Ecuador (34,5).&nbsp;<\/p>\n\n\n\n<p>Por el contrario,<strong>\u00a0El Salvador es donde m\u00e1s se trabaja con un promedio semanal de 43,5 hora<\/strong>s. Lo siguen Uruguay y M\u00e9xico, ambas con 42,1 horas. El \u00faltimo pa\u00eds con m\u00e1s de 40 horas semanales es Honduras (40,2).<\/p>\n\n\n\n<p class=\"has-text-align-right\"><strong><em>perfil.com.-<\/em><\/strong><\/p>\n","protected":false},"excerpt":{"rendered":"<p>El pa\u00eds trasandino es el segundo pa\u00eds de Am\u00e9rica Latina en tomar esta decisi\u00f3n. La otra naci\u00f3n con un r\u00e9gimen similar es Ecuador. \u00bfCu\u00e1nto se trabaja en Argentina?<\/p>\n","protected":false},"author":3,"featured_media":34728,"comment_status":"open","ping_status":"closed","sticky":false,"template":"","format":"standard","meta":{"jnews-multi-image_gallery":[],"jnews_single_post":{"subtitle":"","format":"standard","video":"","gallery":"","source_name":"","source_url":"","via_name":"","via_url":"","override_template":"0","override":[{"template":"4","single_blog_custom":"","parallax":"1","fullscreen":"1","layout":"right-sidebar","sidebar":"default-sidebar","second_sidebar":"default-sidebar","sticky_sidebar":"1","share_position":"top","share_float_style":"share-monocrhome","show_share_counter":"1","show_view_counter":"1","show_featured":"1","show_post_meta":"1","show_post_author":"1","show_post_author_image":"1","show_post_date":"1","post_date_format":"default","post_date_format_custom":"Y\/m\/d","show_post_category":"1","show_post_reading_time":"1","post_reading_time_wpm":"300","show_zoom_button":"1","zoom_button_out_step":"2","zoom_button_in_step":"3","show_post_tag":"1","show_prev_next_post":"1","show_popup_post":"1","number_popup_post":"1","show_author_box":"1","show_post_related":"1","show_inline_post_related":"0"}],"override_image_size":"0","image_override":[{"single_post_thumbnail_size":"crop-500","single_post_gallery_size":"crop-500"}],"trending_post":"0","trending_post_position":"meta","trending_post_label":"Trending","sponsored_post":"0","sponsored_post_label":"Sponsored by","sponsored_post_name":"","sponsored_post_url":"","sponsored_post_logo_enable":"0","sponsored_post_logo":"","sponsored_post_desc":"","disable_ad":"0"},"jnews_primary_category":{"id":"","hide":""},"jnews_social_meta":{"fb_title":"","fb_description":"","fb_image":"","twitter_title":"","twitter_description":"","twitter_image":""},"jnews_review":[],"enable_review":"0","type":"percentage","name":"","summary":"","brand":"","sku":"","good":[{"good_text":""}],"bad":[{"bad_text":""}],"score_override":"","override_value":"","rating":[{"rating_text":"","rating_number":"10"}],"price":[{"shop":"","price":"","link":"","icon":""}],"jnews_override_counter":{"override_view_counter":"0","view_counter_number":"0","override_share_counter":"0","share_counter_number":"0","override_like_counter":"0","like_counter_number":"0","override_dislike_counter":"0","dislike_counter_number":"0"},"jnews_post_split":{"enable_post_split":"0","post_split":[{"template":"1","tag":"h2","numbering":"asc","mode":"normal","first":"0","enable_toc":"0","toc_type":"normal"}]},"footnotes":""},"categories":[88],"tags":[386,8794,1398,2001,45,6726,8795],"class_list":["post-34727","post","type-post","status-publish","format-standard","has-post-thumbnail","hentry","category-internacionales","tag-chile","tag-congreso-de-chile","tag-empleo","tag-jornada-laboral","tag-noticias","tag-organizacion-internacional-del-trabajo","tag-reduccion-de-la-jornada-laboral"],"amp_enabled":true,"_links":{"self":[{"href":"https:\/\/esreviral.com\/index.php?rest_route=\/wp\/v2\/posts\/34727"}],"collection":[{"href":"https:\/\/esreviral.com\/index.php?rest_route=\/wp\/v2\/posts"}],"about":[{"href":"https:\/\/esreviral.com\/index.php?rest_route=\/wp\/v2\/types\/post"}],"author":[{"embeddable":true,"href":"https:\/\/esreviral.com\/index.php?rest_route=\/wp\/v2\/users\/3"}],"replies":[{"embeddable":true,"href":"https:\/\/esreviral.com\/index.php?rest_route=%2Fwp%2Fv2%2Fcomments&post=34727"}],"version-history":[{"count":0,"href":"https:\/\/esreviral.com\/index.php?rest_route=\/wp\/v2\/posts\/34727\/revisions"}],"wp:featuredmedia":[{"embeddable":true,"href":"https:\/\/esreviral.com\/index.php?rest_route=\/wp\/v2\/media\/34728"}],"wp:attachment":[{"href":"https:\/\/esreviral.com\/index.php?rest_route=%2Fwp%2Fv2%2Fmedia&parent=34727"}],"wp:term":[{"taxonomy":"category","embeddable":true,"href":"https:\/\/esreviral.com\/index.php?rest_route=%2Fwp%2Fv2%2Fcategories&post=34727"},{"taxonomy":"post_tag","embeddable":true,"href":"https:\/\/esreviral.com\/index.php?rest_route=%2Fwp%2Fv2%2Ftags&post=34727"}],"curies":[{"name":"wp","href":"https:\/\/api.w.org\/{rel}","templated":true}]}}