{"id":34699,"date":"2023-04-12T16:31:08","date_gmt":"2023-04-12T21:31:08","guid":{"rendered":"https:\/\/esreviral.com\/?p=34699"},"modified":"2023-04-12T16:31:09","modified_gmt":"2023-04-12T21:31:09","slug":"cerraron-un-local-en-flores-por-incumplir-las-normas-de-seguridad-e-higiene","status":"publish","type":"post","link":"https:\/\/esreviral.com\/?p=34699","title":{"rendered":"Cerraron un local en Flores por incumplir las normas de seguridad e higiene"},"content":{"rendered":"\n<p class=\"has-text-align-center\"><em>La investigaci\u00f3n estuvo a cargo de la Fiscal\u00eda en lo Penal, Contravencional y de Faltas N\u00b0 38, a cargo del Dr. Federico Villalba Diaz.<\/em><\/p>\n\n\n\n<p>Durante la ma\u00f1ana del mi\u00e9rcoles 12 de abril se realiz\u00f3 una inspecci\u00f3n a un comercio ubicado en la calle Bogot\u00e1 al 2500, que se encontraba violando una clausura previa por razones de seguridad e higiene. Por tal motivo, se dispuso su clausura judicial.<\/p>\n\n\n\n<p>La inspecci\u00f3n fue realizada por personal del Cuerpo de Investigaciones Judiciales (CIJ) del Ministerio P\u00fablico Fiscal de la Ciudad, la Divisi\u00f3n Contravenciones y Faltas contra el Orden P\u00fablico de la Polic\u00eda de la Ciudad, junto con la Direcci\u00f3n General de Higiene y Seguridad Alimentaria y la Unidad Operativa de Fiscalizaci\u00f3n Integral del Gobierno de la Ciudad.<\/p>\n\n\n\n<p>En el procedimiento se observ\u00f3 que el establecimiento se encontraba abierto al p\u00fablico y en funcionamiento, vendiendo productos para consumo humano sin estar autorizado para ello y eludiendo el control sobre los mismos por parte de la autoridad sanitaria.<\/p>\n\n\n\n<p>Frente a tales hechos, el fiscal Villalba D\u00edaz orden\u00f3 labrar la correspondiente acta contravencional y dispuso la clausura preventiva e inmediata del local.<\/p>\n\n\n\n<p class=\"has-text-align-right\"><strong><em>Prensa Ministerio P\u00fablico CABA.-<\/em><\/strong><\/p>\n","protected":false},"excerpt":{"rendered":"<p>La investigaci\u00f3n estuvo a cargo de la Fiscal\u00eda en lo Penal, Contravencional y de Faltas N\u00b0 38, a cargo del Dr. Federico Villalba Diaz. Durante la ma\u00f1ana del mi\u00e9rcoles 12 de abril se realiz\u00f3 una inspecci\u00f3n a un comercio ubicado en la calle Bogot\u00e1 al 2500, que se encontraba violando una clausura previa por razones [&hellip;]<\/p>\n","protected":false},"author":2,"featured_media":34701,"comment_status":"open","ping_status":"closed","sticky":false,"template":"","format":"standard","meta":{"jnews-multi-image_gallery":[],"jnews_single_post":{"subtitle":"","format":"standard","video":"","gallery":"","source_name":"","source_url":"","via_name":"","via_url":"","override_template":"0","override":[{"template":"4","single_blog_custom":"","parallax":"1","fullscreen":"1","layout":"right-sidebar","sidebar":"default-sidebar","second_sidebar":"default-sidebar","sticky_sidebar":"1","share_position":"top","share_float_style":"share-monocrhome","show_share_counter":"1","show_view_counter":"1","show_featured":"1","show_post_meta":"1","show_post_author":"1","show_post_author_image":"1","show_post_date":"1","post_date_format":"default","post_date_format_custom":"Y\/m\/d","show_post_category":"1","show_post_reading_time":"1","post_reading_time_wpm":"300","show_zoom_button":"1","zoom_button_out_step":"2","zoom_button_in_step":"3","show_post_tag":"1","show_prev_next_post":"1","show_popup_post":"1","number_popup_post":"1","show_author_box":"1","show_post_related":"1","show_inline_post_related":"0"}],"override_image_size":"0","image_override":[{"single_post_thumbnail_size":"crop-500","single_post_gallery_size":"crop-500"}],"trending_post":"0","trending_post_position":"meta","trending_post_label":"Trending","sponsored_post":"0","sponsored_post_label":"Sponsored by","sponsored_post_name":"","sponsored_post_url":"","sponsored_post_logo_enable":"0","sponsored_post_logo":"","sponsored_post_desc":"","disable_ad":"0"},"jnews_primary_category":{"id":"","hide":""},"jnews_social_meta":{"fb_title":"","fb_description":"","fb_image":"","twitter_title":"","twitter_description":"","twitter_image":""},"jnews_review":[],"enable_review":"0","type":"percentage","name":"","summary":"","brand":"","sku":"","good":[{"good_text":""}],"bad":[{"bad_text":""}],"score_override":"","override_value":"","rating":[{"rating_text":"","rating_number":"10"}],"price":[{"shop":"","price":"","link":"","icon":""}],"jnews_override_counter":{"override_view_counter":"0","view_counter_number":"0","override_share_counter":"0","share_counter_number":"0","override_like_counter":"0","like_counter_number":"0","override_dislike_counter":"0","dislike_counter_number":"0"},"jnews_post_split":{"enable_post_split":"0","post_split":[{"template":"1","tag":"h2","numbering":"asc","mode":"normal","first":"0","enable_toc":"0","toc_type":"normal"}]},"footnotes":""},"categories":[58],"tags":[44,182,45],"class_list":["post-34699","post","type-post","status-publish","format-standard","has-post-thumbnail","hentry","category-argentina","tag-argentina","tag-ministerio-publico","tag-noticias"],"amp_enabled":true,"_links":{"self":[{"href":"https:\/\/esreviral.com\/index.php?rest_route=\/wp\/v2\/posts\/34699"}],"collection":[{"href":"https:\/\/esreviral.com\/index.php?rest_route=\/wp\/v2\/posts"}],"about":[{"href":"https:\/\/esreviral.com\/index.php?rest_route=\/wp\/v2\/types\/post"}],"author":[{"embeddable":true,"href":"https:\/\/esreviral.com\/index.php?rest_route=\/wp\/v2\/users\/2"}],"replies":[{"embeddable":true,"href":"https:\/\/esreviral.com\/index.php?rest_route=%2Fwp%2Fv2%2Fcomments&post=34699"}],"version-history":[{"count":0,"href":"https:\/\/esreviral.com\/index.php?rest_route=\/wp\/v2\/posts\/34699\/revisions"}],"wp:featuredmedia":[{"embeddable":true,"href":"https:\/\/esreviral.com\/index.php?rest_route=\/wp\/v2\/media\/34701"}],"wp:attachment":[{"href":"https:\/\/esreviral.com\/index.php?rest_route=%2Fwp%2Fv2%2Fmedia&parent=34699"}],"wp:term":[{"taxonomy":"category","embeddable":true,"href":"https:\/\/esreviral.com\/index.php?rest_route=%2Fwp%2Fv2%2Fcategories&post=34699"},{"taxonomy":"post_tag","embeddable":true,"href":"https:\/\/esreviral.com\/index.php?rest_route=%2Fwp%2Fv2%2Ftags&post=34699"}],"curies":[{"name":"wp","href":"https:\/\/api.w.org\/{rel}","templated":true}]}}