{"id":34435,"date":"2023-04-06T07:10:08","date_gmt":"2023-04-06T12:10:08","guid":{"rendered":"https:\/\/esreviral.com\/?p=34435"},"modified":"2023-04-06T07:10:10","modified_gmt":"2023-04-06T12:10:10","slug":"detuvieron-a-dos-choferes-por-las-agresiones-al-ministro-de-seguridad","status":"publish","type":"post","link":"https:\/\/esreviral.com\/?p=34435","title":{"rendered":"Detuvieron a dos choferes por las agresiones al Ministro de Seguridad"},"content":{"rendered":"\n<p>Dos participantes de la protesta por el crimen del colectivero Daniel Barrientos en la que fue agredido el ministro de Seguridad bonaerense Sergio Berni fueron detenidos este mi\u00e9rcoles por la noche por orden de la Justicia porte\u00f1a bajo los cargos de atentado contra la autoridad agravado, que prev\u00e9 una pena de entre seis meses a dos a\u00f1os de prisi\u00f3n.<\/p>\n\n\n\n<p>Los detenidos, Jorge Oscar Galiano y Jorge Ezequiel Zerda, ser\u00edan tambi\u00e9n choferes de colectivo y fueron apresados en un procedimiento de la Polic\u00eda de la Ciudad en las \u00faltimas horas del mi\u00e9rcoles por orden de la jueza Luisa Mar\u00eda Escrich, titular del Juzgado en lo Penal, Contravencional y de Faltas de CABA N\u00ba 20.<\/p>\n\n\n\n<p>En la causa, caratulada como \u00abNN s\/ atentado contra la autoridad agravado por poner las manos en la autoridad\u00bb (figura tipificada en el art\u00edculo 238 inciso 4 del C\u00f3digo Penal), interviene el fiscal Carlos Fel Rolero Santurian, de la Fiscal\u00eda Penal, Contravencional y de Faltas N\u00ba 31 de CABA.<\/p>\n\n\n\n<p><strong><em><mark style=\"background-color:rgba(0, 0, 0, 0)\" class=\"has-inline-color has-vivid-red-color\">Lea Tambi\u00e9n: <\/mark><\/em><\/strong><\/p>\n\n\n\n<p>Tras la detenci\u00f3n, Galiano y Zerda fueron trasladados a la sede de la Fiscal\u00eda, ubicada en avenida Paseo Col\u00f3n 1333 piso 7 del distrito porte\u00f1o. <\/p>\n\n\n\n<p>La causa por la cual fueron apresados se inici\u00f3 a partir de una denuncia de la Polic\u00eda de la Ciudad, que el lunes pasado intervino en la manifestaci\u00f3n de los colectiveros con su cuerpo de infanter\u00eda, para llevarse a Berni del lugar.<\/p>\n\n\n\n<p>Hasta ese momento el ministro bonaerense hab\u00eda sido agredido con golpes de pu\u00f1o en la cabeza y piedrazos durante largos minutos sin que ninguna fuerza p\u00fablica interrumpiera la agresi\u00f3n: los golpes le produjeron una fractura en el malar. <\/p>\n\n\n\n<p>Las agresiones ocurrieron el lunes en horas del mediod\u00eda en el cruce de Juan Manuel de Rosas y General Paz, escenario de la protesta de los compa\u00f1eros del colectivero asesinado de la l\u00ednea 620 y un \u00e1mbito cuya jurisdicci\u00f3n le corresponde a la propia Polic\u00eda porte\u00f1a. <\/p>\n\n\n\n<p><strong><em><mark style=\"background-color:rgba(0, 0, 0, 0)\" class=\"has-inline-color has-vivid-red-color\">Lea Tambi\u00e9n: <\/mark><\/em><\/strong>&nbsp;<strong><em><\/em><\/strong><\/p>\n\n\n\n<p>Luego de que Berni y el ministro de Transporte bonaerense Jorge D&#8217;Onofrio dejaran el lugar, ocho efectivos de la Polic\u00eda porte\u00f1a fueron atendidos con lesiones por el Same en raz\u00f3n de los golpes y objetos contundentes arrojados sobre ellos, seg\u00fan dijo el ministro de Justicia y Seguridad porte\u00f1o Eugenio Burzaco.<\/p>\n\n\n\n<p><strong><mark style=\"background-color:rgba(0, 0, 0, 0)\" class=\"has-inline-color has-vivid-red-color\">Las tres instancias de investigaci\u00f3n<\/mark><\/strong><\/p>\n\n\n\n<p>Por otro lado, el propio Berni se hab\u00eda comunicado este mi\u00e9rcoles con el fiscal Fel Rolero Santurian para transmitirle su intenci\u00f3n de impulsar la causa penal que investiga la agresi\u00f3n que sufri\u00f3 en esa jornada, seg\u00fan informaron fuentes del ministerio p\u00fablico porte\u00f1o. <\/p>\n\n\n\n<p>Berni fue convocado para informar si resolv\u00eda continuar o desist\u00eda de la causa penal en su calidad de v\u00edctima, y aunque no asisti\u00f3 por cuestiones de agenda s\u00ed comunic\u00f3 su decisi\u00f3n de impulsar la denuncia. <\/p>\n\n\n\n<p>La causa tramita en el Juzgado en lo Penal, Contravencional y de Faltas porte\u00f1o N\u00ba 20 pero no es la \u00fanica que se inici\u00f3 por las agresiones recibidas por Berni y sus colaboradores. <\/p>\n\n\n\n<p><strong><em><mark>Lea Tambi\u00e9n:<\/mark><\/em><\/strong>&nbsp;<strong><em><\/em><\/strong><\/p>\n\n\n\n<p>Otra denuncia por los mismos hechos, presentada por el ministro de Justicia bonaerense Julio Alak bajo las figuras penales de atentado contra la autoridad, lesiones graves e intimidaci\u00f3n p\u00fablica, qued\u00f3 radicada en el Juzgado Criminal y Correccional N\u00ba 24 de la Capital Federal, a cargo de Alfredo Godoy, con la actuaci\u00f3n de la fiscal Romina Monteleone, titular de la Fiscal\u00eda en lo Criminal y Correccional N\u00ba 37. <\/p>\n\n\n\n<p>Por otro lado, la abogada Valeria Carreras denunci\u00f3 el episodio en el fuero federal de Comodoro Py, donde pidi\u00f3 que se investigue la presunta conexi\u00f3n de sectores pol\u00edticos con las agresiones sufridas por Berni. <\/p>\n\n\n\n<p>Tras el sorteo, esa denuncia qued\u00f3 radicada en el Juzgado Federal N\u00ba 9, que subroga Mar\u00eda Eugenia Capuchetti, mientras que el fiscal ser\u00e1 Carlos Stornelli. <\/p>\n\n\n\n<p><strong><em><mark>Lea Tambi\u00e9n:<\/mark><\/em><\/strong>&nbsp;<strong><em><\/em><\/strong><\/p>\n\n\n\n<p class=\"has-text-align-right\"><strong><em>Telam.-<\/em><\/strong><\/p>\n","protected":false},"excerpt":{"rendered":"<p>Jorge Oscar Galiano y Jorge Ezequiel Zerda fueron apresados por orden del Juzgado en lo Penal, Contravencional y de Faltas N\u00ba 20, en el marco de una denuncia hecha por la Polic\u00eda de la Ciudad. <\/p>\n","protected":false},"author":3,"featured_media":34436,"comment_status":"open","ping_status":"closed","sticky":false,"template":"","format":"standard","meta":{"jnews-multi-image_gallery":[],"jnews_single_post":{"subtitle":"","format":"standard","video":"","gallery":"","source_name":"","source_url":"","via_name":"","via_url":"","override_template":"0","override":[{"template":"4","single_blog_custom":"","parallax":"1","fullscreen":"1","layout":"right-sidebar","sidebar":"default-sidebar","second_sidebar":"default-sidebar","sticky_sidebar":"1","share_position":"top","share_float_style":"share-monocrhome","show_share_counter":"1","show_view_counter":"1","show_featured":"1","show_post_meta":"1","show_post_author":"1","show_post_author_image":"1","show_post_date":"1","post_date_format":"default","post_date_format_custom":"Y\/m\/d","show_post_category":"1","show_post_reading_time":"1","post_reading_time_wpm":"300","show_zoom_button":"1","zoom_button_out_step":"2","zoom_button_in_step":"3","show_post_tag":"1","show_prev_next_post":"1","show_popup_post":"1","number_popup_post":"1","show_author_box":"1","show_post_related":"1","show_inline_post_related":"0"}],"override_image_size":"0","image_override":[{"single_post_thumbnail_size":"crop-500","single_post_gallery_size":"crop-500"}],"trending_post":"0","trending_post_position":"meta","trending_post_label":"Trending","sponsored_post":"0","sponsored_post_label":"Sponsored by","sponsored_post_name":"","sponsored_post_url":"","sponsored_post_logo_enable":"0","sponsored_post_logo":"","sponsored_post_desc":"","disable_ad":"0"},"jnews_primary_category":{"id":"","hide":""},"jnews_social_meta":{"fb_title":"","fb_description":"","fb_image":"","twitter_title":"","twitter_description":"","twitter_image":""},"jnews_review":[],"enable_review":"0","type":"percentage","name":"","summary":"","brand":"","sku":"","good":[{"good_text":""}],"bad":[{"bad_text":""}],"score_override":"","override_value":"","rating":[{"rating_text":"","rating_number":"10"}],"price":[{"shop":"","price":"","link":"","icon":""}],"jnews_override_counter":{"override_view_counter":"0","view_counter_number":"0","override_share_counter":"0","share_counter_number":"0","override_like_counter":"0","like_counter_number":"0","override_dislike_counter":"0","dislike_counter_number":"0"},"jnews_post_split":{"enable_post_split":"0","post_split":[{"template":"1","tag":"h2","numbering":"asc","mode":"normal","first":"0","enable_toc":"0","toc_type":"normal"}]},"footnotes":""},"categories":[58,59],"tags":[44,8626,1867,8625,8627,45,4039,363,4858],"class_list":["post-34435","post","type-post","status-publish","format-standard","has-post-thumbnail","hentry","category-argentina","category-politica","tag-argentina","tag-carlos-stornelli","tag-ciudad-autonoma-de-buenos-aires","tag-julio-alak","tag-maria-eugenia-capuchetti","tag-noticias","tag-policia-de-la-ciudad-3","tag-provincia-de-buenos-aires","tag-sergio-berni"],"amp_enabled":true,"_links":{"self":[{"href":"https:\/\/esreviral.com\/index.php?rest_route=\/wp\/v2\/posts\/34435"}],"collection":[{"href":"https:\/\/esreviral.com\/index.php?rest_route=\/wp\/v2\/posts"}],"about":[{"href":"https:\/\/esreviral.com\/index.php?rest_route=\/wp\/v2\/types\/post"}],"author":[{"embeddable":true,"href":"https:\/\/esreviral.com\/index.php?rest_route=\/wp\/v2\/users\/3"}],"replies":[{"embeddable":true,"href":"https:\/\/esreviral.com\/index.php?rest_route=%2Fwp%2Fv2%2Fcomments&post=34435"}],"version-history":[{"count":0,"href":"https:\/\/esreviral.com\/index.php?rest_route=\/wp\/v2\/posts\/34435\/revisions"}],"wp:featuredmedia":[{"embeddable":true,"href":"https:\/\/esreviral.com\/index.php?rest_route=\/wp\/v2\/media\/34436"}],"wp:attachment":[{"href":"https:\/\/esreviral.com\/index.php?rest_route=%2Fwp%2Fv2%2Fmedia&parent=34435"}],"wp:term":[{"taxonomy":"category","embeddable":true,"href":"https:\/\/esreviral.com\/index.php?rest_route=%2Fwp%2Fv2%2Fcategories&post=34435"},{"taxonomy":"post_tag","embeddable":true,"href":"https:\/\/esreviral.com\/index.php?rest_route=%2Fwp%2Fv2%2Ftags&post=34435"}],"curies":[{"name":"wp","href":"https:\/\/api.w.org\/{rel}","templated":true}]}}