{"id":34414,"date":"2023-04-05T13:53:56","date_gmt":"2023-04-05T18:53:56","guid":{"rendered":"https:\/\/esreviral.com\/?p=34414"},"modified":"2023-04-05T14:16:54","modified_gmt":"2023-04-05T19:16:54","slug":"enfotos-asi-fue-la-misa-del-nazareno-de-de-los-migrantes","status":"publish","type":"post","link":"https:\/\/esreviral.com\/?p=34414","title":{"rendered":"#ENFOTOS As\u00ed fue la misa del Nazareno de de los Migrantes"},"content":{"rendered":"\n<p>Cientos de feligreses se acercaron a la parroquia Caacup\u00e9 de Buenos Aires para la celebraci\u00f3n de la misa del Nazareno de San Pablo de los migrantes que se realiz\u00f3 este mi\u00e9rcoles santo en horas de la ma\u00f1ana. <\/p>\n\n\n\n<p>El padre Eusebio Hern\u00e1ndez, p\u00e1rroco de la iglesia ofici\u00f3 la misa en la que destac\u00f3 la presencia de los migrantes de distintas nacionalidades. <\/p>\n\n\n\n<p>Muchos de los presentes, como parte de las promesas, usaron la t\u00fanica morada en honor al santo. <\/p>\n\n\n\n<p>A partir de las 08:00 p.m, ser\u00e1 la misa central y una hora despu\u00e9s una procesi\u00f3n con el Nazareno<\/p>\n\n\n\n<figure class=\"wp-block-image size-large\"><img fetchpriority=\"high\" decoding=\"async\" width=\"768\" height=\"1024\" src=\"https:\/\/esreviral.com\/wp-content\/uploads\/2023\/04\/6fe70ec1-4274-429e-90b9-36e53a412ca6-768x1024.webp\" alt=\"\" class=\"wp-image-34417\" srcset=\"https:\/\/esreviral.com\/wp-content\/uploads\/2023\/04\/6fe70ec1-4274-429e-90b9-36e53a412ca6-768x1024.webp 768w, https:\/\/esreviral.com\/wp-content\/uploads\/2023\/04\/6fe70ec1-4274-429e-90b9-36e53a412ca6-225x300.webp 225w, https:\/\/esreviral.com\/wp-content\/uploads\/2023\/04\/6fe70ec1-4274-429e-90b9-36e53a412ca6-1152x1536.webp 1152w, https:\/\/esreviral.com\/wp-content\/uploads\/2023\/04\/6fe70ec1-4274-429e-90b9-36e53a412ca6-750x1000.webp 750w, https:\/\/esreviral.com\/wp-content\/uploads\/2023\/04\/6fe70ec1-4274-429e-90b9-36e53a412ca6-1140x1520.webp 1140w, https:\/\/esreviral.com\/wp-content\/uploads\/2023\/04\/6fe70ec1-4274-429e-90b9-36e53a412ca6.webp 1200w\" sizes=\"(max-width: 768px) 100vw, 768px\" \/><\/figure>\n\n\n\n<figure class=\"wp-block-image size-full\"><img decoding=\"async\" width=\"828\" height=\"598\" src=\"https:\/\/esreviral.com\/wp-content\/uploads\/2023\/04\/f7a48391-92aa-447c-a416-76586159f0a2.webp\" alt=\"\" class=\"wp-image-34418\" srcset=\"https:\/\/esreviral.com\/wp-content\/uploads\/2023\/04\/f7a48391-92aa-447c-a416-76586159f0a2.webp 828w, https:\/\/esreviral.com\/wp-content\/uploads\/2023\/04\/f7a48391-92aa-447c-a416-76586159f0a2-300x217.webp 300w, https:\/\/esreviral.com\/wp-content\/uploads\/2023\/04\/f7a48391-92aa-447c-a416-76586159f0a2-768x555.webp 768w, https:\/\/esreviral.com\/wp-content\/uploads\/2023\/04\/f7a48391-92aa-447c-a416-76586159f0a2-120x86.webp 120w, https:\/\/esreviral.com\/wp-content\/uploads\/2023\/04\/f7a48391-92aa-447c-a416-76586159f0a2-750x542.webp 750w\" sizes=\"(max-width: 828px) 100vw, 828px\" \/><\/figure>\n","protected":false},"excerpt":{"rendered":"<p>Cientos de feligreses se acercaron a la parroquia Caacup\u00e9 de Buenos Aires para la celebraci\u00f3n de la misa del Nazareno de San Pablo de los migrantes que se realiz\u00f3 este mi\u00e9rcoles santo en horas de la ma\u00f1ana. El padre Eusebio Hern\u00e1ndez, p\u00e1rroco de la iglesia ofici\u00f3 la misa en la que destac\u00f3 la presencia de [&hellip;]<\/p>\n","protected":false},"author":2,"featured_media":34415,"comment_status":"open","ping_status":"closed","sticky":false,"template":"","format":"standard","meta":{"jnews-multi-image_gallery":[],"jnews_single_post":{"subtitle":"","format":"standard","video":"","gallery":"","source_name":"","source_url":"","via_name":"","via_url":"","override_template":"0","override":[{"template":"4","single_blog_custom":"","parallax":"1","fullscreen":"1","layout":"right-sidebar","sidebar":"default-sidebar","second_sidebar":"default-sidebar","sticky_sidebar":"1","share_position":"top","share_float_style":"share-monocrhome","show_share_counter":"1","show_view_counter":"1","show_featured":"1","show_post_meta":"1","show_post_author":"1","show_post_author_image":"1","show_post_date":"1","post_date_format":"default","post_date_format_custom":"Y\/m\/d","show_post_category":"1","show_post_reading_time":"1","post_reading_time_wpm":"300","show_zoom_button":"1","zoom_button_out_step":"2","zoom_button_in_step":"3","show_post_tag":"1","show_prev_next_post":"1","show_popup_post":"1","number_popup_post":"1","show_author_box":"1","show_post_related":"1","show_inline_post_related":"0"}],"override_image_size":"0","image_override":[{"single_post_thumbnail_size":"crop-500","single_post_gallery_size":"crop-500"}],"trending_post":"0","trending_post_position":"meta","trending_post_label":"Trending","sponsored_post":"0","sponsored_post_label":"Sponsored by","sponsored_post_name":"","sponsored_post_url":"","sponsored_post_logo_enable":"0","sponsored_post_logo":"","sponsored_post_desc":"","disable_ad":"0"},"jnews_primary_category":{"id":"","hide":""},"jnews_social_meta":{"fb_title":"","fb_description":"","fb_image":"","twitter_title":"","twitter_description":"","twitter_image":""},"jnews_review":[],"enable_review":"0","type":"percentage","name":"","summary":"","brand":"","sku":"","good":[{"good_text":""}],"bad":[{"bad_text":""}],"score_override":"","override_value":"","rating":[{"rating_text":"","rating_number":"10"}],"price":[{"shop":"","price":"","link":"","icon":""}],"jnews_override_counter":{"override_view_counter":"0","view_counter_number":"0","override_share_counter":"0","share_counter_number":"0","override_like_counter":"0","like_counter_number":"0","override_dislike_counter":"0","dislike_counter_number":"0"},"jnews_post_split":{"enable_post_split":"0","post_split":[{"template":"1","tag":"h2","numbering":"asc","mode":"normal","first":"0","enable_toc":"0","toc_type":"normal"}]},"footnotes":""},"categories":[43,5892],"tags":[1782,45,676,67],"class_list":["post-34414","post","type-post","status-publish","format-standard","has-post-thumbnail","hentry","category-actualidad","category-venezolanos-en-argentina","tag-nazareno-de-los-migrantes","tag-noticias","tag-semana-santa","tag-venezolanos-en-argentina"],"amp_enabled":true,"_links":{"self":[{"href":"https:\/\/esreviral.com\/index.php?rest_route=\/wp\/v2\/posts\/34414"}],"collection":[{"href":"https:\/\/esreviral.com\/index.php?rest_route=\/wp\/v2\/posts"}],"about":[{"href":"https:\/\/esreviral.com\/index.php?rest_route=\/wp\/v2\/types\/post"}],"author":[{"embeddable":true,"href":"https:\/\/esreviral.com\/index.php?rest_route=\/wp\/v2\/users\/2"}],"replies":[{"embeddable":true,"href":"https:\/\/esreviral.com\/index.php?rest_route=%2Fwp%2Fv2%2Fcomments&post=34414"}],"version-history":[{"count":0,"href":"https:\/\/esreviral.com\/index.php?rest_route=\/wp\/v2\/posts\/34414\/revisions"}],"wp:featuredmedia":[{"embeddable":true,"href":"https:\/\/esreviral.com\/index.php?rest_route=\/wp\/v2\/media\/34415"}],"wp:attachment":[{"href":"https:\/\/esreviral.com\/index.php?rest_route=%2Fwp%2Fv2%2Fmedia&parent=34414"}],"wp:term":[{"taxonomy":"category","embeddable":true,"href":"https:\/\/esreviral.com\/index.php?rest_route=%2Fwp%2Fv2%2Fcategories&post=34414"},{"taxonomy":"post_tag","embeddable":true,"href":"https:\/\/esreviral.com\/index.php?rest_route=%2Fwp%2Fv2%2Ftags&post=34414"}],"curies":[{"name":"wp","href":"https:\/\/api.w.org\/{rel}","templated":true}]}}